{"id":20700,"date":"2025-08-28T18:56:22","date_gmt":"2025-08-28T18:56:22","guid":{"rendered":"https:\/\/www.europesays.com\/no\/20700\/"},"modified":"2025-08-28T18:56:22","modified_gmt":"2025-08-28T18:56:22","slug":"kommentar-stortingsvalget-2025-alle-vil-ha-jonas","status":"publish","type":"post","link":"https:\/\/www.europesays.com\/no\/20700\/","title":{"rendered":"Kommentar, Stortingsvalget 2025 | \u00abAlle\u00bb vil ha Jonas"},"content":{"rendered":"\n<p>Kommentarfeltene fylles daglig med svart agg mot Arbeiderpartiets leder. Noe kan forklares med at Jonas Gahr St\u00f8re er landets statsminister, og makt forplikter. N\u00e5r enkelte opplever at disse forpliktelsene ikke blir oppfylt, reagerer de der de kan.<\/p>\n<p>Ofte reagerer folk s\u00e5 uelegant som bare frustrerte mennesker som opplever avmakt kan reagere.<\/p>\n<p>Men en god del av kommentarene mot Arbeiderpartiet er <a href=\"https:\/\/www.aftenposten.no\/amagasinet\/i\/zL1RRO\/fire-grunner-til-at-hatretorikken-og-konspirasjonene-rettes-mot-arbeiderpartiet\" rel=\"nofollow noopener\" target=\"_blank\">organisert hat.<\/a><\/p>\n<p><b>Makt gj\u00f8r mektige folk utsatt. Selv om Erna Solberg har f\u00e5tt en del tyn for Sindre Finnes sine aksjekj\u00f8p, i den sure sumpen som er sosiale medier, er hun sjeldent lagt for \u00e5penlyst hat. <\/b><\/p>\n<p>De rene hatkampanjene har s\u00e6rlig Arbeiderpartiet v\u00e6rt et m\u00e5lskive for.<\/p>\n<p>Det er h\u00f8yreekstreme som titt og ofte starter ballet. Et kakofoni av \u00f8vrige troll og alminnelige avmektige folk hiver seg med, og skaper et fellesskap av misn\u00f8ye.<\/p>\n<p><b>Ingenting er s\u00e5 usjarmerende som folk som koser seg med misn\u00f8ye p\u00e5 sosiale medier.<\/b><\/p>\n<p>Ingenting er s\u00e5 misvisende heller.<\/p>\n<p>For Jonas Gahr St\u00f8re er godt likt, if\u00f8lge meningsm\u00e5lingene.<\/p>\n<p>N\u00e6r halvparten av de spurte i VG og Aftenpostens nye statsministerm\u00e5ling \u00f8nsker at han skal fortsette som statsminister.<\/p>\n<p><b>Han \u00f8ker ledelsen fra 45 til 46 prosent fra <a href=\"https:\/\/www.vg.no\/nyheter\/i\/alAO0d\/ny-statsministermaaling-jonas-gahr-stoere-oeker-ledelsen\" rel=\"nofollow noopener\" target=\"_blank\">VGs forrige<\/a> statsministerm\u00e5ling, som viste den samme trenden. Da gjorde St\u00f8re det bedre enn Solberg og Listhaug. Til sammen. <\/b><\/p>\n<p>  <a href=\"https:\/\/www.nordnorskdebatt.no\/5-124-384412\" class=\"related-teaser has-image default-opinion-teaser article--c-eRUmMG article--c-eRUmMG-jKCPdD-design-default\" rel=\"nofollow noopener\" target=\"_blank\"><\/p>\n<p>    <img decoding=\"async\" loading=\"lazy\"  src=\"https:\/\/www.europesays.com\/no\/wp-content\/uploads\/2025\/08\/NTB_o0-1OoU3pkM.jpg\" alt=\"\" class=\"brick-c-cFOWSL\" style=\"\"\/><\/p>\n<p>\n            Les ogs\u00e5<\/p>\n<p>              Nord-Norge ser R\u00f8dt\n        <\/p>\n<p>  <\/a><\/p>\n<p>Erna Solberg er fremdeles mer popul\u00e6r som statsministerkandidat enn Sylvi Listhaug, selv om Frp gj\u00f8r det betydelig bedre enn H\u00f8yre p\u00e5 meningsm\u00e5lingene.<\/p>\n<p>Men det er bare Frp velgerne som vil ha Listhaug som statsminister.<\/p>\n<p>KrF velgerne er litt p\u00e5 gli, men vil fortsatt helst ha Erna. Kun tre prosent av Venstres velgere vil ha Sylvi. En tredjedel vil heller ha Jonas!<\/p>\n<p>Det er deilig \u00e5 v\u00e6re popul\u00e6r. N\u00e5r man er popul\u00e6r flyter alt som silke over glass. Det s\u00e5 man ogs\u00e5 under NRKs folkem\u00f8te med statsministerkandidatene p\u00e5 onsdag.<\/p>\n<p><b>Jonas Gahr St\u00f8re var den voksne i huset. Han tok alle sp\u00f8rsm\u00e5l og krav fra utsp\u00f8rrerne p\u00e5 strak arm. Han sa nei til en del krav ogs\u00e5. Mildt formanende, uten at det kostet ham en dr\u00e5pe svette.<\/b><\/p>\n<p>For det var et umodent par som sm\u00e5kjeklet p\u00e5 motsatt side av det politiske skillet. Sylvi Listhaugs inn\u00f8vde budskap begynner \u00e5 h\u00f8res slitent ut. Hun klarer ikke \u00e5 omstille seg raskt nok til \u00e5 snakke med trygghet om annen politikk enn det hun har \u00f8vd p\u00e5.<\/p>\n<p>Solberg p\u00e5 sin side er b\u00e5de trygg og god i rollen, eier politikken og er snarr\u00e5dig i m\u00f8te med vanskelige sp\u00f8rsm\u00e5l. Hun er den eneste p\u00e5 borgerlig side som kan konkurrere med St\u00f8res statsmanns-image. Solberg var endelig tydelig p\u00e5 at hun er den eneste reelle statsministerkandidaten for de borgerlige.<\/p>\n<p>Dessverre skjer det lovlig sent.<\/p>\n<p>  <a href=\"https:\/\/www.nordnorskdebatt.no\/5-124-384558\" class=\"related-teaser has-image default-opinion-teaser article--c-eRUmMG article--c-eRUmMG-jKCPdD-design-default\" rel=\"nofollow noopener\" target=\"_blank\"><\/p>\n<p>    <img decoding=\"async\" loading=\"lazy\"  src=\"https:\/\/www.europesays.com\/no\/wp-content\/uploads\/2025\/08\/1756407381_865_NTB_wrY07CMu8yI.jpg\" alt=\"\" class=\"brick-c-cFOWSL\" style=\"\"\/><\/p>\n<p>\n            Les ogs\u00e5<\/p>\n<p>              Lover 300 millioner i helsekutt\n        <\/p>\n<p>  <\/a><\/p>\n<p><b>H\u00f8yre syns det er dumt at Listhaug ikke vil trekke seg som statsministerkandidat. Det bruker begge kandidater litt for mye tid p\u00e5 under folkem\u00f8tet. Det blir kleint, som \u00e5 v\u00e6re vitne til krangel mellom ektefolk. <\/b><\/p>\n<p>Men H\u00f8yre har ingen andre \u00e5 skylde p\u00e5 enn seg selv. Det var Erna Solberg som tidligere i \u00e5r \u00e5pnet opp for spekulasjoner om sin egen rolle i en borgerlig regjering. Hun sa i Politisk kvarter at hun var komfortabel med \u00e5 v\u00e6re en eller annen minister.<\/p>\n<p>Det er ikke slik en leder en mangslungen borgerlig flokk.<\/p>\n<p>Folk skal stemme p\u00e5 politikken til partiene, f\u00f8rst og fremst. Men et stortingsvalg er personvalg i mye st\u00f8rre grad enn kommune- og fylkestingsvalg. Statsministerkandidatene og partilederne er konstant i monitor.<\/p>\n<p>S\u00e6rlig under dette valget har det v\u00e6rt lite rom for andre. Det p\u00e5virker velgerne.<\/p>\n<p>  <a href=\"https:\/\/www.nordnorskdebatt.no\/5-124-381526\" class=\"related-teaser has-image default-opinion-teaser article--c-eRUmMG article--c-eRUmMG-jKCPdD-design-default\" rel=\"nofollow noopener\" target=\"_blank\"><\/p>\n<p>    <img decoding=\"async\" loading=\"lazy\"  src=\"https:\/\/www.europesays.com\/no\/wp-content\/uploads\/2025\/08\/nndb_379.bin\" alt=\"\" class=\"brick-c-cFOWSL\" style=\"\"\/><\/p>\n<p>\n            Les ogs\u00e5<\/p>\n<p>              6,5 prosent stemmer p\u00e5 \u00abde andre\u00bb\n        <\/p>\n<p>  <\/a><\/p>\n<p><b>Solberg og Listhaug pekte under folkem\u00f8tet stadig p\u00e5 kaos p\u00e5 venstresiden. En psykolog ville kalt det for projeksjon. Det er en forsvarsmekanisme hvor en tillegger andre motiver eller egenskaper man selv har, men som man benekter hos seg selv.<\/b><\/p>\n<p>Tvert imot fremsto St\u00f8re som en kroppsliggj\u00f8ring av Arbeiderpartiets slagord. Trygghet for fremtiden! I motsetning til Listhaug og Solberg, hadde han ingen potensielle samarbeidspartnere som stadig glefset etter akillesen.<\/p>\n<p>Meningsm\u00e5linger viser at valget blir en close race. Borgerlig side kan vinne om H\u00f8yre f\u00e5r medvind i sluttspurten.<\/p>\n<p>Men det betyr at Solberg m\u00e5 stole p\u00e5 en solid dose flaks.<\/p>\n<p>Mens Jonas Gahr St\u00f8re bare trenger seig utholdenhet.<\/p>\n<p><b>Ingenting er avgjort enn\u00e5. Men St\u00f8re er den seigeste ut\u00f8veren av dem alle.<\/b><\/p>\n","protected":false},"excerpt":{"rendered":"Kommentarfeltene fylles daglig med svart agg mot Arbeiderpartiets leder. Noe kan forklares med at Jonas Gahr St\u00f8re er&hellip;\n","protected":false},"author":2,"featured_media":20701,"comment_status":"","ping_status":"","sticky":false,"template":"","format":"standard","meta":{"footnotes":""},"categories":[10],"tags":[499,36,20,21,327,24,25,680,15,762,201,266,22,23,13,30,28,29,14,1533,16,475,200,26,27],"class_list":{"0":"post-20700","1":"post","2":"type-post","3":"status-publish","4":"format-standard","5":"has-post-thumbnail","7":"category-norge","8":"tag-arbeiderpartiet","9":"tag-art","10":"tag-breaking-news","11":"tag-breakingnews","12":"tag-erna-solberg","13":"tag-featured-news","14":"tag-featurednews","15":"tag-frp","16":"tag-headlines","17":"tag-hoyre","18":"tag-jonas-gahr-store","19":"tag-kommentar","20":"tag-latest-news","21":"tag-latestnews","22":"tag-news","23":"tag-no","24":"tag-norge","25":"tag-norway","26":"tag-nyheter","27":"tag-opinion","28":"tag-overskrifter","29":"tag-stortingsvalget-2025","30":"tag-sylvi-listhaug","31":"tag-top-stories","32":"tag-topstories"},"share_on_mastodon":{"url":"","error":""},"_links":{"self":[{"href":"https:\/\/www.europesays.com\/no\/wp-json\/wp\/v2\/posts\/20700","targetHints":{"allow":["GET"]}}],"collection":[{"href":"https:\/\/www.europesays.com\/no\/wp-json\/wp\/v2\/posts"}],"about":[{"href":"https:\/\/www.europesays.com\/no\/wp-json\/wp\/v2\/types\/post"}],"author":[{"embeddable":true,"href":"https:\/\/www.europesays.com\/no\/wp-json\/wp\/v2\/users\/2"}],"replies":[{"embeddable":true,"href":"https:\/\/www.europesays.com\/no\/wp-json\/wp\/v2\/comments?post=20700"}],"version-history":[{"count":0,"href":"https:\/\/www.europesays.com\/no\/wp-json\/wp\/v2\/posts\/20700\/revisions"}],"wp:featuredmedia":[{"embeddable":true,"href":"https:\/\/www.europesays.com\/no\/wp-json\/wp\/v2\/media\/20701"}],"wp:attachment":[{"href":"https:\/\/www.europesays.com\/no\/wp-json\/wp\/v2\/media?parent=20700"}],"wp:term":[{"taxonomy":"category","embeddable":true,"href":"https:\/\/www.europesays.com\/no\/wp-json\/wp\/v2\/categories?post=20700"},{"taxonomy":"post_tag","embeddable":true,"href":"https:\/\/www.europesays.com\/no\/wp-json\/wp\/v2\/tags?post=20700"}],"curies":[{"name":"wp","href":"https:\/\/api.w.org\/{rel}","templated":true}]}}