{"id":207229,"date":"2026-04-07T17:10:41","date_gmt":"2026-04-07T17:10:41","guid":{"rendered":"https:\/\/www.europesays.com\/no\/207229\/"},"modified":"2026-04-07T17:10:41","modified_gmt":"2026-04-07T17:10:41","slug":"f-16-gaven-til-ukraina-endte-opp-i-belgia","status":"publish","type":"post","link":"https:\/\/www.europesays.com\/no\/207229\/","title":{"rendered":"F\u201316 gaven til Ukraina: Endte opp i Belgia"},"content":{"rendered":"\n<p class=\"_lead_145nj_2 _lead_6fko5_53 layout-component text-serif-m layout-normal text-serif-l layout-component layout-wide layout-padded _wide_17hqh_1 layout-padded\">Ingen av F-16 kampflyene som Norge har gitt til Ukraina, var i flydyktig stand. To og et halvt \u00e5r etter at regjeringen \u00abdonerte\u00bb kampfly til Ukraina. st\u00e5r de fortsatt p\u00e5 et flyverksted i Belgia. <\/p>\n<p><img alt=\"FLYR IKKE: Et norsk F-16 kampfly, under take-off fra Bod\u00f8 flystasjon i 2019.  Foto: Terje Bringedal \/ VG\" class=\"_image_jw3bv_65 layout-component layout-wide\" data-fullscreen- data-track-element-type=\"Article image fullscreen\" data-track-name=\"ImageFullscreen\" fetchpriority=\"high\" decoding=\"sync\" loading=\"eager\" height=\"870\" itemprop=\"image\"  src=\"https:\/\/www.europesays.com\/no\/wp-content\/uploads\/2026\/04\/e790c636-5c16-431b-822c-0f11c49286b3.jpeg\"  style=\"object-position:0% 0%\" width=\"1402\"\/>FLYR IKKE: Et norsk F-16 kampfly, under take-off fra Bod\u00f8 flystasjon i 2019.  Foto: Terje Bringedal \/ VG<\/p>\n<ul aria-hidden=\"true\" class=\"_images_ntbth_112\">\n<li><a class=\"_link_ntbth_117\" href=\"https:\/\/www.vg.no\/forfatter\/alf-bjarne-johnsen\" style=\"z-index:1\" title=\"Alf Bjarne Johnsen\" rel=\"nofollow noopener\" target=\"_blank\"><img alt=\"Bilde av Alf Bjarne Johnsen\" class=\"_image_ntbth_93\" fetchpriority=\"low\" loading=\"lazy\" decoding=\"async\" itemprop=\"image\"  src=\"https:\/\/www.europesays.com\/no\/wp-content\/uploads\/2026\/04\/a8952b63-f4d3-424e-ab5c-93e67076c9b0.jpeg\"  width=\"480\"\/><\/a><\/li>\n<\/ul>\n<p> Oppdatert tirsdag 7. april kl. 16:40     <\/p>\n<p class=\"_paragraph_145nj_4 _paragraph_6fko5_10 layout-component text-serif-m layout-normal text-serif-m layout-padded\">Forsvarsminister Tore O. Sandvik (Ap) bekrefter n\u00e5 overfor VG at ingen av de norske flyene er tatt i bruk av det ukrainske flyv\u00e5penet. <\/p>\n<p class=\"_paragraph_145nj_4 _paragraph_6fko5_10 layout-component text-serif-m layout-normal text-serif-m layout-padded\"><strong class=\"_strong_145nj_25\">\u00abFlyene er per tid til klargj\u00f8ring hos Sabena i Belgia\u00bb, skriver Sandvik i en epost.<\/strong><\/p>\n<p class=\"_paragraph_145nj_4 _paragraph_6fko5_10 layout-component text-serif-m layout-normal text-serif-m layout-padded\">Det var statsminister Jonas Gahr St\u00f8re (Ap) som selv offentliggjorde beslutningen om \u00e5 donere noen av de norske kampflyene til <a href=\"https:\/\/www.vg.no\/tag\/ukraina?utm_source=vg-article&amp;utm_medium=auto-tagger&amp;utm_campaign=JOOKnJ\" class=\"_link_145nj_39\" rel=\"nofollow noopener\" target=\"_blank\">Ukraina<\/a>. <\/p>\n<p class=\"_paragraph_145nj_4 _paragraph_6fko5_10 layout-component text-serif-m layout-normal text-serif-m layout-padded\">St\u00f8re var til stede under Ukrainas frigj\u00f8ringsdag i Kyiv i august 2023, der han varslet at Ukraina ville f\u00e5 F-16 fly fra Norge. <\/p>\n<p class=\"_paragraph_145nj_4 _paragraph_6fko5_10 layout-component text-serif-m layout-normal text-serif-m layout-padded\">I juli 2024, under Natos toppm\u00f8te i Washington, <a href=\"https:\/\/www.vg.no\/nyheter\/i\/1M5lXQ\/ukraina-faar-seks-f-16-kampfly-fra-norge\" data-track-element-type=\"Link\" data-track-id=\"link:1M5lXQ\" class=\"_link_145nj_39\" rel=\"nofollow noopener\" target=\"_blank\">varslet St\u00f8re at Norge ville gi Ukraina seks kampfly. <\/a>Luftforsvaret satte F-16 fl\u00e5ten p\u00e5 bakken i 2021 etter at det nye kampflyet F-35 var tatt i bruk. <\/p>\n<p class=\"_paragraph_145nj_4 _paragraph_6fko5_10 layout-component text-serif-m layout-normal text-serif-m layout-padded\"> P\u00e5 sp\u00f8rsm\u00e5l fra VG om hvorfor Norge bidro med et lavere antall enn mange andre Nato-land, svarte St\u00f8re slik:<\/p>\n<p class=\"_paragraph_145nj_4 _paragraph_6fko5_10 layout-component text-serif-m layout-normal text-serif-m layout-padded\"><strong class=\"_strong_145nj_25\">\u2013 Hvis vi skal gi fly videre, m\u00e5 det v\u00e6re fly som har alle kapasiteter til \u00e5 fungere. De skal v\u00e6re relevante for Ukrainas behov. Da er vi trygge p\u00e5 at seks av de flyene lever opp til de kravene som stilles, sa St\u00f8re til VG i juli 2024. <\/strong><\/p>\n<p><img alt=\"ST\u00c5R P\u00c5 BAKKEN: Statsminister Jonas Gahr St\u00f8re (Ap) kunngjorde den norske F-16 donasjonen til Ukraina i 2023. N\u00e5 sier forsvarsminister Tore O. Sandvik (til venstre) at flyene fortsatt st\u00e5r i Belgia. Bildet er fra en pressekonferanse om Forsvarets langtidsplan fredag f\u00f8r p\u00e5ske.   Foto: Ole Berg-Rusten \/ NTB\" class=\"_image_jw3bv_65 layout-component layout-normal\" data-fullscreen- data-track-element-type=\"Article image fullscreen\" data-track-name=\"ImageFullscreen\" decoding=\"async\" loading=\"lazy\" height=\"5260\" itemprop=\"image\"  src=\"https:\/\/www.europesays.com\/no\/wp-content\/uploads\/2026\/04\/75108cbf-03c2-4f55-b443-374480f9d0a3.jpeg\"  style=\"object-position:0% 0%\" width=\"7866\"\/>ST\u00c5R P\u00c5 BAKKEN: Statsminister Jonas Gahr St\u00f8re (Ap) kunngjorde den norske F-16 donasjonen til Ukraina i 2023. N\u00e5 sier forsvarsminister Tore O. Sandvik (til venstre) at flyene fortsatt st\u00e5r i Belgia. Bildet er fra en pressekonferanse om Forsvarets langtidsplan fredag f\u00f8r p\u00e5ske.   Foto: Ole Berg-Rusten \/ NTBVentet p\u00e5 svar <\/p>\n<p class=\"_paragraph_145nj_4 _paragraph_6fko5_10 layout-component text-serif-m layout-normal text-serif-m layout-padded\">VG har i flere uker fors\u00f8kt \u00e5 f\u00e5 status for de norske flyene, men har ikke f\u00e5tt svar f\u00f8r tirsdag ettermiddag.<\/p>\n<p class=\"_paragraph_145nj_4 _paragraph_6fko5_10 layout-component text-serif-m layout-normal text-serif-m layout-padded\">Men ett minutt etter at NRK avsl\u00f8rte at <a href=\"https:\/\/www.nrk.no\/norge\/norske-f-16-til-ukraina-har-enna-ikke-kommet-fram-1.17837044\" class=\"_link_145nj_39\" rel=\"nofollow noopener\" target=\"_blank\">flyene enn\u00e5 ikke er satt inn i tjeneste<\/a>, fikk VG svar p\u00e5 sp\u00f8rsm\u00e5lene i en epost fra Forsvarsdepartementet:<\/p>\n<p class=\"_paragraph_145nj_4 _paragraph_6fko5_10 layout-component text-serif-m layout-normal text-serif-m layout-padded\"><strong class=\"_strong_145nj_25\">\u00abNorge faset ut F-16-systemet i 2021. De 32 flyene som var i best stand samt verkstedmateriell og reservedeler ble deretter avtalt solgt til Romania for \u00e5 st\u00f8tte en alliert nasjon i \u00e5 styrke NATO i S\u00f8r-Europa\u00bb, opplyser forsvarsministeren. <\/strong><\/p>\n<p class=\"_paragraph_145nj_4 _paragraph_6fko5_10 layout-component text-serif-m layout-normal text-serif-m layout-padded\">\u00abDonasjon til Ukraina ble f\u00f8rst aktualisert i 2023. Norge besluttet like fullt \u00e5 donere seks F-16 til Ukraina. Det var vel kjent at flyene hadde omfattende behov for klargj\u00f8ring. Dette til forskjell fra Danmark og Nederland, som fortsatt opererte F-16-systemet i 2023 og kunne ta flyene direkte fra operativ tjeneste. Regjeringen besluttet like fullt \u00e5 donere flyene, da dette ble vurdert som bedre enn ikke \u00e5 donere fly\u00bb, skriver Sandvik videre. <\/p>\n<p>Ble sendt til Belgia<\/p>\n<p class=\"_paragraph_145nj_4 _paragraph_6fko5_10 layout-component text-serif-m layout-normal text-serif-m layout-padded\">Det norske selskapet KAMS ble f\u00f8rst satt til \u00e5 klargj\u00f8re flyene, opplyser FD.<\/p>\n<p class=\"_paragraph_145nj_4 _paragraph_6fko5_10 layout-component text-serif-m layout-normal text-serif-m layout-padded\">\u00abKAMS var imidlertid ogs\u00e5 gitt i oppdrag \u00e5 klargj\u00f8re de 32 flyene til Romania. Det ble derfor besluttet \u00e5 gi klargj\u00f8ringsoppdraget til det belgiske selskapet Sabena.\u00bb<\/p>\n<p class=\"_paragraph_145nj_4 _paragraph_6fko5_10 layout-component text-serif-m layout-normal text-serif-m layout-padded\">If\u00f8lge Sandvik er flyene n\u00e5 ukrainsk eiendom:<\/p>\n<p class=\"_paragraph_145nj_4 _paragraph_6fko5_10 layout-component text-serif-m layout-normal text-serif-m layout-padded\">\u00abDet er Ukraina, i konsultasjon med giverlandene, som bestemmer prioriteringsrekkef\u00f8lge p\u00e5 arbeid ved Sabena. Ved siden av klargj\u00f8ring av de norske flyene er Sabena ogs\u00e5 ansvarlig for l\u00f8pende vedlikehold av de F-16-flyene Ukraina allerede har mottatt. Giverland har iverksatt tiltak for \u00e5 \u00f8ke verkstedkapasitet for klargj\u00f8ring og vedlikehold av Ukrainas F-16-fly\u00bb, skriver forsvarsministeren.<\/p>\n","protected":false},"excerpt":{"rendered":"Ingen av F-16 kampflyene som Norge har gitt til Ukraina, var i flydyktig stand. To og et halvt&hellip;\n","protected":false},"author":2,"featured_media":207230,"comment_status":"","ping_status":"","sticky":false,"template":"","format":"standard","meta":{"footnotes":"","_share_on_mastodon":"0"},"categories":[10],"tags":[20,21,3600,24,25,15,201,22,23,13,30,28,29,14,16,26,27,1566,489,205],"class_list":["post-207229","post","type-post","status-publish","format-standard","has-post-thumbnail","category-norge","tag-breaking-news","tag-breakingnews","tag-f-16","tag-featured-news","tag-featurednews","tag-headlines","tag-jonas-gahr-store","tag-latest-news","tag-latestnews","tag-news","tag-no","tag-norge","tag-norway","tag-nyheter","tag-overskrifter","tag-top-stories","tag-topstories","tag-tore-o-sandvik","tag-ukraina","tag-vgsamfunn"],"share_on_mastodon":{"url":"https:\/\/pubeurope.com\/@no\/116364537303606347","error":""},"_links":{"self":[{"href":"https:\/\/www.europesays.com\/no\/wp-json\/wp\/v2\/posts\/207229","targetHints":{"allow":["GET"]}}],"collection":[{"href":"https:\/\/www.europesays.com\/no\/wp-json\/wp\/v2\/posts"}],"about":[{"href":"https:\/\/www.europesays.com\/no\/wp-json\/wp\/v2\/types\/post"}],"author":[{"embeddable":true,"href":"https:\/\/www.europesays.com\/no\/wp-json\/wp\/v2\/users\/2"}],"replies":[{"embeddable":true,"href":"https:\/\/www.europesays.com\/no\/wp-json\/wp\/v2\/comments?post=207229"}],"version-history":[{"count":0,"href":"https:\/\/www.europesays.com\/no\/wp-json\/wp\/v2\/posts\/207229\/revisions"}],"wp:featuredmedia":[{"embeddable":true,"href":"https:\/\/www.europesays.com\/no\/wp-json\/wp\/v2\/media\/207230"}],"wp:attachment":[{"href":"https:\/\/www.europesays.com\/no\/wp-json\/wp\/v2\/media?parent=207229"}],"wp:term":[{"taxonomy":"category","embeddable":true,"href":"https:\/\/www.europesays.com\/no\/wp-json\/wp\/v2\/categories?post=207229"},{"taxonomy":"post_tag","embeddable":true,"href":"https:\/\/www.europesays.com\/no\/wp-json\/wp\/v2\/tags?post=207229"}],"curies":[{"name":"wp","href":"https:\/\/api.w.org\/{rel}","templated":true}]}}