{"id":20777,"date":"2025-08-28T20:39:24","date_gmt":"2025-08-28T20:39:24","guid":{"rendered":"https:\/\/www.europesays.com\/no\/20777\/"},"modified":"2025-08-28T20:39:24","modified_gmt":"2025-08-28T20:39:24","slug":"warholm-med-skremmeskudd-for-vm-2","status":"publish","type":"post","link":"https:\/\/www.europesays.com\/no\/20777\/","title":{"rendered":"Warholm med skremmeskudd f\u00f8r VM"},"content":{"rendered":"\n<p class=\"_lead_1bvmi_2 _lead_xtcu6_50 layout-component text-serif-m layout-normal text-serif-l layout-component layout-wide layout-padded _wide_17hqh_1 layout-padded\">Karsten Warholm (29) satte ny stevnerekord og fikk en perfekt generalpr\u00f8ve f\u00f8r VM i Tokyo. <\/p>\n<p><img alt=\" Foto: MICHAEL BUHOLZER \/ EPA \/ NTB\" class=\"_image_qp4xg_65 layout-component layout-wide\" data-fullscreen- data-track-element-type=\"Article image fullscreen\" data-track-name=\"ImageFullscreen\" fetchpriority=\"high\" decoding=\"sync\" loading=\"eager\" height=\"5301\" itemprop=\"image\"  src=\"https:\/\/www.europesays.com\/no\/wp-content\/uploads\/2025\/08\/1756413563_722_31c4c6e9-ca0a-4efc-bea7-0e0a7a06c4b1\"  style=\"object-position:0% 0%\" width=\"7951\"\/> Foto: MICHAEL BUHOLZER \/ EPA \/ NTB<\/p>\n<ul aria-hidden=\"true\" class=\"_images_1y6fe_106\">\n<li><a class=\"_link_1y6fe_111\" href=\"https:\/\/www.vg.no\/forfatter\/herman-folvik\" style=\"z-index:2\" title=\"Herman Folvik\" rel=\"nofollow noopener\" target=\"_blank\"><img alt=\"Bilde av Herman Folvik\" class=\"_image_1y6fe_88\" fetchpriority=\"low\" loading=\"lazy\" decoding=\"async\" itemprop=\"image\"  src=\"https:\/\/www.europesays.com\/no\/wp-content\/uploads\/2025\/08\/1756413563_865_b8d5eb91-9fa9-460c-b9f0-da310ffe35dd\"  width=\"480\"\/><\/a><\/li>\n<li><a class=\"_link_1y6fe_111\" href=\"https:\/\/www.vg.no\/forfatter\/andreas-hopen\" style=\"z-index:1\" title=\"Andreas Hopen\" rel=\"nofollow noopener\" target=\"_blank\"><img alt=\"Bilde av Andreas Hopen\" class=\"_image_1y6fe_88\" fetchpriority=\"low\" loading=\"lazy\" decoding=\"async\" itemprop=\"image\"  src=\"https:\/\/www.europesays.com\/no\/wp-content\/uploads\/2025\/08\/1756413564_673_8d697287-ea03-4d54-ab67-6d65b82629eb\"  width=\"480\"\/><\/a><\/li>\n<\/ul>\n<p>Z\u00fcrich Oppdatert torsdag 28. august kl. 21:52    <\/p>\n<ul class=\"_list_1bvmi_3 _list_1flq1_85 _unordered_1bvmi_99 text-sans-m\">\n<li class=\"_item_1bvmi_30\">Karsten Warholm satte ny stevnerekord med tiden 46,70 i Z\u00fcrich.<\/li>\n<li class=\"_item_1bvmi_30\">Amalie Iuel kom p\u00e5 sjetteplass p\u00e5 400 meter hekk og fullf\u00f8rte p\u00e5 55,34.<\/li>\n<li class=\"_item_1bvmi_30\">Henriette J\u00e6ger satte norsk rekord p\u00e5 400 meter med tiden 49,49 og kom p\u00e5 pallen i Diamond League-finalen.<\/li>\n<\/ul>\n<p>Vis mer <\/p>\n<p class=\"_paragraph_1bvmi_4 _paragraph_xtcu6_10 layout-component text-serif-m layout-normal text-serif-m layout-padded\">Fra bane syv suste Karsten Warholm ut fra startblokken i <a href=\"https:\/\/www.vg.no\/tag\/diamond-league?utm_source=vg-article&amp;utm_medium=auto-tagger&amp;utm_campaign=Ey75M2\" class=\"_link_1bvmi_39\" rel=\"nofollow noopener\" target=\"_blank\">Diamond League<\/a>-finalen i Z\u00fcrich. Nordmannen var aldri i n\u00e6rheten av \u00e5 bli utfordret.<\/p>\n<p class=\"_paragraph_1bvmi_4 _paragraph_xtcu6_10 layout-component text-serif-m layout-normal text-serif-m layout-padded\">Warholm satte ny stevnerekord \u2013 og gikk i m\u00e5l til tiden 46,70 \u2013 syv tideler foran Samba p\u00e5 annenplass. Warholm hadde den forrige stevnerekorden p\u00e5 46,92 fra 2019.<\/p>\n<p class=\"_paragraph_1bvmi_4 _paragraph_xtcu6_10 layout-component text-serif-m layout-normal text-serif-m layout-padded\">\u2013 Det f\u00f8ltes ut som det normale var nok. Jeg tok det litt p\u00e5 rutine i dag. Det er et veldig bra l\u00f8p og jeg bygger form inn mot Tokyo. Det gir absolutt selvtillit, sier Warholm til VG.<\/p>\n<p class=\"_paragraph_1bvmi_4 _paragraph_xtcu6_10 layout-component text-serif-m layout-normal text-serif-m layout-padded\">VM i Tokyo g\u00e5r 13\u201321. september.<\/p>\n<p class=\"_paragraph_1bvmi_4 _paragraph_xtcu6_10 layout-component text-serif-m layout-normal text-serif-m layout-padded\">Seieren i kveld var spesiell p\u00e5 flere vis for Warholm. Hekkstjernen mistet farmoren i opptakten til kveldens l\u00f8p.<\/p>\n<p class=\"_paragraph_1bvmi_4 _paragraph_xtcu6_10 layout-component text-serif-m layout-normal text-serif-m layout-padded\">\u2013 Farmoren min d\u00f8de for et par dager siden, og i dag vil jeg dedisere seieren til henne. Hun var en nydelig dame og pleide \u00e5 sitte med en gammel manuell stoppeklokke og ta tiden p\u00e5 meg i stua hjemme. Jeg sender ogs\u00e5 noen tanker til min farfar, sa Warholm til NRK.<\/p>\n<p><img alt=\"Foto: Michael Buholzer \/ AP \/ NTB\" class=\"_image_qp4xg_65 layout-component layout-normal\" data-fullscreen- data-track-element-type=\"Article image fullscreen\" data-track-name=\"ImageFullscreen\" decoding=\"async\" loading=\"lazy\" height=\"3073\" itemprop=\"image\"  src=\"https:\/\/www.europesays.com\/no\/wp-content\/uploads\/2025\/08\/1756413564_387_13040e4a-3458-48ca-8888-8e3d2eb14a3b\"  style=\"object-position:0% 0%\" width=\"4609\"\/>Foto: Michael Buholzer \/ AP \/ NTB<\/p>\n<p class=\"_paragraph_1bvmi_4 _paragraph_xtcu6_10 layout-component text-serif-m layout-normal text-serif-m layout-padded\">Forholdene var ikke optimale i Z\u00fcrich. Likevel l\u00f8p Warholm inn til samme tid som han hadde p\u00e5 Bislett i 2021 da han slettet Kevin Youngs 29 \u00e5r gamle verdensrekord (47,78) for f\u00f8rste gang.<\/p>\n<p class=\"_paragraph_1bvmi_4 _paragraph_xtcu6_10 layout-component text-serif-m layout-normal text-serif-m layout-padded\">\u2013 Veldig godkjent. Jeg er superhappy. M\u00e5let var \u00e5 ta stevnerekorden. Den falt veldig greit, sier Warholm til VG.<\/p>\n<p class=\"_paragraph_1bvmi_4 _paragraph_xtcu6_10 layout-component text-serif-m layout-normal text-serif-m layout-padded\">Warholm har vist prov p\u00e5 enorm form ogs\u00e5 tidligere i august. I polske Silesia 16. august, l\u00f8p Warholm historiens tredje raskeste 400 meter hekk \u2013 46,28. Bare hans vanvittige verdensrekord p\u00e5 45,94 fra OL-gullet i 2021 foran Rai Benjamin p\u00e5 46,17 har g\u00e5tt raskere.<\/p>\n<p class=\"_paragraph_1bvmi_4 _paragraph_xtcu6_10 layout-component text-serif-m layout-normal text-serif-m layout-padded\">Sunnm\u00f8ringens st\u00f8rste rivaler, Rai Benjamin og Alison dos Santos, har ikke v\u00e6rt med p\u00e5 de to siste l\u00f8pene.<\/p>\n<p class=\"_paragraph_1bvmi_4 _paragraph_xtcu6_10 layout-component text-serif-m layout-normal text-serif-m layout-padded\">\u2013 Hvor nysgjerrig er du p\u00e5 dem, og hva tror du de tenker n\u00e5r de ser deg?<\/p>\n<p class=\"_paragraph_1bvmi_4 _paragraph_xtcu6_10 layout-component text-serif-m layout-normal text-serif-m layout-padded\">\u2013 Jeg er alltid nysgjerrig p\u00e5 dem. Det er de jeg m\u00e5ler meg mot. N\u00e5 har de sett hva jeg er kapabel til, og skj\u00f8nner i st\u00f8rre grad enn n\u00e5 etter Stockholm-l\u00f8pet (Warholm ble nummer tre bak Benjamin og dos Santos i juni) at de m\u00e5 skjerpe seg.<\/p>\n<p class=\"_paragraph_1bvmi_4 _paragraph_xtcu6_10 layout-component text-serif-m layout-normal text-serif-m layout-padded\">Treningspartner Amalie Iuel ble nummer seks med 55,34 \u2013 over tre sekunder bak suverene Femke Bol. Iuel har l\u00f8pt fire konkurranser p\u00e5 kort tid, og blant annet perset med 54,38. <\/p>\n<p class=\"_paragraph_1bvmi_4 _paragraph_xtcu6_10 layout-component text-serif-m layout-normal text-serif-m layout-padded\">\u2013 N\u00e5 var det litt tomt. Det kostet litt ekstra i dag og det var mye som ikke stemte, sier Iuel.<\/p>\n<p class=\"_paragraph_1bvmi_4 _paragraph_xtcu6_10 layout-component text-serif-m layout-normal text-serif-m layout-padded\">Likevel var hun glad for \u00e5 ha opplevd sin f\u00f8rste Diamond League-finale. Hun s\u00e5 Warholms l\u00f8p med b\u00e5de glede og litt frustrasjon.<\/p>\n<p class=\"_paragraph_1bvmi_4 _paragraph_xtcu6_10 layout-component text-serif-m layout-normal text-serif-m layout-padded\">\u2013 Han s\u00e5 ikke sliten ut n\u00e5r han kom til m\u00e5l engang, det er nesten irriterende, sier Iuel. <\/p>\n<p class=\"_paragraph_1bvmi_4 _paragraph_xtcu6_10 layout-component text-serif-m layout-normal text-serif-m layout-padded\">\u2013 46,70 i disse forholdene, hva sier du?<\/p>\n<p class=\"_paragraph_1bvmi_4 _paragraph_xtcu6_10 layout-component text-serif-m layout-normal text-serif-m layout-padded\">\u2013 Kjempesterkt. Det s\u00e5 ikke ut som han gikk for fullt i mine \u00f8yne. Jeg f\u00f8ler han har mer \u00e5 g\u00e5 p\u00e5. Kult at han sparer det til Tokyo.<\/p>\n<p class=\"_paragraph_1bvmi_4 _paragraph_xtcu6_10 layout-component text-serif-m layout-normal text-serif-m layout-padded\">\u2013 Hva tror du Benjamin og dos Santos n\u00e5r de ser Warholm om dagen?<\/p>\n<p class=\"_paragraph_1bvmi_4 _paragraph_xtcu6_10 layout-component text-serif-m layout-normal text-serif-m layout-padded\">\u2013 Jeg hadde v\u00e6rt nerv\u00f8s, for det g\u00e5r unna n\u00e5. Han er tilbake til gamle Karsten og det unner jeg han veldig, svarer Iuel . <\/p>\n<p><img alt=\"Salwa Eid Naser, fra Bahrain, Marileidy Paulino fra Den dominikanske republikk og Henriette J\u00e6ger sprang seg inn p\u00e5 pallen i Z\u00fcrich.\u00a0  Foto: FABRICE COFFRINI \/ AFP \/ NTB\" class=\"_image_qp4xg_65 layout-component layout-normal\" data-fullscreen- data-track-element-type=\"Article image fullscreen\" data-track-name=\"ImageFullscreen\" decoding=\"async\" loading=\"lazy\" height=\"3261\" itemprop=\"image\"  src=\"https:\/\/www.europesays.com\/no\/wp-content\/uploads\/2025\/08\/e6a9c0ba-5dfd-4a31-9d46-37c8391d5a6d\"  style=\"object-position:0% 0%\" width=\"4892\"\/>Salwa Eid Naser, fra Bahrain, Marileidy Paulino fra Den dominikanske republikk og Henriette J\u00e6ger sprang seg inn p\u00e5 pallen i Z\u00fcrich.\u00a0  Foto: FABRICE COFFRINI \/ AFP \/ NTB<\/p>\n<p class=\"_paragraph_1bvmi_4 _paragraph_xtcu6_10 layout-component text-serif-m layout-normal text-serif-m layout-padded\">Tidligere torsdag l\u00f8p Henriette J\u00e6ger inn til norsk rekord i Z\u00fcrich p\u00e5 400 meter flatt med 49,49 \u2013 ned fra 49,62. Hun ble nummer tre bak Salwa Eid Naser som vant med 48,70. Marileidy Paulino kom p\u00e5 annenplass.<\/p>\n<p class=\"_paragraph_1bvmi_4 _paragraph_xtcu6_10 layout-component text-serif-m layout-normal text-serif-m layout-padded\">\u2013 Veldig, veldig kult og g\u00f8y \u00e5 f\u00e5 til i dette stevnet, det er siste generalpr\u00f8ve f\u00f8r VM og dette jeg ville se i dag, sier en sm\u00f8rblid <a href=\"https:\/\/www.vg.no\/sport\/i\/xmLXeB\/henriette-jaeger-paa-pallen-i-diamond-league-finalen\" data-track-element-type=\"Link\" data-track-id=\"link:xmLXeB\" class=\"_link_1bvmi_39\" rel=\"nofollow noopener\" target=\"_blank\">J\u00e6ger til VG<\/a>.<\/p>\n<p class=\"_paragraph_1bvmi_4 _paragraph_xtcu6_10 layout-component text-serif-m layout-normal text-serif-m layout-padded\">Med prestasjonen er 22-\u00e5ringen ogs\u00e5 den f\u00f8rste norske kvinnen p\u00e5 pallen i en Diamond League-finale i friidrett.<\/p>\n<p class=\"_paragraph_1bvmi_4 _paragraph_xtcu6_10 layout-component text-serif-m layout-normal text-serif-m layout-padded\">\u2013 Mye i l\u00f8pet stemte bra. En god start, jeg holder farten ganske bra gjennom hele runden og et godt oppl\u00f8p. Generelt et bra l\u00f8p, er vurderingen.<\/p>\n","protected":false},"excerpt":{"rendered":"Karsten Warholm (29) satte ny stevnerekord og fikk en perfekt generalpr\u00f8ve f\u00f8r VM i Tokyo. Foto: MICHAEL BUHOLZER&hellip;\n","protected":false},"author":2,"featured_media":20723,"comment_status":"","ping_status":"","sticky":false,"template":"","format":"standard","meta":{"footnotes":""},"categories":[59],"tags":[1669,2049,423,2196,30,28,29,83,82],"class_list":{"0":"post-20777","1":"post","2":"type-post","3":"status-publish","4":"format-standard","5":"has-post-thumbnail","7":"category-sport","8":"tag-amalie-iuel","9":"tag-diamond-league","10":"tag-friidrett","11":"tag-karsten-warholm","12":"tag-no","13":"tag-norge","14":"tag-norway","15":"tag-sport","16":"tag-sports"},"share_on_mastodon":{"url":"","error":""},"_links":{"self":[{"href":"https:\/\/www.europesays.com\/no\/wp-json\/wp\/v2\/posts\/20777","targetHints":{"allow":["GET"]}}],"collection":[{"href":"https:\/\/www.europesays.com\/no\/wp-json\/wp\/v2\/posts"}],"about":[{"href":"https:\/\/www.europesays.com\/no\/wp-json\/wp\/v2\/types\/post"}],"author":[{"embeddable":true,"href":"https:\/\/www.europesays.com\/no\/wp-json\/wp\/v2\/users\/2"}],"replies":[{"embeddable":true,"href":"https:\/\/www.europesays.com\/no\/wp-json\/wp\/v2\/comments?post=20777"}],"version-history":[{"count":0,"href":"https:\/\/www.europesays.com\/no\/wp-json\/wp\/v2\/posts\/20777\/revisions"}],"wp:featuredmedia":[{"embeddable":true,"href":"https:\/\/www.europesays.com\/no\/wp-json\/wp\/v2\/media\/20723"}],"wp:attachment":[{"href":"https:\/\/www.europesays.com\/no\/wp-json\/wp\/v2\/media?parent=20777"}],"wp:term":[{"taxonomy":"category","embeddable":true,"href":"https:\/\/www.europesays.com\/no\/wp-json\/wp\/v2\/categories?post=20777"},{"taxonomy":"post_tag","embeddable":true,"href":"https:\/\/www.europesays.com\/no\/wp-json\/wp\/v2\/tags?post=20777"}],"curies":[{"name":"wp","href":"https:\/\/api.w.org\/{rel}","templated":true}]}}