{"id":208102,"date":"2026-04-08T19:50:11","date_gmt":"2026-04-08T19:50:11","guid":{"rendered":"https:\/\/www.europesays.com\/no\/208102\/"},"modified":"2026-04-08T19:50:11","modified_gmt":"2026-04-08T19:50:11","slug":"f-16-gaven-til-ukraina-romania-fikk-hoyeste-prioritet","status":"publish","type":"post","link":"https:\/\/www.europesays.com\/no\/208102\/","title":{"rendered":"F-16 gaven til Ukraina: Romania fikk h\u00f8yeste prioritet"},"content":{"rendered":"\n<p class=\"_lead_145nj_2 _lead_6fko5_53 layout-component text-serif-m layout-normal text-serif-l layout-component layout-wide layout-padded _wide_17hqh_1 layout-padded\">Forsvarsminister Tore O. Sandvik (Ap) forklarer n\u00e5 hvorfor ingen av de seks F-16 kampflyene som Norge har donert, til Ukraina, er satt inn i landets forsvarskamp. <\/p>\n<p><img alt=\"Norge hadde allerede solgt sine beste F-16 fly til Romania da sp\u00f8rsm\u00e5let om donasjon til Ukraina kom opp, if\u00f8lge forsvarsministeren. Her er kampflyene i formasjon over Oslofjorden i september 2012.  Foto: Paul Kleiven \/ NTB\" class=\"_image_jw3bv_65 layout-component layout-wide\" data-fullscreen- data-track-element-type=\"Article image fullscreen\" data-track-name=\"ImageFullscreen\" fetchpriority=\"high\" decoding=\"sync\" loading=\"eager\" height=\"2279\" itemprop=\"image\"  src=\"https:\/\/www.europesays.com\/no\/wp-content\/uploads\/2026\/04\/e2100234-6b6e-4e7f-aa76-da208a713be5.jpeg\"  style=\"object-position:0% 0%\" width=\"3419\"\/>Norge hadde allerede solgt sine beste F-16 fly til Romania da sp\u00f8rsm\u00e5let om donasjon til Ukraina kom opp, if\u00f8lge forsvarsministeren. Her er kampflyene i formasjon over Oslofjorden i september 2012.  Foto: Paul Kleiven \/ NTB<\/p>\n<ul aria-hidden=\"true\" class=\"_images_ntbth_112\">\n<li><a class=\"_link_ntbth_117\" href=\"https:\/\/www.vg.no\/forfatter\/alf-bjarne-johnsen\" style=\"z-index:1\" title=\"Alf Bjarne Johnsen\" rel=\"nofollow noopener\" target=\"_blank\"><img alt=\"Bilde av Alf Bjarne Johnsen\" class=\"_image_ntbth_93\" fetchpriority=\"low\" loading=\"lazy\" decoding=\"async\" itemprop=\"image\"  src=\"https:\/\/www.europesays.com\/no\/wp-content\/uploads\/2026\/04\/1775677810_949_a8952b63-f4d3-424e-ab5c-93e67076c9b0.jpeg\"  width=\"480\"\/><\/a><\/li>\n<\/ul>\n<p> Oppdatert onsdag 8. april kl. 21:14    <\/p>\n<ul class=\"_list_145nj_3 _list_64s2r_85 _unordered_145nj_106 text-sans-m\">\n<li class=\"_item_145nj_30\">Ingen av de seks donerte F-16-flyene fra Norge til Ukraina er flydyktige enn\u00e5.<\/li>\n<li class=\"_item_145nj_30\">Forsvarsminister Tore O. Sandvik sier fire av flyene var reservedelsfly da de ble donert til Ukraina. Bare to kunne fly ut av Norge for egen maskin.<\/li>\n<li class=\"_item_145nj_30\">H\u00f8yre stiller sp\u00f8rsm\u00e5l til regjeringen om hvorfor flyene fortsatt ikke er i operativ tjeneste.<\/li>\n<\/ul>\n<p>Vis mer <\/p>\n<p class=\"_paragraph_145nj_4 _paragraph_6fko5_10 layout-component text-serif-m layout-normal text-serif-m layout-padded\">\u2013 Da Norge fikk foresp\u00f8rsel om \u00e5 donere, s\u00e5 sa vi til <a href=\"https:\/\/www.vg.no\/tag\/ukraina?utm_source=vg-article&amp;utm_medium=auto-tagger&amp;utm_campaign=JOr1nb\" class=\"_link_145nj_39\" rel=\"nofollow noopener\" target=\"_blank\">Ukraina<\/a> at vi hadde solgt v\u00e5re operativt fungerende fly til Romania, sier Sandvik til VG onsdag.<\/p>\n<p class=\"_paragraph_145nj_4 _paragraph_6fko5_10 layout-component text-serif-m layout-normal text-serif-m layout-padded\"><strong class=\"_strong_145nj_25\">\u2013 Men vi hadde seks stykker igjen: Fire av dem var rene dele-fly, mens to kunne man skru s\u00e5pass p\u00e5 at de kunne fly for egen maskin ned til Belgia, sier Sandvik n\u00e5.<\/strong><\/p>\n<p>St\u00f8re tiet om teknisk tilstand<\/p>\n<p class=\"_paragraph_145nj_4 _paragraph_6fko5_10 layout-component text-serif-m layout-normal text-serif-m layout-padded\">At flertallet av F-16-flyene ikke var flydyktig, kom ikke fram da statsminister Jonas Gahr St\u00f8re (Ap) i august 2023<a href=\"https:\/\/www.vg.no\/nyheter\/i\/l305O3\/lover-ukraina-norske-f-16-kampfly\" data-track-element-type=\"Link\" data-track-id=\"link:l305O3\" class=\"_link_145nj_39\" rel=\"nofollow noopener\" target=\"_blank\"> varslet at Norge ville donere kampfly til Ukraina. <\/a><\/p>\n<p class=\"_paragraph_145nj_4 _paragraph_6fko5_10 layout-component text-serif-m layout-normal text-serif-m layout-padded\">Hans eneste forbehold var at utdanning av piloter og teknikere ville ta tid, og at veien fram til et operativt luftforsvar for Ukraina  var ganske lang.<\/p>\n<p class=\"_paragraph_145nj_4 _paragraph_6fko5_10 layout-component text-serif-m layout-normal text-serif-m layout-padded\">Sommeren 2024 konkretiserte St\u00f8re at <a href=\"https:\/\/www.vg.no\/nyheter\/i\/1M5lXQ\/ukraina-faar-seks-f-16-kampfly-fra-norge\" data-track-element-type=\"Link\" data-track-id=\"link:1M5lXQ\" class=\"_link_145nj_39\" rel=\"nofollow noopener\" target=\"_blank\">Ukraina skulle f\u00e5 seks kampfly fra Norge<\/a>. Det skjedde i forkant av Natos toppm\u00f8te i Washington.<\/p>\n<p><img alt=\"JULI 2024: Jonas Gahr St\u00f8re forteller norsk presse i Washington at Ukraina skal f\u00e5 seks F-16 kampfly fra Norge.   Foto: Thomas Nilsson \/ VG\" class=\"_image_jw3bv_65 layout-component layout-normal\" data-fullscreen- data-track-element-type=\"Article image fullscreen\" data-track-name=\"ImageFullscreen\" decoding=\"async\" loading=\"lazy\" height=\"2656\" itemprop=\"image\"  src=\"https:\/\/www.europesays.com\/no\/wp-content\/uploads\/2026\/04\/7e9d7277-e46a-44b4-8aaf-f3b1c80cce5f.jpeg\"  style=\"object-position:0% 0%\" width=\"3984\"\/>JULI 2024: Jonas Gahr St\u00f8re forteller norsk presse i Washington at Ukraina skal f\u00e5 seks F-16 kampfly fra Norge.   Foto: Thomas Nilsson \/ VG<\/p>\n<p class=\"_paragraph_145nj_4 _paragraph_6fko5_10 layout-component text-serif-m layout-normal text-serif-m layout-padded\"><strong class=\"_strong_145nj_25\">St\u00f8re sa fortsatt ingenting om den tekniske tilstanden  for de aktuelle flyene:<\/strong><\/p>\n<p class=\"_paragraph_145nj_4 _paragraph_6fko5_10 layout-component text-serif-m layout-normal text-serif-m layout-padded\">\u00abUkrainas evne til \u00e5 forsvare seg mot angrep fra luften, er helt avgj\u00f8rende i deres forsvarskamp mot Russland. Norge har n\u00e5 bestemt at vi vil donere seks F-16 jagerfly til Ukraina. Vi tar sikte p\u00e5 \u00e5 begynne donasjonene i l\u00f8pet av 2024\u00bb, <a href=\"https:\/\/www.regjeringen.no\/no\/aktuelt\/norge-vil-donere-f-16-til-ukraina-i-lopet-av-aret\/id3048341\/\" class=\"_link_145nj_39\" rel=\"nofollow noopener\" target=\"_blank\">opplyste statsministeren i en pressemelding<\/a>. <\/p>\n<p>\u2013 Tok for lang tid<\/p>\n<p class=\"_paragraph_145nj_4 _paragraph_6fko5_10 layout-component text-serif-m layout-normal text-serif-m layout-padded\">Tirsdag bekreftet forsvarsministeren overfor VG og NRK  at alle de <a href=\"https:\/\/www.vg.no\/nyheter\/i\/JOOKnJ\/f16-gaven-til-ukraina-endte-opp-i-belgia\" data-track-element-type=\"Link\" data-track-id=\"link:JOOKnJ\" class=\"_link_145nj_39\" rel=\"nofollow noopener\" target=\"_blank\">seks flyene st\u00e5r p\u00e5 en flybase i Belgia<\/a> &#8211; to og et halvt \u00e5r etter at regjeringen offentliggjorde donasjonen.<\/p>\n<p class=\"_paragraph_145nj_4 _paragraph_6fko5_10 layout-component text-serif-m layout-normal text-serif-m layout-padded\">N\u00e5 sier Sandvik at Kongsberg-gruppens datterselskap KAMS i Bod\u00f8 og p\u00e5 Kjeller ble forespurt om de kunne sette i stand de aktuelle flyene som skulle gis til Ukraina:<\/p>\n<p class=\"_paragraph_145nj_4 _paragraph_6fko5_10 layout-component text-serif-m layout-normal text-serif-m layout-padded\">\u2013 KAMS svarte ja, men det m\u00e5tte komme etter at KAMS hadde fullf\u00f8rt oppgraderingen av 32 fly som Romania hadde kj\u00f8pt fra Norge, og som skulle v\u00e6re ferdig i 2025. Men Forsvarsdepartementet mente at det tok for lang tid. I samr\u00e5d med Ukraina og koalisjonen av flere land som donerte F-16 fly, kom i til at oppdraget heller skulle gis til Sabena i Belgia, sier Sandvik.<\/p>\n<p class=\"_paragraph_145nj_4 _paragraph_6fko5_10 layout-component text-serif-m layout-normal text-serif-m layout-padded\">Kongsberg Gruppen gir imidlertid en annen versjon:<\/p>\n<p class=\"_paragraph_145nj_4 _paragraph_6fko5_10 layout-component text-serif-m layout-normal text-serif-m layout-padded\"><strong class=\"_strong_145nj_25\">\u2013 KAMS har ikke blitt forespurt om \u00e5 vedlikeholde eller ferdigstille Norges F-16 fly for levering til Ukraina, skriver kommunikasjonsdirekt\u00f8r Ivar Simensen, i en epost til VG.<\/strong><\/p>\n<p class=\"_paragraph_145nj_4 _paragraph_6fko5_10 layout-component text-serif-m layout-normal text-serif-m layout-padded\">Men denne forklaringen avviser Sandvik.  <\/p>\n<p><img alt=\"ROMANIA F\u00d8RST: Forsvarsminister Tore O. Sandvik forteller n\u00e5 hva som skjedde med den norske F-16 gaven til Ukraina.   Foto: Ole Berg-Rusten \/ NTB\" class=\"_image_jw3bv_65 layout-component layout-normal\" data-fullscreen- data-track-element-type=\"Article image fullscreen\" data-track-name=\"ImageFullscreen\" decoding=\"async\" loading=\"lazy\" height=\"5760\" itemprop=\"image\"  src=\"https:\/\/www.europesays.com\/no\/wp-content\/uploads\/2026\/04\/ed36974d-8884-43f8-9ddf-454b399616cb.jpeg\"  style=\"object-position:0% 0%\" width=\"8640\"\/>ROMANIA F\u00d8RST: Forsvarsminister Tore O. Sandvik forteller n\u00e5 hva som skjedde med den norske F-16 gaven til Ukraina.   Foto: Ole Berg-Rusten \/ NTBAvgj\u00f8rende for Romania <\/p>\n<p class=\"_paragraph_145nj_4 _paragraph_6fko5_10 layout-component text-serif-m layout-normal text-serif-m layout-padded\"><strong class=\"_strong_145nj_25\">\u2013 Var det slik at regjeringen prioriterte leveransen til Romania foran donasjonen til Ukraina, som sto i en forsvarskamp mot Russland?<\/strong><\/p>\n<p class=\"_paragraph_145nj_4 _paragraph_6fko5_10 layout-component text-serif-m layout-normal text-serif-m layout-padded\">\u2013  \u00c5 bryte kontrakten om \u00e5 levere 32 fly til Romania, har ikke v\u00e6rt et tema.  Vi snakker jo om en Nato-alliert, og Romania har v\u00e6rt krystallklare om at denne leveransen var de helt avhengig av for \u00e5 bygge opp et luftforsvar. De er et naboland til Ukraina, og det var sikkerhetspolitisk avgj\u00f8rende for Romania at de fikk disse flyene. Vi snakker jo om en Nato-alliert, sier Sandvik.<\/p>\n<p class=\"_paragraph_145nj_4 _paragraph_6fko5_10 layout-component text-serif-m layout-normal text-serif-m layout-padded\"><strong class=\"_strong_145nj_25\">\u2013 Til NRK sa du i fjor at leveransen gikk som planlagt og skulle v\u00e6re sluttf\u00f8rt i 2025?<\/strong><\/p>\n<p class=\"_paragraph_145nj_4 _paragraph_6fko5_10 layout-component text-serif-m layout-normal text-serif-m layout-padded\">\u2013 Nei. Det jeg sa var donasjonen gikk i henhold til plan. Jeg gikk ikke i detalj fordi Ukraina ikke \u00f8nsket oppmerksomhet om antallet av sikkerhetsmessige \u00e5rsaker, eller om status p\u00e5 flyene, sier forsvarsministeren n\u00e5. <\/p>\n<p class=\"_paragraph_145nj_4 _paragraph_6fko5_10 layout-component text-serif-m layout-normal text-serif-m layout-padded\"><strong class=\"_strong_145nj_25\">\u2013 Hvorfor sa du ikke da at ingen av flyene faktisk var levert?<\/strong><\/p>\n<p class=\"_paragraph_145nj_4 _paragraph_6fko5_10 layout-component text-serif-m layout-normal text-serif-m layout-padded\">\u2013 De er i Ukrainas eie n\u00e5, og etter avtale med Ukraina ble de sendt til Belgia for oppgradering og vedlikehold.  Etter 300 timer i luften m\u00e5 de uansett inn til tyngre vedlikehold. Og s\u00e5 har det vist seg at  kapasiteten hos Sabena har v\u00e6rt for lav. <\/p>\n<p class=\"_paragraph_145nj_4 _paragraph_6fko5_10 layout-component text-serif-m layout-normal text-serif-m layout-padded\"><strong class=\"_strong_145nj_25\">\u2013 Hvorfor har det dr\u00f8yd i et par \u00e5r med \u00e5 gi detaljene om gaven som hittil ikke har n\u00e5dd mottageren? <\/strong><\/p>\n<p class=\"_paragraph_145nj_4 _paragraph_6fko5_10 layout-component text-serif-m layout-normal text-serif-m layout-padded\">\u2013 Stortinget har f\u00e5tt informasjon om dette underveis. Og alt vi har gjort, er i overenstemmelse med Ukraina.  Men Ukraina har ikke \u00f8nsket offentlighet om dette. Og om de norske flyene hadde v\u00e6rt operative, s\u00e5 hadde det ikke v\u00e6rt flere fly i Ukraina &#8211; fordi man har ikke hatt h\u00f8yere kapasitet til \u00e5 kj\u00f8re fast vedlikehold hos Sabena.<\/p>\n<p>KADS: Kan gj\u00f8re jobben <\/p>\n<p class=\"_paragraph_145nj_4 _paragraph_6fko5_10 layout-component text-serif-m layout-normal text-serif-m layout-padded\">Ivar Simensen i Kongsberg er imidlertid \u00e5pen om at KADS gjerne skulle hatt dette oppdraget. <\/p>\n<p class=\"_paragraph_145nj_4 _paragraph_6fko5_10 layout-component text-serif-m layout-normal text-serif-m layout-padded\">Han opplyser at klargj\u00f8ring av flyene som skal til Romania, vil v\u00e6re ferdig hos  KADS senere i 2026.<\/p>\n<p class=\"_paragraph_145nj_4 _paragraph_6fko5_10 layout-component text-serif-m layout-normal text-serif-m layout-padded\">\u2013 Etter hvert som de siste flyene leveres til Romania, vil selskapet ha ledig kapasitet p\u00e5 Kjeller og i Bod\u00f8. Uten annet arbeid, blir v\u00e5rt personell overtallig. Dersom Forsvarsdepartementet \u00f8nsker \u00e5 benytte denne ledige kapasiteten til \u00e5\u00a0st\u00f8tte F-16 til bruk i Ukraina, er vi selvsagt \u00e5pne for en dialog om det, skriver Simensen. <\/p>\n<p class=\"_paragraph_145nj_4 _paragraph_6fko5_10 layout-component text-serif-m layout-normal text-serif-m layout-padded\">VG har spurt Sandvik om det er aktuelt \u00e5 hente flyene tilbake fra Belgia og la det norske selskapet KADS gj\u00f8re jobben slik at Ukraina snart kan f\u00e5 flyene som er lovet fra Norge i operativ stand:<\/p>\n<p class=\"_paragraph_145nj_4 _paragraph_6fko5_10 layout-component text-serif-m layout-normal text-serif-m layout-padded\">\u2013 Det er jo ikke Norges fly lenger, det er Ukrainas eiendom. S\u00e5 det m\u00e6 Ukraina f\u00e5 lov \u00e5 vurdere. Og Ukraina vil nok prioritere det som f\u00e5r flyene ferdig fortest mulig, sier Tore O. Sandvik. <\/p>\n<p>H\u00f8yre vil bore videre <\/p>\n<p class=\"_paragraph_145nj_4 _paragraph_6fko5_10 layout-component text-serif-m layout-normal text-serif-m layout-padded\">H\u00f8yre har varslet at de vil til bunns i F-16 aff\u00e6ren: <\/p>\n<p class=\"_paragraph_145nj_4 _paragraph_6fko5_10 layout-component text-serif-m layout-normal text-serif-m layout-padded\">Onsdag formiddag har H\u00f8yre sendt tre sp\u00f8rsm\u00e5l til forsvarsministeren:<\/p>\n<ol class=\"_list_145nj_3 _list_6fko5_9 _ordered_145nj_79 layout-component text-serif-m layout-normal text-serif-m layout-padded\">\n<li class=\"_item_145nj_30\">N\u00e5r ble regjeringen klar over at de norske F-16-flyene, annonsert donert til Ukraina for flere \u00e5r siden, fortsatt ikke er montert og i aktiv tjeneste, og hvilke konkrete tiltak har regjeringen iverksatt for \u00e5 f\u00e5 flyene p\u00e5 vingene?<\/li>\n<li class=\"_item_145nj_30\"> I mai 2025, snaut to \u00e5r etter at regjeringen f\u00f8rst annonserte donasjon av F-16 til Ukraina, sa forsvarsminister Sandvik til NRK at donasjonen \u00abg\u00e5r i henhold til plan\u00bb og skulle fullf\u00f8res i l\u00f8pet av 2025.<br \/>Var denne opplysningen sannferdig, gitt at flere av flyene i april 2026 fortsatt er demontert, nedpakket og ikke i operativ tjeneste i Ukraina?<\/li>\n<li class=\"_item_145nj_30\"> I juli 2024 sa statsministeren til VG at F-16 fly donert til Ukraina \u00abm\u00e5 ha alle kapasiteter til \u00e5 fungere\u00bb og \u00abv\u00e6re relevante for Ukrainas behov\u00bb.<br \/>Hvorfor er flere av de donerte flyene fortsatt demonterte, nedpakket og ikke i operativ tjeneste, snart to \u00e5r senere?<\/li>\n<\/ol>\n","protected":false},"excerpt":{"rendered":"Forsvarsminister Tore O. Sandvik (Ap) forklarer n\u00e5 hvorfor ingen av de seks F-16 kampflyene som Norge har donert,&hellip;\n","protected":false},"author":2,"featured_media":208103,"comment_status":"","ping_status":"","sticky":false,"template":"","format":"standard","meta":{"footnotes":"","_share_on_mastodon":"0"},"categories":[10],"tags":[20,21,3600,24,25,15,304,22,23,13,30,28,29,14,16,8603,568,26,27,1566,489,205],"class_list":["post-208102","post","type-post","status-publish","format-standard","has-post-thumbnail","category-norge","tag-breaking-news","tag-breakingnews","tag-f-16","tag-featured-news","tag-featurednews","tag-headlines","tag-kongsberg-gruppen","tag-latest-news","tag-latestnews","tag-news","tag-no","tag-norge","tag-norway","tag-nyheter","tag-overskrifter","tag-romania","tag-store-regjeringen","tag-top-stories","tag-topstories","tag-tore-o-sandvik","tag-ukraina","tag-vgsamfunn"],"share_on_mastodon":{"url":"https:\/\/pubeurope.com\/@no\/116370828601910428","error":""},"_links":{"self":[{"href":"https:\/\/www.europesays.com\/no\/wp-json\/wp\/v2\/posts\/208102","targetHints":{"allow":["GET"]}}],"collection":[{"href":"https:\/\/www.europesays.com\/no\/wp-json\/wp\/v2\/posts"}],"about":[{"href":"https:\/\/www.europesays.com\/no\/wp-json\/wp\/v2\/types\/post"}],"author":[{"embeddable":true,"href":"https:\/\/www.europesays.com\/no\/wp-json\/wp\/v2\/users\/2"}],"replies":[{"embeddable":true,"href":"https:\/\/www.europesays.com\/no\/wp-json\/wp\/v2\/comments?post=208102"}],"version-history":[{"count":0,"href":"https:\/\/www.europesays.com\/no\/wp-json\/wp\/v2\/posts\/208102\/revisions"}],"wp:featuredmedia":[{"embeddable":true,"href":"https:\/\/www.europesays.com\/no\/wp-json\/wp\/v2\/media\/208103"}],"wp:attachment":[{"href":"https:\/\/www.europesays.com\/no\/wp-json\/wp\/v2\/media?parent=208102"}],"wp:term":[{"taxonomy":"category","embeddable":true,"href":"https:\/\/www.europesays.com\/no\/wp-json\/wp\/v2\/categories?post=208102"},{"taxonomy":"post_tag","embeddable":true,"href":"https:\/\/www.europesays.com\/no\/wp-json\/wp\/v2\/tags?post=208102"}],"curies":[{"name":"wp","href":"https:\/\/api.w.org\/{rel}","templated":true}]}}