{"id":20818,"date":"2025-08-28T21:39:06","date_gmt":"2025-08-28T21:39:06","guid":{"rendered":"https:\/\/www.europesays.com\/no\/20818\/"},"modified":"2025-08-28T21:39:06","modified_gmt":"2025-08-28T21:39:06","slug":"mainz-05-sendte-rosenborg-ut-av-conference-league","status":"publish","type":"post","link":"https:\/\/www.europesays.com\/no\/20818\/","title":{"rendered":"Mainz 05 sendte Rosenborg ut av Conference League"},"content":{"rendered":"\n<ul class=\"_list_1bvmi_3 _list_1flq1_85 _unordered_1bvmi_99 text-sans-m\">\n<li class=\"_item_1bvmi_30\">RBK reiste med 2\u20131 fra Lerkendal, men Mainz 05 skrudde opp tempoet hjemme og snudde p\u00e5 66 marerittsekunder f\u00f8r pause.<\/li>\n<li class=\"_item_1bvmi_30\">Jae-sung Lee og Patrick Weiper scoret, f\u00f8r Nadiem Amiri la p\u00e5 etter en Nemcik-tabbe.<\/li>\n<li class=\"_item_1bvmi_30\">\u00abDe er bedre enn oss\u00bb, sier Ole S\u00e6ter. <\/li>\n<li class=\"_item_1bvmi_30\">Mainz til ligaspillet i Conference League.<\/li>\n<\/ul>\n<p>Vis mer <\/p>\n<p class=\"_paragraph_1bvmi_4 _paragraph_xtcu6_10 layout-component text-serif-m layout-normal text-serif-m layout-padded\">P\u00e5 Lerkendal var Rosenborg det beste laget \u2013 og tr\u00f8nderne reiste til Mainz med 2\u20131-ledelse. Der viste Mainz 05 sin klasse.<\/p>\n<p class=\"_paragraph_1bvmi_4 _paragraph_xtcu6_10 layout-component text-serif-m layout-normal text-serif-m layout-padded\">Vertene tok ledelsen etter snaue 30 minutter \u2013 f\u00f8r Dino Islamovic kvitterte like etterp\u00e5. Rett f\u00f8r pause raknet det derimot for RBK.<\/p>\n<p class=\"_paragraph_1bvmi_4 _paragraph_xtcu6_10 layout-component text-serif-m layout-normal text-serif-m layout-padded\">F\u00f8rst stanget Jae-sung Lee vakkert inn 2\u20131, f\u00f8r Patrick Weiper 66 sekunder senere doblet ledelsen med en halvvolley.<\/p>\n<p class=\"_paragraph_1bvmi_4 _paragraph_xtcu6_10 layout-component text-serif-m layout-normal text-serif-m layout-padded\">\u2013 Det er for d\u00e5rlig. De er bedre enn oss og n\u00e5 vet vi hvor listen ligger. Vi har mye \u00e5 jobbe med, s\u00e5 det er mye motivasjon for fremtiden. Det er bare hjem \u00e5 jobbe, sier Ole S\u00e6ter til VG etter at europa-exiten var et faktum.<\/p>\n<p class=\"_paragraph_1bvmi_4 _paragraph_xtcu6_10 layout-component text-serif-m layout-normal text-serif-m layout-padded\">Se h\u00f8ydepunktene i toppen av saken.<\/p>\n<p class=\"_paragraph_1bvmi_4 _paragraph_xtcu6_10 layout-component text-serif-m layout-normal text-serif-m layout-padded\">Alfred Johansson mener at laget hans ikke klarte \u00e5 levere samme prestasjon i Tyskland som i Trondheim.<\/p>\n<p class=\"_paragraph_1bvmi_4 _paragraph_xtcu6_10 layout-component text-serif-m layout-normal text-serif-m layout-padded\">\u2013 De skrur opp intensiteten i dag \u2013 det synes ikke jeg vi gj\u00f8r. Vi hadde bedre pressintensitet p\u00e5 Lerkendal enn i dag. Vi tillater for mange innlegg uten \u00e5 g\u00e5 i press. Da blir det vanskelig, oppsummerer Johansson til VG.<\/p>\n<p class=\"_paragraph_1bvmi_4 _paragraph_xtcu6_10 layout-component text-serif-m layout-normal text-serif-m layout-padded\">Tapet sendte Rosenborg ut av spill i Europa.<\/p>\n<p class=\"_paragraph_1bvmi_4 _paragraph_xtcu6_10 layout-component text-serif-m layout-normal text-serif-m layout-padded\"><strong class=\"_strong_1bvmi_25\">\u2014 Det er blytung s\u00e5 klart. Det sier seg selv, sier nyinnkj\u00f8pte Aslak Fonn Witry p\u00e5 pressekonferansen etter nederlaget. <\/strong><\/p>\n<p class=\"_paragraph_1bvmi_4 _paragraph_xtcu6_10 layout-component text-serif-m layout-normal text-serif-m layout-padded\">Sander Tangvik m\u00e5tte plukke fire baller ut av nettet. Tre av dem f\u00f8r hvilen \u2013 hvor Mainz dominerte p\u00e5 eget gress.<\/p>\n<p class=\"_paragraph_1bvmi_4 _paragraph_xtcu6_10 layout-component text-serif-m layout-normal text-serif-m layout-padded\">\u2013 Det er t\u00f8ft \u00e5 st\u00e5 i (tr\u00f8kket f\u00f8r hvilen). De f\u00e5r sl\u00e5tt enkle innlegg og \u00abtr\u00f8kke\u00bb oss bak i banen, og s\u00e5 er ikke vi gode nok med ball, sier sisteskansen.<\/p>\n<p class=\"_paragraph_1bvmi_4 _paragraph_xtcu6_10 layout-component text-serif-m layout-normal text-serif-m layout-padded\">S\u00e6ter startet p\u00e5 kanten for RBK i Tyskland. Han ble l\u00f8pende mye mellom frem til han ble byttet ut.<\/p>\n<p class=\"_paragraph_1bvmi_4 _paragraph_xtcu6_10 layout-component text-serif-m layout-normal text-serif-m layout-padded\">\u2013 Det er tungt mentalt og fysisk. Du l\u00f8per etter ballen i femogf\u00f8rti minutter. Vi har mye \u00e5 jobbe med, og det kommer frem i dag. <\/p>\n<p class=\"_paragraph_1bvmi_4 _paragraph_xtcu6_10 layout-component text-serif-m layout-normal text-serif-m layout-padded\">De tyske vertene tok kontroll p\u00e5 oppgj\u00f8ret fra start \u2013 og etter en snau halvtime var det nettsus p\u00e5 <\/p>\n<p class=\"_paragraph_1bvmi_4 _paragraph_xtcu6_10 layout-component text-serif-m layout-normal text-serif-m layout-padded\">Sander Tangvik reddet mesterlig Jae-sung Lee sin heading fra kloss hold. P\u00e5 returen var det ingen Rosenborg-spillere \u00e5 se og Mainz-midtstopper Stefan Bell banket tyskerne i ledelsen.<\/p>\n<p class=\"_paragraph_1bvmi_4 _paragraph_xtcu6_10 layout-component text-serif-m layout-normal text-serif-m layout-padded\">Rosenborg slet med \u00e5 skape sjanser i \u00e5pent spill. Da valgte Aslak Fonn Witry korteste vei mot m\u00e5l. En lang ball opp mot Ole S\u00e6ter bar frukter. Spissen stusset videre til Dino Islamovic som kvitterte ti minutter f\u00f8r hvilen.<\/p>\n<p class=\"_paragraph_1bvmi_4 _paragraph_xtcu6_10 layout-component text-serif-m layout-normal text-serif-m layout-padded\">Da v\u00e5knet gjestene som tok mer tak i kampen, men det hjalp lite n\u00e5r det ble en kollektiv kollaps like f\u00f8r hvilen.<\/p>\n<p class=\"_paragraph_1bvmi_4 _paragraph_xtcu6_10 layout-component text-serif-m layout-normal text-serif-m layout-padded\">F\u00f8rst stanget Jae-sung Lee vakkert inn 2\u20131, f\u00f8r Patrick Weiper 66 sekunder senere doblet ledelsen med en halvvolley.<\/p>\n<p class=\"_paragraph_1bvmi_4 _paragraph_xtcu6_10 layout-component text-serif-m layout-normal text-serif-m layout-padded\">Alfred Johansson tok grep i pausen og satt innp\u00e5 unge Jesper Reitan-Sunde. Dessverre ble ikke det en stor suksess.<\/p>\n<p class=\"_paragraph_1bvmi_4 _paragraph_xtcu6_10 layout-component text-serif-m layout-normal text-serif-m layout-padded\">For Mainz styrte oppgj\u00f8ret med jernh\u00e5nd, og like f\u00f8r timen var spilt var det takk og farvel for denne gang.<\/p>\n<p class=\"_paragraph_1bvmi_4 _paragraph_xtcu6_10 layout-component text-serif-m layout-normal text-serif-m layout-padded\">Tomas Nemcik bommet grovt da RBK skulle spille seg ut bakfra. Pasningen gikk rett i beina til Nadiem Amiri som scoret Mainz sin femte med en kontant avslutning fra 16 meter.<\/p>\n<p class=\"_paragraph_1bvmi_4 _paragraph_xtcu6_10 layout-component text-serif-m layout-normal text-serif-m layout-padded\">Rosenborg hadde ikke mer \u00e5 komme med \u2013 og Mainz tok seg komfortabelt inn i ligaspillet i Conference League p\u00e5 bekostning av tr\u00f8nderne.<\/p>\n","protected":false},"excerpt":{"rendered":"RBK reiste med 2\u20131 fra Lerkendal, men Mainz 05 skrudde opp tempoet hjemme og snudde p\u00e5 66 marerittsekunder&hellip;\n","protected":false},"author":2,"featured_media":20819,"comment_status":"","ping_status":"","sticky":false,"template":"","format":"standard","meta":{"footnotes":""},"categories":[59],"tags":[85,92,485,30,28,29,162,83,82],"class_list":{"0":"post-20818","1":"post","2":"type-post","3":"status-publish","4":"format-standard","5":"has-post-thumbnail","7":"category-sport","8":"tag-europa-conference-league","9":"tag-fotball","10":"tag-fsv-mainz-05","11":"tag-no","12":"tag-norge","13":"tag-norway","14":"tag-rosenborg-bk","15":"tag-sport","16":"tag-sports"},"share_on_mastodon":{"url":"","error":""},"_links":{"self":[{"href":"https:\/\/www.europesays.com\/no\/wp-json\/wp\/v2\/posts\/20818","targetHints":{"allow":["GET"]}}],"collection":[{"href":"https:\/\/www.europesays.com\/no\/wp-json\/wp\/v2\/posts"}],"about":[{"href":"https:\/\/www.europesays.com\/no\/wp-json\/wp\/v2\/types\/post"}],"author":[{"embeddable":true,"href":"https:\/\/www.europesays.com\/no\/wp-json\/wp\/v2\/users\/2"}],"replies":[{"embeddable":true,"href":"https:\/\/www.europesays.com\/no\/wp-json\/wp\/v2\/comments?post=20818"}],"version-history":[{"count":0,"href":"https:\/\/www.europesays.com\/no\/wp-json\/wp\/v2\/posts\/20818\/revisions"}],"wp:featuredmedia":[{"embeddable":true,"href":"https:\/\/www.europesays.com\/no\/wp-json\/wp\/v2\/media\/20819"}],"wp:attachment":[{"href":"https:\/\/www.europesays.com\/no\/wp-json\/wp\/v2\/media?parent=20818"}],"wp:term":[{"taxonomy":"category","embeddable":true,"href":"https:\/\/www.europesays.com\/no\/wp-json\/wp\/v2\/categories?post=20818"},{"taxonomy":"post_tag","embeddable":true,"href":"https:\/\/www.europesays.com\/no\/wp-json\/wp\/v2\/tags?post=20818"}],"curies":[{"name":"wp","href":"https:\/\/api.w.org\/{rel}","templated":true}]}}