{"id":208234,"date":"2026-04-09T01:00:14","date_gmt":"2026-04-09T01:00:14","guid":{"rendered":"https:\/\/www.europesays.com\/no\/208234\/"},"modified":"2026-04-09T01:00:14","modified_gmt":"2026-04-09T01:00:14","slug":"martha-louise-hyller-datteren-elsker-deg-mer-enn-ord-beskriver-2","status":"publish","type":"post","link":"https:\/\/www.europesays.com\/no\/208234\/","title":{"rendered":"M\u00e4rtha Louise hyller datteren: &#8211; Elsker deg mer enn ord beskriver"},"content":{"rendered":"<p class=\"kicker \" style=\"\">Prinsesse M\u00e4rtha Louise:<\/p>\n<p>    Prinsessen deler r\u00f8rende hilsen til datteren onsdag ettermiddag.<\/p>\n<p>\n    ROSER: M\u00e4rtha Louise deler varme og r\u00f8rende ord om sin datter, Leah Behn, som fyller \u00e5r onsdag. Bildet er fra en annen anledning. Foto: Ida Elise Eide Einarsdottir \/ KK\n  <\/p>\n<p>Datteren til prinsesse M\u00e4rtha Louise (54), Leah Behn, har de siste \u00e5ra markert seg som influenser og modell, og har vunnet flere priser. I fjor var hun dessuten med i TV 2-programmet \u00abForr\u00e6der\u00bb.<\/p>\n<p class=\"font-weight-bold m-font-weight-bold\" data-lab-font_weight=\"font-weight-bold\">Onsdag fyller hun 21 \u00e5r &#8211; og i den anledning tar M\u00e4rtha til orde <a href=\"https:\/\/www.instagram.com\/iam_marthalouise\/\" rel=\"nofollow noopener\" target=\"_blank\">p\u00e5 Instagram<\/a> med en aldri s\u00e5 liten hyllest til datteren.<\/p>\n<p>\u00abHelt fra \u00f8yeblikket du kom inn i livene v\u00e5re, har du brakt lys overalt hvor du g\u00e5r. Du er fryktl\u00f8s n\u00e5r det gjelder \u00e5 pr\u00f8ve nye ting, eventyrlysten av natur &#8211; med en fantastisk sans for humor og en sterk vilje\u00bb, begynner hun innlegget.<\/p>\n<p>        <img loading=\"lazy\" decoding=\"async\" src=\"https:\/\/www.europesays.com\/no\/wp-content\/uploads\/2026\/04\/1775696410_176_84470628.webp.webp\" width=\"686\" height=\"913\" title=\"MIMRER: M\u00e4rtha mimrer tilbake til bilder fra Leahs barndom p\u00e5 Instagram. Foto: Skjermdump fra Instagram \/ @iammarthalouise\" alt=\"\" class=\"\" style=\"--aspect-ratio-image: 0.75; \"\/><\/p>\n<p>\n        MIMRER: M\u00e4rtha mimrer tilbake til bilder fra Leahs barndom p\u00e5 Instagram. Foto: Skjermdump fra Instagram \/ @iammarthalouise\n    <\/p>\n<p>&#8211; Store skritt\t<\/p>\n<p>Sammen med den varme hyllesten, deler 54-\u00e5ringen en rekke bilder av seg selv og Leah sammen. Det er bilder tatt av Leah som liten, som ten\u00e5ring &#8211; og n\u00e5 i nyere tid.\u00a0\u00a0<\/p>\n<p>        NEKTER: Prinsesse M\u00e4rtha Louise svarer p\u00e5 noen bisarre rykter som har spredt seg den siste tiden. Reporter: Nora Skavhaug \/ R\u00f8d L\u00f8per. Video: Danny Son Ngoc To \/ Dagbladet TV. <\/p>\n<p class=\"font-weight-bold m-font-weight-bold\" data-lab-font_weight=\"font-weight-bold\">P\u00e5 flere av bildene st\u00e5r 21-\u00e5ringen sammen med stefar Durek Verrett &#8211; og p\u00e5 et av bildene ses Leah sammen med mamma M\u00e4rtha og avd\u00f8de pappa Ari Behn.<\/p>\n<p>    <a itemprop=\"url\" href=\"https:\/\/www.dagbladet.no\/kjendis\/varsler-epstein-uttalelse\/84266858\" rel=\"nofollow noopener\" target=\"_blank\"><\/p>\n<p>        <img loading=\"lazy\" decoding=\"async\" src=\"https:\/\/www.europesays.com\/no\/wp-content\/uploads\/2026\/04\/84266541.webp.webp\" width=\"980\" height=\"441\" title=\"Varsler Epstein-uttalelse\" alt=\"\" class=\"lazyload\" style=\"--aspect-ratio-image: 2.22; \"\/><\/p>\n<p>        Varsler Epstein-uttalelse<\/p>\n<p>    <\/a><\/p>\n<p>\u00abDu er sporty, entrepren\u00f8riell og en sann kraft: Du sjonglerer alltid mange ting samtidig, mens resten av oss pr\u00f8ver \u00e5 holde tritt. Samtidig forst\u00e5r du viktigheten av \u00e5 stoppe opp, lade og gi deg selv rom til \u00e5 vokse. Og du vokser &#8211; og tar store, vakre skritt framover\u00bb, fortsetter M\u00e4rtha i innlegget.\u00a0<\/p>\n<p>        <img loading=\"lazy\" decoding=\"async\" src=\"https:\/\/www.europesays.com\/no\/wp-content\/uploads\/2026\/04\/1775696411_428_84470630.webp.webp\" width=\"686\" height=\"913\" title=\"MOR OG DATTER: Flere hyggelige bilder deles p\u00e5 Instagram i anledning Leahs bursdag onsdag. Foto: Skjermdump fra Instagram \/ @iammarthalouise\" alt=\"\" class=\"\" style=\"--aspect-ratio-image: 0.75; \"\/><\/p>\n<p>\n        MOR OG DATTER: Flere hyggelige bilder deles p\u00e5 Instagram i anledning Leahs bursdag onsdag. Foto: Skjermdump fra Instagram \/ @iammarthalouise\n    <\/p>\n<p>I skrivende stund renner det inn med lykke\u00f8nsker og hilsener til Leah i kommentarfeltet &#8211; b\u00e5de p\u00e5 norsk og engelsk.\u00a0<\/p>\n<p>\u00abGratulerer s\u00e5 mye til vakre Leah\u00bb, skriver en.<\/p>\n<p>    <a itemprop=\"url\" href=\"https:\/\/www.dagbladet.no\/kjendis\/ser-opp-til-dem\/83643502\" rel=\"nofollow noopener\" target=\"_blank\"><\/p>\n<p>        <img loading=\"lazy\" decoding=\"async\" src=\"https:\/\/www.europesays.com\/no\/wp-content\/uploads\/2026\/04\/83641371.webp.webp\" width=\"980\" height=\"441\" title=\"- Ser opp til dem\" alt=\"\" class=\"lazyload\" style=\"--aspect-ratio-image: 2.22; \"\/><\/p>\n<p>        &#8211; Ser opp til dem<\/p>\n<p>    <\/a><\/p>\n<p>\u00abM\u00e5tte dagen bli god\u00bb, skriver en annen.\u00a0<\/p>\n<p>Varme ord\t<\/p>\n<p>Videre i innlegget roser M\u00e4rtha datteren og skriver at hun gleder seg over \u00e5 f\u00e5 ta del i Leahs oppturer og nedturer i livet.\u00a0\u00a0<\/p>\n<p>        OM KONGEFAMILIEN: Prinsesse M\u00e4rtha Louise \u00f8nsket ikke \u00e5 kommentere familiesituasjonen da hun m\u00f8tte opp p\u00e5 r\u00f8d l\u00f8per p\u00e5 Villoid-prisen 2026. Video: Karolina Rusov-Hansen<\/p>\n<p class=\"font-weight-bold m-font-weight-bold\" data-lab-font_weight=\"font-weight-bold\">\u00abVi f\u00f8ler oss utrolig heldige som har deg i livene v\u00e5re. Mitt er rett og slett bedre fordi du er i det\u00bb, skriver hun, og legger til avslutningsvis:<\/p>\n<p>\u00abJeg elsker deg mer enn ord kan beskrive\u00bb.<\/p>\n<p>        <img loading=\"lazy\" decoding=\"async\" src=\"https:\/\/www.europesays.com\/no\/wp-content\/uploads\/2026\/04\/1775696413_276_84470629.webp.webp\" width=\"686\" height=\"913\" title=\"DEN GANG DA: M\u00e4rtha har delt flere bilder av Leah som er tatt opp gjennom oppveksten. Foto: Skjermdump fra Instagram \/ @iammarthalouise\" alt=\"\" class=\"\" style=\"--aspect-ratio-image: 0.75; \"\/><\/p>\n<p>\n        DEN GANG DA: M\u00e4rtha har delt flere bilder av Leah som er tatt opp gjennom oppveksten. Foto: Skjermdump fra Instagram \/ @iammarthalouise\n    <\/p>\n<p>&#8211; Takknemlig\u00a0\t<\/p>\n<p>Leah Behn har selv delt glimt fra f\u00f8dselsdagen sin p\u00e5 sin egen Instagram-profil onsdag.\u00a0<\/p>\n<p>    <a itemprop=\"url\" href=\"https:\/\/www.dagbladet.no\/kjendis\/vil-du-fa-meg-til-a-grate\/83637709\" rel=\"nofollow noopener\" target=\"_blank\"><\/p>\n<p>        <img loading=\"lazy\" decoding=\"async\" src=\"https:\/\/www.europesays.com\/no\/wp-content\/uploads\/2026\/04\/83638656.webp.webp\" width=\"980\" height=\"441\" title=\"- Vil du f\u00e5 meg til \u00e5 gr\u00e5te?\" alt=\"\" class=\"lazyload\" style=\"--aspect-ratio-image: 2.22; \"\/><\/p>\n<p>        &#8211; Vil du f\u00e5 meg til \u00e5 gr\u00e5te?<\/p>\n<p>    <\/a><\/p>\n<p class=\"font-weight-bold m-font-weight-bold\" data-lab-font_weight=\"font-weight-bold\">Utifra bilder p\u00e5 hennes historiefunksjon, ser det ut til at dagen startet med et par sjokolademuffins med bursdagslys &#8211; og at hun seinere feiret med et friskt bad, etterfulgt av litt badstue, p\u00e5 S\u00f8renga i Oslo.\u00a0<\/p>\n<p>        <img loading=\"lazy\" decoding=\"async\" src=\"https:\/\/www.europesays.com\/no\/wp-content\/uploads\/2026\/04\/1775696414_347_84470673.webp.webp\" width=\"667\" height=\"848\" title=\"FIN START P\u00c5 DAGEN: Det ser ut til at Leah har hatt en fin f\u00f8dselsdag, med kake og annen moro. Foto: Skjermdump fra Instagram \/ @leah.behn\" alt=\"\" class=\"\" style=\"--aspect-ratio-image: 0.79; \"\/><\/p>\n<p>\n        FIN START P\u00c5 DAGEN: Det ser ut til at Leah har hatt en fin f\u00f8dselsdag, med kake og annen moro. Foto: Skjermdump fra Instagram \/ @leah.behn\n    <\/p>\n<p>Like etter klokka 17.00 onsdag formiddag har 21-\u00e5ringen lagt ut et nytt videoklipp p\u00e5 Instagram. Der filmer hun seg selv mens hun sminker seg og ordner h\u00e5ret.<\/p>\n<p>\u00abF\u00f8ler meg takknemlig\u00bb, skriver hun i snutten, mens hun smiler varmt.\u00a0<\/p>\n<p><script async src=\"\/\/www.instagram.com\/embed.js\"><\/script><\/p>\n","protected":false},"excerpt":{"rendered":"Prinsesse M\u00e4rtha Louise: Prinsessen deler r\u00f8rende hilsen til datteren onsdag ettermiddag. ROSER: M\u00e4rtha Louise deler varme og r\u00f8rende&hellip;\n","protected":false},"author":2,"featured_media":208235,"comment_status":"","ping_status":"","sticky":false,"template":"","format":"standard","meta":{"footnotes":"","_share_on_mastodon":"0"},"categories":[58],"tags":[6119,530,3990,2858,71,9767,4883,479,1222,4447,4186,30,28,29,404,72],"class_list":["post-208234","post","type-post","status-publish","format-standard","has-post-thumbnail","category-underholdning","tag-ari-behn","tag-bursdag","tag-det-norske-kongehuset","tag-durek-verrett","tag-entertainment","tag-hyllest","tag-instagram","tag-kjendis","tag-kongefamilien","tag-leah-behn","tag-martha-louise","tag-no","tag-norge","tag-norway","tag-slottet","tag-underholdning"],"share_on_mastodon":{"url":"https:\/\/pubeurope.com\/@no\/116372047848701204","error":""},"_links":{"self":[{"href":"https:\/\/www.europesays.com\/no\/wp-json\/wp\/v2\/posts\/208234","targetHints":{"allow":["GET"]}}],"collection":[{"href":"https:\/\/www.europesays.com\/no\/wp-json\/wp\/v2\/posts"}],"about":[{"href":"https:\/\/www.europesays.com\/no\/wp-json\/wp\/v2\/types\/post"}],"author":[{"embeddable":true,"href":"https:\/\/www.europesays.com\/no\/wp-json\/wp\/v2\/users\/2"}],"replies":[{"embeddable":true,"href":"https:\/\/www.europesays.com\/no\/wp-json\/wp\/v2\/comments?post=208234"}],"version-history":[{"count":0,"href":"https:\/\/www.europesays.com\/no\/wp-json\/wp\/v2\/posts\/208234\/revisions"}],"wp:featuredmedia":[{"embeddable":true,"href":"https:\/\/www.europesays.com\/no\/wp-json\/wp\/v2\/media\/208235"}],"wp:attachment":[{"href":"https:\/\/www.europesays.com\/no\/wp-json\/wp\/v2\/media?parent=208234"}],"wp:term":[{"taxonomy":"category","embeddable":true,"href":"https:\/\/www.europesays.com\/no\/wp-json\/wp\/v2\/categories?post=208234"},{"taxonomy":"post_tag","embeddable":true,"href":"https:\/\/www.europesays.com\/no\/wp-json\/wp\/v2\/tags?post=208234"}],"curies":[{"name":"wp","href":"https:\/\/api.w.org\/{rel}","templated":true}]}}