{"id":20878,"date":"2025-08-28T23:26:07","date_gmt":"2025-08-28T23:26:07","guid":{"rendered":"https:\/\/www.europesays.com\/no\/20878\/"},"modified":"2025-08-28T23:26:07","modified_gmt":"2025-08-28T23:26:07","slug":"curtis-windom-henrettet-i-florida-med-giftsproyte","status":"publish","type":"post","link":"https:\/\/www.europesays.com\/no\/20878\/","title":{"rendered":"Curtis Windom henrettet i Florida med giftspr\u00f8yte"},"content":{"rendered":"\n<p class=\"_lead_1bvmi_2 _lead_xtcu6_50 layout-component text-serif-m layout-normal text-serif-l layout-component layout-wide layout-padded _wide_17hqh_1 layout-padded\">En mann som var d\u00f8mt for \u00e5 ha drept kj\u00e6resten sin, moren hennes og en mann han mente skyldte ham penger, ble henrettet med giftspr\u00f8yte i Florida torsdag kveld.<\/p>\n<p><img alt=\"Curtis Windom ble henrettet med giftspr\u00f8yte torsdag kveld.  Foto: HANDOUT \/ AFP \/ NTB\" class=\"_image_qp4xg_65 layout-component layout-wide\" data-fullscreen- data-track-element-type=\"Article image fullscreen\" data-track-name=\"ImageFullscreen\" fetchpriority=\"high\" decoding=\"sync\" loading=\"eager\" height=\"385\" itemprop=\"image\"  src=\"https:\/\/www.europesays.com\/no\/wp-content\/uploads\/2025\/08\/c1a13170-fbb9-4a8c-9ad5-3eb0d4ffb2bc\"  style=\"object-position:0% 0%\" width=\"513\"\/>Curtis Windom ble henrettet med giftspr\u00f8yte torsdag kveld.  Foto: HANDOUT \/ AFP \/ NTB<\/p>\n<ul aria-hidden=\"true\" class=\"_images_1y6fe_106\">\n<li><a class=\"_link_1y6fe_111\" href=\"https:\/\/www.vg.no\/forfatter\/ntb\" style=\"z-index:1\" title=\"NTB\" rel=\"nofollow noopener\" target=\"_blank\"><img alt=\"Bilde av NTB\" class=\"_image_1y6fe_88\" fetchpriority=\"low\" loading=\"lazy\" decoding=\"async\" itemprop=\"image\"  src=\"https:\/\/www.europesays.com\/no\/wp-content\/uploads\/2025\/08\/1756423567_200_c33980b0-5d07-4027-84a1-813f90a7c8d6\"  width=\"480\"\/><\/a><\/li>\n<\/ul>\n<p> Oppdatert fredag 29. august kl. 00:53     <\/p>\n<p class=\"_paragraph_1bvmi_4 _paragraph_xtcu6_10 layout-component text-serif-m layout-normal text-serif-m layout-padded\">59 \u00e5r gamle Curtis Windom ble erkl\u00e6rt d\u00f8d klokken 18.17 lokal tid etter det som var den ellevte henrettelsen i delstaten i \u00e5r. <\/p>\n<p class=\"_paragraph_1bvmi_4 _paragraph_xtcu6_10 layout-component text-serif-m layout-normal text-serif-m layout-padded\">Det var den 30. henrettelsen i USA i \u00e5r, og ingen andre delstater har henrettet s\u00e5 mange som <a href=\"https:\/\/www.vg.no\/tag\/florida?utm_source=vg-article&amp;utm_medium=auto-tagger&amp;utm_campaign=pPzmMw\" class=\"_link_1bvmi_39\" rel=\"nofollow noopener\" target=\"_blank\">Florida<\/a>. Texas og South Carolina har henrettet fire fanger hver.<\/p>\n<p class=\"_paragraph_1bvmi_4 _paragraph_xtcu6_10 layout-component text-serif-m layout-normal text-serif-m layout-padded\">Heller ikke Florida har gjennomf\u00f8rt s\u00e5 mange henrettelser siden d\u00f8dsstraff igjen ble tillatt i USA i 1976. Den forrige toppen ble n\u00e5dd i 2014, da delstaten tok livet av \u00e5tte d\u00f8dsd\u00f8mte.<\/p>\n<p class=\"_paragraph_1bvmi_4 _paragraph_xtcu6_10 layout-component text-serif-m layout-normal text-serif-m layout-padded\">Drapene Windom var d\u00f8mt for, skjedde i Orlando-omr\u00e5det i november 1992. De tre ble skutt med en revolver han hadde kj\u00f8pt den samme dagen. <\/p>\n<p class=\"_paragraph_1bvmi_4 _paragraph_xtcu6_10 layout-component text-serif-m layout-normal text-serif-m layout-padded\">Kj\u00e6resten som ble drept var mor til ett av Windoms barn. Datteren har fors\u00f8kt \u00e5 hindre henrettelsen av faren. <\/p>\n<p class=\"_paragraph_1bvmi_4 _paragraph_xtcu6_10 layout-component text-serif-m layout-normal text-serif-m layout-padded\">\u2013 Tilgivelse tar tid, og 33 \u00e5r er lang tid. Jeg har tilgitt faren min, sier datteren i en uttalelse fra en gruppe som jobber mot d\u00f8dsstraff. <\/p>\n<p class=\"_paragraph_1bvmi_4 _paragraph_xtcu6_10 layout-component text-serif-m layout-normal text-serif-m layout-padded\">De samlet inn over 5000 underskrifter for \u00e5 f\u00e5 guvern\u00f8ren til \u00e5 gripe inn i saken. <\/p>\n","protected":false},"excerpt":{"rendered":"En mann som var d\u00f8mt for \u00e5 ha drept kj\u00e6resten sin, moren hennes og en mann han mente&hellip;\n","protected":false},"author":2,"featured_media":20879,"comment_status":"","ping_status":"","sticky":false,"template":"","format":"standard","meta":{"footnotes":""},"categories":[12],"tags":[20,21,3512,24,25,507,15,22,23,13,30,28,29,14,16,26,27,50,42,43,44,45],"class_list":{"0":"post-20878","1":"post","2":"type-post","3":"status-publish","4":"format-standard","5":"has-post-thumbnail","7":"category-verden","8":"tag-breaking-news","9":"tag-breakingnews","10":"tag-dodsstraff","11":"tag-featured-news","12":"tag-featurednews","13":"tag-florida","14":"tag-headlines","15":"tag-latest-news","16":"tag-latestnews","17":"tag-news","18":"tag-no","19":"tag-norge","20":"tag-norway","21":"tag-nyheter","22":"tag-overskrifter","23":"tag-top-stories","24":"tag-topstories","25":"tag-usa","26":"tag-verden","27":"tag-world","28":"tag-world-news","29":"tag-worldnews"},"share_on_mastodon":{"url":"","error":""},"_links":{"self":[{"href":"https:\/\/www.europesays.com\/no\/wp-json\/wp\/v2\/posts\/20878","targetHints":{"allow":["GET"]}}],"collection":[{"href":"https:\/\/www.europesays.com\/no\/wp-json\/wp\/v2\/posts"}],"about":[{"href":"https:\/\/www.europesays.com\/no\/wp-json\/wp\/v2\/types\/post"}],"author":[{"embeddable":true,"href":"https:\/\/www.europesays.com\/no\/wp-json\/wp\/v2\/users\/2"}],"replies":[{"embeddable":true,"href":"https:\/\/www.europesays.com\/no\/wp-json\/wp\/v2\/comments?post=20878"}],"version-history":[{"count":0,"href":"https:\/\/www.europesays.com\/no\/wp-json\/wp\/v2\/posts\/20878\/revisions"}],"wp:featuredmedia":[{"embeddable":true,"href":"https:\/\/www.europesays.com\/no\/wp-json\/wp\/v2\/media\/20879"}],"wp:attachment":[{"href":"https:\/\/www.europesays.com\/no\/wp-json\/wp\/v2\/media?parent=20878"}],"wp:term":[{"taxonomy":"category","embeddable":true,"href":"https:\/\/www.europesays.com\/no\/wp-json\/wp\/v2\/categories?post=20878"},{"taxonomy":"post_tag","embeddable":true,"href":"https:\/\/www.europesays.com\/no\/wp-json\/wp\/v2\/tags?post=20878"}],"curies":[{"name":"wp","href":"https:\/\/api.w.org\/{rel}","templated":true}]}}