{"id":209006,"date":"2026-04-10T04:43:06","date_gmt":"2026-04-10T04:43:06","guid":{"rendered":"https:\/\/www.europesays.com\/no\/209006\/"},"modified":"2026-04-10T04:43:06","modified_gmt":"2026-04-10T04:43:06","slug":"slik-taklet-camilla-herrem-sjokket-apnet-noen-champagneflasker","status":"publish","type":"post","link":"https:\/\/www.europesays.com\/no\/209006\/","title":{"rendered":"Slik taklet Camilla Herrem sjokket: \u2013 \u00c5pnet noen champagneflasker"},"content":{"rendered":"\n<p class=\"_lead_145nj_2 _lead_6fko5_53 layout-component text-serif-m layout-normal text-serif-l layout-component layout-wide layout-padded _wide_17hqh_1 layout-padded\">Camilla Herrem hyller sine n\u00e6rmeste omgivelser.<\/p>\n<p><img alt=\"TAKKER S\u00d8STEREN: Camilla Herrem med stores\u00f8ster Cathrine p\u00e5 KK-gallaen i vinter. Foto: Thomas Fure \/ NTB\" class=\"_image_jw3bv_65 layout-component layout-wide\" data-fullscreen- data-track-element-type=\"Article image fullscreen\" data-track-name=\"ImageFullscreen\" fetchpriority=\"high\" decoding=\"sync\" loading=\"eager\" height=\"772\" itemprop=\"image\"  src=\"https:\/\/www.europesays.com\/no\/wp-content\/uploads\/2026\/04\/bb505fb1-fb3f-47f0-8123-2982353c840f.jpeg\"  style=\"object-position:0% 0%\" width=\"1014\"\/>TAKKER S\u00d8STEREN: Camilla Herrem med stores\u00f8ster Cathrine p\u00e5 KK-gallaen i vinter. Foto: Thomas Fure \/ NTB<\/p>\n<ul aria-hidden=\"true\" class=\"_images_ntbth_112\">\n<li><a class=\"_link_ntbth_117\" href=\"https:\/\/www.vg.no\/forfatter\/jostein-overvik\" style=\"z-index:1\" title=\"Jostein Overvik\" rel=\"nofollow noopener\" target=\"_blank\"><img alt=\"Bilde av Jostein Overvik\" class=\"_image_ntbth_93\" fetchpriority=\"low\" loading=\"lazy\" decoding=\"async\" itemprop=\"image\"  src=\"https:\/\/www.europesays.com\/no\/wp-content\/uploads\/2026\/04\/2c83b037-9b1d-4000-8af3-135f5fb7897e.jpeg\"  width=\"480\"\/><\/a><\/li>\n<\/ul>\n<p> Oppdatert fredag 10. april kl. 05:39    <\/p>\n<ul class=\"_list_145nj_3 _list_64s2r_85 _unordered_145nj_106 text-sans-m\">\n<li class=\"_item_145nj_30\">Camilla Herrem hyller familien og vennene sine for st\u00f8tten under kreftbehandlingen.<\/li>\n<li class=\"_item_145nj_30\">H\u00e5ndballstjernen  \u00e5pnet dagen etter kreftbeskjeden champagneflasker, danset lo og gr\u00e5t sammen.<\/li>\n<li class=\"_item_145nj_30\">Ektemannen Steffen Stegavik f\u00e5r stor ros for sin st\u00f8tte.<\/li>\n<li class=\"_item_145nj_30\">Herrem spilte serie\u00e5pning to m\u00e5neder etter diagnosen og har nylig vunnet seriegull med Sola.<\/li>\n<li class=\"_item_145nj_30\">Hun ble operert i desember og er n\u00e5 kreftfri, men kjenner fortsatt p\u00e5 de mentale ettervirkningene.<\/li>\n<\/ul>\n<p>Vis mer <\/p>\n<p class=\"_paragraph_145nj_4 _paragraph_6fko5_10 layout-component text-serif-m layout-normal text-serif-m layout-padded\">H\u00e5ndballstjernen, <a href=\"https:\/\/www.vg.no\/sport\/i\/QJJP2Q\/vill-herrem-jubel-for-sola-gull\" data-track-element-type=\"Link\" data-track-id=\"link:QJJP2Q\" class=\"_link_145nj_39\" rel=\"nofollow noopener\" target=\"_blank\">som nylig vant seriegull med Sola<\/a>, fikk den vanskelige beskjeden om brystkreft en sommerfredag i fjor.<\/p>\n<p class=\"_paragraph_145nj_4 _paragraph_6fko5_10 layout-component text-serif-m layout-normal text-serif-m layout-padded\">I podkasten <a href=\"https:\/\/podme.com\/no\/episode\/11285664\/\" class=\"_link_145nj_39\" rel=\"nofollow noopener\" target=\"_blank\">\u00abIda med hjertet i h\u00e5nden\u00bb<\/a> forteller Herrem hvordan hun taklet de neste dagene. Familie og venner var tett p\u00e5 henne.<\/p>\n<p class=\"_paragraph_145nj_4 _paragraph_6fko5_10 layout-component text-serif-m layout-normal text-serif-m layout-padded\"><strong class=\"_strong_145nj_25\">\u2013 Jeg er evig takknemlig for familien min og vennene mine for m\u00e5ten de stilte opp p\u00e5, sier 39-\u00e5ring i podkasten og er tydelig p\u00e5 at det ikke alltid handler om \u00e5 sp\u00f8rre om hvordan det g\u00e5r.<\/strong><\/p>\n<p class=\"_paragraph_145nj_4 _paragraph_6fko5_10 layout-component text-serif-m layout-normal text-serif-m layout-padded\">Men at de n\u00e6rmeste bare var der for henne.<\/p>\n<p class=\"_paragraph_145nj_4 _paragraph_6fko5_10 layout-component text-serif-m layout-normal text-serif-m layout-padded\">Dagen etter den sjokkerende beskjeden dro hun til barndomshjemmet sammen med s\u00f8steren Cathrine. Mamma Astrid var enn\u00e5 ikke kommet hjem fra sin plutselig avbrutte ferie i utlandet.<\/p>\n<p class=\"_paragraph_145nj_4 _paragraph_6fko5_10 layout-component text-serif-m layout-normal text-serif-m layout-padded\"><strong class=\"_strong_145nj_25\">\u2013 Vi dro hjem til mor og \u00e5pnet noen champagneflasker, og fyrte p\u00e5 musikken, danset, lo og grein, forteller <a href=\"https:\/\/www.vg.no\/tag\/camilla-herrem?utm_source=vg-article&amp;utm_medium=auto-tagger&amp;utm_campaign=Okg8lb\" class=\"_link_145nj_39\" rel=\"nofollow noopener\" target=\"_blank\">Camilla Herrem<\/a>.<\/strong><\/p>\n<p class=\"_paragraph_145nj_4 _paragraph_6fko5_10 layout-component text-serif-m layout-normal text-serif-m layout-padded\">S\u00f8steren barberte senere av henne det siste h\u00e5ret. <a href=\"https:\/\/www.vg.no\/sport\/i\/nyd7wm\/camilla-herrem\" data-track-element-type=\"Link\" data-track-id=\"link:nyd7wm\" class=\"_link_145nj_39\" rel=\"nofollow noopener\" target=\"_blank\">Herrem spilte to m\u00e5neder etter serie\u00e5pningen<\/a>. Ektemann og Sola-trener Steffen Stegavik var tett p\u00e5. Han blir rost opp i skyene av kona.<\/p>\n<p class=\"_paragraph_145nj_4 _paragraph_6fko5_10 layout-component text-serif-m layout-normal text-serif-m layout-padded\">\u2013 Steffen har v\u00e6rt den tryggeste personen i verden. Jeg tror ikke han forst\u00e5r hvor mye han har betydd, sier hun i Ida Fladens podkast.<\/p>\n<p class=\"_paragraph_145nj_4 _paragraph_6fko5_10 layout-component text-serif-m layout-normal text-serif-m layout-padded\"><strong class=\"_strong_145nj_25\">Sola sikret to kamper f\u00f8r slutt seriegullet etter 105 scoringer av Herrem. Hun har ogs\u00e5 levert 57 m\u00e5l i Champions League denne sesongen. N\u00e5 gjenst\u00e5r serieavslutningen med gullfeiring \u2013 pluss sluttspillet.<\/strong><\/p>\n<p><img alt=\"Foto: Ole Martin Wold \/ NTB\" class=\"_image_jw3bv_65 layout-component layout-normal\" data-fullscreen- data-track-element-type=\"Article image fullscreen\" data-track-name=\"ImageFullscreen\" decoding=\"async\" loading=\"lazy\" height=\"1714\" itemprop=\"image\"  src=\"https:\/\/www.europesays.com\/no\/wp-content\/uploads\/2026\/04\/2df2f7e0-c9bd-47af-9a46-a2103d9c4979.jpeg\"  style=\"object-position:0% 0%\" width=\"2556\"\/>Foto: Ole Martin Wold \/ NTB<\/p>\n<p class=\"_paragraph_145nj_4 _paragraph_6fko5_10 layout-component text-serif-m layout-normal text-serif-m layout-padded\">Camilla Herrem ble operert i desember og ble samtidig erkl\u00e6rt kreftfri. <\/p>\n<p class=\"_paragraph_145nj_4 _paragraph_6fko5_10 layout-component text-serif-m layout-normal text-serif-m layout-padded\"><a href=\"https:\/\/www.vg.no\/sport\/i\/7ppdx8\/camilla-herrem-paa-vei-mot-historisk-gull-med-sola-ganske-utrolig\" data-track-element-type=\"Link\" data-track-id=\"link:7ppdx8\" class=\"_link_145nj_39\" rel=\"nofollow noopener\" target=\"_blank\">I et VG-intervju f\u00f8r p\u00e5ske fortalte hun<\/a> om at det er s\u00e5rbart \u00e5 v\u00e6re ferdig med en kreftbehandling. Hun mener \u00e5 ha f\u00e5tt tilbake fysikken, men det psykiske er ikke like enkelt \u00e5 takle alle dager.<\/p>\n<p class=\"_paragraph_145nj_4 _paragraph_6fko5_10 layout-component text-serif-m layout-normal text-serif-m layout-padded\">\u2013 Jeg har f\u00e5tt tett oppf\u00f8lging, men jeg blir redd innimellom. Tankene vandrer uansett om jeg vil eller ikke, fortalte hun og fortsatte:<\/p>\n<p class=\"_paragraph_145nj_4 _paragraph_6fko5_10 layout-component text-serif-m layout-normal text-serif-m layout-padded\">\u2013 De er ikke enkle \u00e5 styre uansett. Du er inne i en berg-og-dalbane annenhver dag. Men s\u00e5nn er det. Det er fortsatt veldig ferskt og den mentale biten er den t\u00f8ffeste av alt. Det tror jeg mange kjenner seg igjen i.<\/p>\n","protected":false},"excerpt":{"rendered":"Camilla Herrem hyller sine n\u00e6rmeste omgivelser. TAKKER S\u00d8STEREN: Camilla Herrem med stores\u00f8ster Cathrine p\u00e5 KK-gallaen i vinter. Foto:&hellip;\n","protected":false},"author":2,"featured_media":209007,"comment_status":"","ping_status":"","sticky":false,"template":"","format":"standard","meta":{"footnotes":"","_share_on_mastodon":"0"},"categories":[59],"tags":[2138,107,105,7196,30,28,29,83,82],"class_list":["post-209006","post","type-post","status-publish","format-standard","has-post-thumbnail","category-sport","tag-brystkreft","tag-camilla-herrem","tag-handball","tag-ida-fladen","tag-no","tag-norge","tag-norway","tag-sport","tag-sports"],"share_on_mastodon":{"url":"https:\/\/pubeurope.com\/@no\/116378586624756517","error":""},"_links":{"self":[{"href":"https:\/\/www.europesays.com\/no\/wp-json\/wp\/v2\/posts\/209006","targetHints":{"allow":["GET"]}}],"collection":[{"href":"https:\/\/www.europesays.com\/no\/wp-json\/wp\/v2\/posts"}],"about":[{"href":"https:\/\/www.europesays.com\/no\/wp-json\/wp\/v2\/types\/post"}],"author":[{"embeddable":true,"href":"https:\/\/www.europesays.com\/no\/wp-json\/wp\/v2\/users\/2"}],"replies":[{"embeddable":true,"href":"https:\/\/www.europesays.com\/no\/wp-json\/wp\/v2\/comments?post=209006"}],"version-history":[{"count":0,"href":"https:\/\/www.europesays.com\/no\/wp-json\/wp\/v2\/posts\/209006\/revisions"}],"wp:featuredmedia":[{"embeddable":true,"href":"https:\/\/www.europesays.com\/no\/wp-json\/wp\/v2\/media\/209007"}],"wp:attachment":[{"href":"https:\/\/www.europesays.com\/no\/wp-json\/wp\/v2\/media?parent=209006"}],"wp:term":[{"taxonomy":"category","embeddable":true,"href":"https:\/\/www.europesays.com\/no\/wp-json\/wp\/v2\/categories?post=209006"},{"taxonomy":"post_tag","embeddable":true,"href":"https:\/\/www.europesays.com\/no\/wp-json\/wp\/v2\/tags?post=209006"}],"curies":[{"name":"wp","href":"https:\/\/api.w.org\/{rel}","templated":true}]}}