{"id":209051,"date":"2026-04-10T06:06:16","date_gmt":"2026-04-10T06:06:16","guid":{"rendered":"https:\/\/www.europesays.com\/no\/209051\/"},"modified":"2026-04-10T06:06:16","modified_gmt":"2026-04-10T06:06:16","slug":"sigrid-deler-bilder-med-mystisk-mann","status":"publish","type":"post","link":"https:\/\/www.europesays.com\/no\/209051\/","title":{"rendered":"Sigrid deler bilder med mystisk mann"},"content":{"rendered":"\n<p class=\"_lead_145nj_2 _lead_6fko5_53 layout-component text-serif-m layout-normal text-serif-l layout-component layout-wide layout-padded _wide_17hqh_1 layout-padded\">Artisten delte torsdag kveld en Instagram-karusell for sine 500.000 f\u00f8lgere med bilder sammen med en mann.<\/p>\n<p><img alt=\" Foto: Naina Hel\u00e9n J\u00e5ma \/ VG\" class=\"_image_jw3bv_65 layout-component layout-wide\" data-fullscreen- data-track-element-type=\"Article image fullscreen\" data-track-name=\"ImageFullscreen\" fetchpriority=\"high\" decoding=\"sync\" loading=\"eager\" height=\"4061\" itemprop=\"image\"  src=\"https:\/\/www.europesays.com\/no\/wp-content\/uploads\/2026\/04\/4e1b09f9-5573-4bd8-9900-00425ecdf082.jpeg\"  style=\"object-position:52.972085385878486% 23.454814085200688%\" width=\"3045\"\/> Foto: Naina Hel\u00e9n J\u00e5ma \/ VG<\/p>\n<ul aria-hidden=\"true\" class=\"_images_ntbth_112\">\n<li><a class=\"_link_ntbth_117\" href=\"https:\/\/www.vg.no\/forfatter\/hannah-solstad-klepp\" style=\"z-index:1\" title=\"Hannah Solstad Klepp\" rel=\"nofollow noopener\" target=\"_blank\"><img alt=\"Bilde av Hannah Solstad Klepp\" class=\"_image_ntbth_93\" fetchpriority=\"low\" loading=\"lazy\" decoding=\"async\" itemprop=\"image\"  src=\"https:\/\/www.europesays.com\/no\/wp-content\/uploads\/2026\/04\/1775801175_483_f811f9c1-64f7-4c50-9133-b5735831a650.jpeg\"  width=\"480\"\/><\/a><\/li>\n<\/ul>\n<p> Oppdatert torsdag 9. april kl. 23:20     <\/p>\n<p class=\"_paragraph_145nj_4 _paragraph_6fko5_10 layout-component text-serif-m layout-normal text-serif-m layout-padded\">P\u00e5 en time hadde karusellen over 5000 likes. I bildeteksten legger hun ved et smilefjes med hjerter rundt, en tommel opp og tre utropstegn:<\/p>\n<p><img alt=\"\" class=\"_image_jw3bv_65 layout-component layout-normal\" data-fullscreen- data-track-element-type=\"Article image fullscreen\" data-track-name=\"ImageFullscreen\" decoding=\"async\" loading=\"lazy\" height=\"232\" itemprop=\"image\"  src=\"https:\/\/www.europesays.com\/no\/wp-content\/uploads\/2026\/04\/6c6da790-d2b7-45e8-bc6f-a99e48525f75.jpeg\"  style=\"object-position:0% 0%\" width=\"388\"\/><\/p>\n<p class=\"_paragraph_145nj_4 _paragraph_6fko5_10 layout-component text-serif-m layout-normal text-serif-m layout-padded\">I kommentarfeltet er det flere som kommer med gratulasjoner, mens andre sp\u00f8r om dette er den nye kj\u00e6resten hennes. <\/p>\n<p class=\"_paragraph_145nj_4 _paragraph_6fko5_10 layout-component text-serif-m layout-normal text-serif-m layout-padded\">VG har ikke f\u00e5tt bekreftet om dette er hennes nye kj\u00e6reste. Manageren hennes skriver \u00abIngen kommentar\u00bb, n\u00e5r VG sp\u00f8r om dette.<\/p>\n<p class=\"_paragraph_145nj_4 _paragraph_6fko5_10 layout-component text-serif-m layout-normal text-serif-m layout-padded\">Bildene er fra flere lokasjoner, og viser en tilsynelatende blid <a href=\"https:\/\/www.vg.no\/tag\/sigrid?utm_source=vg-article&amp;utm_medium=auto-tagger&amp;utm_campaign=6q49AW\" class=\"_link_145nj_39\" rel=\"nofollow noopener\" target=\"_blank\">Sigrid<\/a> og mann.<\/p>\n<p class=\"_paragraph_145nj_4 _paragraph_6fko5_10 layout-component text-serif-m layout-normal text-serif-m layout-padded\">Artist Rebekka Moe kommenterte under bildene: \u00abHard launchHard launch\u00abHard launch\u00bb er et uttrykk (hovedsakelig fra sosiale medier) som betyr \u00e5 offentliggj\u00f8re et nytt forhold br\u00e5tt og tydelig. fully appreciated\u00bb. Artistens s\u00f8ster, Johanne Raabe, har kommentert med en emoji med to hender som former et hjerte.<\/p>\n<p class=\"_paragraph_145nj_4 _paragraph_6fko5_10 layout-component text-serif-m layout-normal text-serif-m layout-padded\">13. mars delte en fan en TikTok fra konserten hennes i London, hvor Sigrid sier fra scenen:<\/p>\n<p class=\"_paragraph_145nj_4 _paragraph_6fko5_10 layout-component text-serif-m layout-normal text-serif-m layout-padded\">\u2013 Kj\u00e6resten min er bygningen, jeg vil imponere han. Kan vi g\u00e5 s\u00e5 h\u00f8yt vi kan i kveld, London?, f\u00f8r hun begynner \u00e5 synge \u00abStrangers\u00bb.<\/p>\n<p class=\"_paragraph_145nj_4 _paragraph_6fko5_10 layout-component text-serif-m layout-normal text-serif-m layout-padded\">Sigrid er en av Norges st\u00f8rste kvinnelige artister. I \u00e5r vann hun <a href=\"https:\/\/www.vg.no\/i\/wrg261\" data-track-element-type=\"Link\" data-track-id=\"link:wrg261\" class=\"_link_145nj_39\" rel=\"nofollow noopener\" target=\"_blank\">Spellemannprisen i kategorien pop<\/a>, for albumet \u00abThere&#8217;s Always More That I Could Say\u00bb og i november <a href=\"https:\/\/www.vg.no\/i\/wr6jKn\" data-track-element-type=\"Link\" data-track-id=\"link:wr6jKn\" class=\"_link_145nj_39\" rel=\"nofollow noopener\" target=\"_blank\">fikk hun P3 Gulls hederspris<\/a>. I 2017 vant hun Spellemann for \u00e5rets nykommer, <a href=\"https:\/\/www.vg.no\/i\/qLaOnz\" data-track-element-type=\"Link\" data-track-id=\"link:qLaOnz\" class=\"_link_145nj_39\" rel=\"nofollow noopener\" target=\"_blank\">i 2019 \u00e5rets spellemann<\/a>, og 2020 vant hun \u00e5rets popartist. <\/p>\n<p class=\"_paragraph_145nj_4 _paragraph_6fko5_10 layout-component text-serif-m layout-normal text-serif-m layout-padded\">Tidligere har hun v\u00e6rt sammen med frikj\u00f8reren Nikolai Schirmer. Etter rundt to \u00e5r tok <a href=\"https:\/\/www.vg.no\/i\/v5qmPj\" data-track-element-type=\"Link\" data-track-id=\"link:v5qmPj\" class=\"_link_145nj_39\" rel=\"nofollow noopener\" target=\"_blank\">forholdet slutt i 2022<\/a>.<\/p>\n","protected":false},"excerpt":{"rendered":"Artisten delte torsdag kveld en Instagram-karusell for sine 500.000 f\u00f8lgere med bilder sammen med en mann. Foto: Naina&hellip;\n","protected":false},"author":2,"featured_media":209052,"comment_status":"","ping_status":"","sticky":false,"template":"","format":"standard","meta":{"footnotes":"","_share_on_mastodon":"0"},"categories":[10],"tags":[20,21,24,25,15,22,23,13,30,28,29,14,16,6815,2502,26,27],"class_list":["post-209051","post","type-post","status-publish","format-standard","has-post-thumbnail","category-norge","tag-breaking-news","tag-breakingnews","tag-featured-news","tag-featurednews","tag-headlines","tag-latest-news","tag-latestnews","tag-news","tag-no","tag-norge","tag-norway","tag-nyheter","tag-overskrifter","tag-sigrid","tag-sigrid-solbakk-raabe","tag-top-stories","tag-topstories"],"share_on_mastodon":{"url":"https:\/\/pubeurope.com\/@no\/116378913217251171","error":""},"_links":{"self":[{"href":"https:\/\/www.europesays.com\/no\/wp-json\/wp\/v2\/posts\/209051","targetHints":{"allow":["GET"]}}],"collection":[{"href":"https:\/\/www.europesays.com\/no\/wp-json\/wp\/v2\/posts"}],"about":[{"href":"https:\/\/www.europesays.com\/no\/wp-json\/wp\/v2\/types\/post"}],"author":[{"embeddable":true,"href":"https:\/\/www.europesays.com\/no\/wp-json\/wp\/v2\/users\/2"}],"replies":[{"embeddable":true,"href":"https:\/\/www.europesays.com\/no\/wp-json\/wp\/v2\/comments?post=209051"}],"version-history":[{"count":0,"href":"https:\/\/www.europesays.com\/no\/wp-json\/wp\/v2\/posts\/209051\/revisions"}],"wp:featuredmedia":[{"embeddable":true,"href":"https:\/\/www.europesays.com\/no\/wp-json\/wp\/v2\/media\/209052"}],"wp:attachment":[{"href":"https:\/\/www.europesays.com\/no\/wp-json\/wp\/v2\/media?parent=209051"}],"wp:term":[{"taxonomy":"category","embeddable":true,"href":"https:\/\/www.europesays.com\/no\/wp-json\/wp\/v2\/categories?post=209051"},{"taxonomy":"post_tag","embeddable":true,"href":"https:\/\/www.europesays.com\/no\/wp-json\/wp\/v2\/tags?post=209051"}],"curies":[{"name":"wp","href":"https:\/\/api.w.org\/{rel}","templated":true}]}}