{"id":20930,"date":"2025-08-29T04:22:10","date_gmt":"2025-08-29T04:22:10","guid":{"rendered":"https:\/\/www.europesays.com\/no\/20930\/"},"modified":"2025-08-29T04:22:10","modified_gmt":"2025-08-29T04:22:10","slug":"tone-damli-blir-ny-detektiv-i-maskorama","status":"publish","type":"post","link":"https:\/\/www.europesays.com\/no\/20930\/","title":{"rendered":"Tone Damli blir ny detektiv i Maskorama"},"content":{"rendered":"\n<p class=\"_lead_1bvmi_2 _lead_xtcu6_50 layout-component text-serif-m layout-normal text-serif-l layout-component layout-wide layout-padded _wide_17hqh_1 layout-padded\">Sangeren som skjulte seg bak \u00abGladfisken\u00bb i fjor, skal n\u00e5 hjelpe til med \u00e5 avsl\u00f8re andre kjendiser.<\/p>\n<p><img alt=\" Foto: Tore Kristiansen \/ VG\" class=\"_image_qp4xg_65 layout-component layout-wide\" data-fullscreen- data-track-element-type=\"Article image fullscreen\" data-track-name=\"ImageFullscreen\" fetchpriority=\"high\" decoding=\"sync\" loading=\"eager\" height=\"2303\" itemprop=\"image\"  src=\"https:\/\/www.europesays.com\/no\/wp-content\/uploads\/2025\/08\/cfc77e69-7a6a-40da-ae3e-3a79657fbc79\"  style=\"object-position:0% 0%\" width=\"2843\"\/> Foto: Tore Kristiansen \/ VG<\/p>\n<ul aria-hidden=\"true\" class=\"_images_1y6fe_106\">\n<li><a class=\"_link_1y6fe_111\" href=\"https:\/\/www.vg.no\/forfatter\/yngve-kvistad\" style=\"z-index:1\" title=\"Yngve Kvistad\" rel=\"nofollow noopener\" target=\"_blank\"><img alt=\"Bilde av Yngve Kvistad\" class=\"_image_1y6fe_88\" fetchpriority=\"low\" loading=\"lazy\" decoding=\"async\" itemprop=\"image\"  src=\"https:\/\/www.europesays.com\/no\/wp-content\/uploads\/2025\/08\/e064fa68-a4f4-4185-8846-0cea163ada68\"  width=\"480\"\/><\/a><\/li>\n<\/ul>\n<p> Oppdatert fredag 29. august kl. 06:03    <\/p>\n<ul class=\"_list_1bvmi_3 _list_1flq1_85 _unordered_1bvmi_99 text-sans-m\">\n<li class=\"_item_1bvmi_30\">Tone Damli blir ny detektiv i Maskorama etter \u00e5 ha deltatt som Gladfisken i fjor.<\/li>\n<li class=\"_item_1bvmi_30\">Damli tar over etter Marion Ravn og blir n\u00e5 en del av detektivpanelet sammen med Tete Lidbom og Robert Stoltenberg.<\/li>\n<li class=\"_item_1bvmi_30\">Maskorama sesong 6 har premiere 8. november p\u00e5 NRK1.<\/li>\n<\/ul>\n<p>Vis mer <\/p>\n<p class=\"_paragraph_1bvmi_4 _paragraph_xtcu6_10 layout-component text-serif-m layout-normal text-serif-m layout-padded\">Tone Damli (37) bytter side i det popul\u00e6re NRK-programmet \u00ab<a href=\"https:\/\/www.vg.no\/tag\/maskorama?utm_source=vg-article&amp;utm_medium=auto-tagger&amp;utm_campaign=dRXp9A\" class=\"_link_1bvmi_39\" rel=\"nofollow noopener\" target=\"_blank\">Maskorama<\/a>\u00bb. <\/p>\n<p class=\"_paragraph_1bvmi_4 _paragraph_xtcu6_10 layout-component text-serif-m layout-normal text-serif-m layout-padded\">Etter \u00e5 ha deltatt som maskert deltager i fjor, blir hun n\u00e5 en av snushanene som skal gjette hvem som skjuler seg bak kostymene.<\/p>\n<p class=\"_paragraph_1bvmi_4 _paragraph_xtcu6_10 layout-component text-serif-m layout-normal text-serif-m layout-padded\">\u2013 Jeg gleder meg til \u00e5 bli detektiv. Jeg f\u00f8ler, sikkert som mange andre, at jeg har v\u00e6rt detektiv i alle sesongene av \u00abMaskorama\u00bb, sier Damli i en pressemelding fra NRK. <\/p>\n<p class=\"_paragraph_1bvmi_4 _paragraph_xtcu6_10 layout-component text-serif-m layout-normal text-serif-m layout-padded\">Hun legger til at det er ekstra fint \u00e5 vite hvordan det er \u00e5 v\u00e6re bak masken selv og f\u00f8lelsen deltagerne kjenner p\u00e5.<\/p>\n<p class=\"_paragraph_1bvmi_4 _paragraph_xtcu6_10 layout-component text-serif-m layout-normal text-serif-m layout-padded\">\u2013 For et hemmelighetskremmeri det er, sier hun.<\/p>\n<p><img alt=\"FISKELYKKE: Tone Damli gjorde scenesuksess som \u00abGladfisken\u00bb i Maskorama i fjor. N\u00e5 forflytter hun seg til detektivpanelet i salen.  Foto: Monster\/NRK\" class=\"_image_qp4xg_65 layout-component layout-normal\" data-fullscreen- data-track-element-type=\"Article image fullscreen\" data-track-name=\"ImageFullscreen\" decoding=\"async\" loading=\"lazy\" height=\"2478\" itemprop=\"image\"  src=\"https:\/\/www.europesays.com\/no\/wp-content\/uploads\/2025\/08\/934adaa7-c3b7-4578-aa99-0bd0a2e26506\"  style=\"object-position:0% 0%\" width=\"3716\"\/>FISKELYKKE: Tone Damli gjorde scenesuksess som \u00abGladfisken\u00bb i Maskorama i fjor. N\u00e5 forflytter hun seg til detektivpanelet i salen.  Foto: Monster\/NRK Tar over etter Marion Ravn<\/p>\n<p class=\"_paragraph_1bvmi_4 _paragraph_xtcu6_10 layout-component text-serif-m layout-normal text-serif-m layout-padded\">Tone Damli kom p\u00e5 tredjeplass som karakteren \u00abGladfisken\u00bb i fjor\u00e5rets sesong av \u00abMaskorama\u00bb. N\u00e5 tar hun over plassen til Marion Ravn, som har v\u00e6rt med i detektivpanelet helt siden programmet startet i 2020.<\/p>\n<p class=\"_paragraph_1bvmi_4 _paragraph_xtcu6_10 layout-component text-serif-m layout-normal text-serif-m layout-padded\">\u2013 \u00c5 ta over etter Marion er veldig stas, hun har gjort en str\u00e5lende innsats! Det er alltid litt skummelt \u00e5 skulle erstatte noen som har gjort en s\u00e5 god jobb, men jeg skal gj\u00f8re det p\u00e5 min m\u00e5te, fremholder Damli.<\/p>\n<p class=\"_paragraph_1bvmi_4 _paragraph_xtcu6_10 layout-component text-serif-m layout-normal text-serif-m layout-padded\">Eksekutiv produsent for \u00abMaskorama\u00bb, Pia Basberg, er sv\u00e6rt forn\u00f8yd med det nye tilskuddet til detektivpanelet.<\/p>\n<p class=\"_paragraph_1bvmi_4 _paragraph_xtcu6_10 layout-component text-serif-m layout-normal text-serif-m layout-padded\">\u2013 Det er et lykketreff at Tone sa ja. Hun er perfekt i den rollen! Og kanskje har hun noen ekstra gode tips etter \u00e5 ha gjemt seg bak en maske? sier Basberg.<\/p>\n<p class=\"_paragraph_1bvmi_4 _paragraph_xtcu6_10 layout-component text-serif-m layout-normal text-serif-m layout-padded\">Damli f\u00e5r selskap av Tete Lidbom og Robert Stoltenberg, som overtok for Jan Thomas og Nicolay Ramm.<\/p>\n<p><img alt=\"Tete Lidbom og Robert Stoltenberg f\u00e5r n\u00e5 selskap av Tone Damli, n\u00e5r Marion Ravn gir seg i panelet.  Foto: Espen Solli \/ Monster \/ NRK\" class=\"_image_qp4xg_65 layout-component layout-normal\" data-fullscreen- data-track-element-type=\"Article image fullscreen\" data-track-name=\"ImageFullscreen\" decoding=\"async\" loading=\"lazy\" height=\"4000\" itemprop=\"image\"  src=\"https:\/\/www.europesays.com\/no\/wp-content\/uploads\/2025\/08\/6e5c038f-33a6-4f08-b6d6-bcffb86b0462\"  style=\"object-position:0% 0%\" width=\"6000\"\/>Tete Lidbom og Robert Stoltenberg f\u00e5r n\u00e5 selskap av Tone Damli, n\u00e5r Marion Ravn gir seg i panelet.  Foto: Espen Solli \/ Monster \/ NRK Fra \u00abIdol\u00bb-stjerne til \u00abMaskorama\u00bb-detektiv<\/p>\n<p class=\"_paragraph_1bvmi_4 _paragraph_xtcu6_10 layout-component text-serif-m layout-normal text-serif-m layout-padded\">Tone Damli er en erfaren artist som fikk sitt store gjennombrudd da hun kom p\u00e5 annenplass i \u00abIdol\u00bb p\u00e5 TV 2 i 2005. Finalen ble sett av 1,4 millioner seere og gikk inn i historien som det mest sette underholdningsprogrammet i TV 2s historie, if\u00f8lge <a href=\"https:\/\/no.wikipedia.org\/wiki\/Tone_Damli\" class=\"_link_1bvmi_39\" rel=\"nofollow noopener\" target=\"_blank\">Wikipedia<\/a>.<\/p>\n<p class=\"_paragraph_1bvmi_4 _paragraph_xtcu6_10 layout-component text-serif-m layout-normal text-serif-m layout-padded\">Siden den gang har sognd\u00f8len hatt en lang karriere innen musikk og TV. Hun har deltatt i Melodi Grand Prix tre ganger, v\u00e6rt programleder for \u00abLove Island\u00bb og deltatt i programmer som \u00abSkal vi danse\u00bb, \u00abKompani Lauritzen\u00bb og \u00abStjernekamp\u00bb.<\/p>\n<p class=\"_paragraph_1bvmi_4 _paragraph_xtcu6_10 layout-component text-serif-m layout-normal text-serif-m layout-padded\">\u00abMaskorama\u00bb er den norske versjonen av det internasjonale TV-konseptet \u00abThe Masked Singer\u00bb, som bygger p\u00e5 et s\u00f8rkoreansk underholdningsprogram, \u00abKing of Mask Singer\u00bb. <\/p>\n<p class=\"_paragraph_1bvmi_4 _paragraph_xtcu6_10 layout-component text-serif-m layout-normal text-serif-m layout-padded\">Programmet g\u00e5r ut p\u00e5 at kjendiser ikledd spektakul\u00e6re kostymer og masker fremf\u00f8rer musikalske nummer, mens et detektivpanel og publikum skal gjette hvem som skjuler seg bak maskene.<\/p>\n<p><img alt=\"F\u00d8RSTE VINNER: Ulrikke Brandstorp vant f\u00f8rste Maskorama i 2020. Her i duett med \u00abVikingen\u00bb (Herman Dahl).  Foto: Foto: JULIA MARIE NAGLESTAD\/NRK\" class=\"_image_qp4xg_65 layout-component layout-normal\" data-fullscreen- data-track-element-type=\"Article image fullscreen\" data-track-name=\"ImageFullscreen\" decoding=\"async\" loading=\"lazy\" height=\"2362\" itemprop=\"image\"  src=\"https:\/\/www.europesays.com\/no\/wp-content\/uploads\/2025\/08\/dba8f208-342f-4549-ad34-8eaa258df41c\"  style=\"object-position:0% 0%\" width=\"3543\"\/>F\u00d8RSTE VINNER: Ulrikke Brandstorp vant f\u00f8rste Maskorama i 2020. Her i duett med \u00abVikingen\u00bb (Herman Dahl).  Foto: Foto: JULIA MARIE NAGLESTAD\/NRK<\/p>\n<p class=\"_paragraph_1bvmi_4 _paragraph_xtcu6_10 layout-component text-serif-m layout-normal text-serif-m layout-padded\">Medvirkende gjennom fem sesonger har spent fra politikere som Trygve Slagsvold Vedum (\u00abFugleskremslet\u00bb) og Abid Raja (\u00abNissen\u00bb), via idrettsut\u00f8vere som Birgit Skarstein (\u00abHytta\u00bb) og \u00d8ystein \u00abP\u00f8lsa\u00bb Pettersen (\u00abRabagasten\u00bb) til mer i\u00f8refallende deltagere som Ulrikke Brandstorp (\u00abTrollet\u00bb) og Kevin Vaagenes (\u00abKattepusen\u00bb).<\/p>\n<p class=\"_paragraph_1bvmi_4 _paragraph_xtcu6_10 layout-component text-serif-m layout-normal text-serif-m layout-padded\">Morten Harket deltok i den britiske versjonen i 2021, og Marcus og Martinus vant den svenske utgaven i 2022. Programmet har v\u00e6rt en stor suksess for NRK siden det startet i 2020. <\/p>\n<p class=\"_paragraph_1bvmi_4 _paragraph_xtcu6_10 layout-component text-serif-m layout-normal text-serif-m layout-padded\">\u00abMaskorama\u00bb ble k\u00e5ret til beste underholdningsprogram under Gullruten 2021 og har vunnet Gullrutens fagpris to ganger.<\/p>\n<p class=\"_paragraph_1bvmi_4 _paragraph_xtcu6_10 layout-component text-serif-m layout-normal text-serif-m layout-padded\">\u00abMaskorama\u00bb sesong 6 har premiere l\u00f8rdag 8. november p\u00e5 NRK, med Silje Nordnes som programleder.<\/p>\n","protected":false},"excerpt":{"rendered":"Sangeren som skjulte seg bak \u00abGladfisken\u00bb i fjor, skal n\u00e5 hjelpe til med \u00e5 avsl\u00f8re andre kjendiser. Foto:&hellip;\n","protected":false},"author":2,"featured_media":20931,"comment_status":"","ping_status":"","sticky":false,"template":"","format":"standard","meta":{"footnotes":""},"categories":[58],"tags":[71,2693,30,28,29,787,3519,3518,72,46],"class_list":{"0":"post-20930","1":"post","2":"type-post","3":"status-publish","4":"format-standard","5":"has-post-thumbnail","7":"category-underholdning","8":"tag-entertainment","9":"tag-maskorama","10":"tag-no","11":"tag-norge","12":"tag-norway","13":"tag-nrk","14":"tag-silje-nordnes","15":"tag-tone-damli-aaberge","16":"tag-underholdning","17":"tag-vgai"},"share_on_mastodon":{"url":"","error":""},"_links":{"self":[{"href":"https:\/\/www.europesays.com\/no\/wp-json\/wp\/v2\/posts\/20930","targetHints":{"allow":["GET"]}}],"collection":[{"href":"https:\/\/www.europesays.com\/no\/wp-json\/wp\/v2\/posts"}],"about":[{"href":"https:\/\/www.europesays.com\/no\/wp-json\/wp\/v2\/types\/post"}],"author":[{"embeddable":true,"href":"https:\/\/www.europesays.com\/no\/wp-json\/wp\/v2\/users\/2"}],"replies":[{"embeddable":true,"href":"https:\/\/www.europesays.com\/no\/wp-json\/wp\/v2\/comments?post=20930"}],"version-history":[{"count":0,"href":"https:\/\/www.europesays.com\/no\/wp-json\/wp\/v2\/posts\/20930\/revisions"}],"wp:featuredmedia":[{"embeddable":true,"href":"https:\/\/www.europesays.com\/no\/wp-json\/wp\/v2\/media\/20931"}],"wp:attachment":[{"href":"https:\/\/www.europesays.com\/no\/wp-json\/wp\/v2\/media?parent=20930"}],"wp:term":[{"taxonomy":"category","embeddable":true,"href":"https:\/\/www.europesays.com\/no\/wp-json\/wp\/v2\/categories?post=20930"},{"taxonomy":"post_tag","embeddable":true,"href":"https:\/\/www.europesays.com\/no\/wp-json\/wp\/v2\/tags?post=20930"}],"curies":[{"name":"wp","href":"https:\/\/api.w.org\/{rel}","templated":true}]}}