{"id":209603,"date":"2026-04-10T18:57:19","date_gmt":"2026-04-10T18:57:19","guid":{"rendered":"https:\/\/www.europesays.com\/no\/209603\/"},"modified":"2026-04-10T18:57:19","modified_gmt":"2026-04-10T18:57:19","slug":"ffk-sport-ffk-slar-tilbake-mot-fotballforbundet-vi-har-ikke-vaert-involvert-i-dette","status":"publish","type":"post","link":"https:\/\/www.europesays.com\/no\/209603\/","title":{"rendered":"FFK, Sport | FFK sl\u00e5r tilbake mot fotballforbundet: \u2013 Vi har ikke v\u00e6rt involvert i dette!"},"content":{"rendered":"\n<p>I en kommentar til <a href=\"https:\/\/www.vg.no\/sport\/i\/K8rzL6\/kritisk-til-united-treningskamp-skikkelig-kjedelig\" rel=\"Follow nofollow noopener\" target=\"_blank\">VG<\/a> forklarer NFFs konkurransedirekt\u00f8r Nils Fisketj\u00f8nn bakgrunnen for hvorfor det ble gitt gr\u00f8nt lys for \u00e5 flytte kampen Rosenborg-FFK til mandag den 27. juli.<\/p>\n<p>\u2013 Det var en klar forutsetning for \u00e5 innvilge s\u00f8knaden at <a href=\"https:\/\/www.vg.no\/tag\/fredrikstad-fk?utm_source=vg-article&amp;utm_medium=auto-tagger&amp;utm_campaign=K8rzL6\" rel=\"nofollow noopener\" target=\"_blank\">Fredrikstad FK<\/a> og rettighetshaver aksepterte dette, hvilket de gjorde, uttaler Fisketj\u00f8nn til VG.<\/p>\n<p>   <img decoding=\"async\" width=\"4364\" height=\"2909\" fetchpriority=\"low\"  loading=\"lazy\"  src=\"https:\/\/www.europesays.com\/no\/wp-content\/uploads\/2026\/04\/FSIKE.jpg\" alt=\"Oslo 20200516. &#10;Norges Fotballforbund og Nils Fisketj\u00f8nn g\u00e5r gjennom  hvordan Eliteserien 2020 blir.&#10;Foto: Terje Pedersen \/ NTB\" class=\"brick-c-cFOWSL\" style=\"--brick-image-ratio: 4364 \/ 2909;\"\/><\/p>\n<p>      Nils Fisketj\u00f8nn hevder at FFK aksepterte var med \u00e5 akseptere kampflytting.<br \/>\n      Foto: Terje Pedersen\n    <\/p>\n<p>  <a href=\"https:\/\/www.f-b.no\/5-59-3877149\" class=\"related-teaser has-image article--c-MkAkR\" rel=\"nofollow noopener\" target=\"_blank\"><\/p>\n<p>    <img decoding=\"async\" width=\"155\"  loading=\"lazy\"  src=\"https:\/\/www.europesays.com\/no\/wp-content\/uploads\/2026\/04\/IMG_1920.jpg\" alt=\"\" class=\"brick-c-cFOWSL\" style=\"\"\/><\/p>\n<p>\n            Les ogs\u00e5<\/p>\n<p>            Rosenborgs showkamp raserer supportertur \u2013 n\u00e5 gir FFK \u00f8konomisk st\u00f8tte\n        <\/p>\n<p>  <\/a><\/p>\n<p>Denne formuleringen faller ikke i god jord p\u00e5 Fredrikstad stadion.<\/p>\n<p>\u2013 Vi kjenner oss ikke igjen i det han sier, svarer FFKs daglige leder Espen Engebretsen og forklarer det n\u00e6rmere:<\/p>\n<p>\u2013 I dag tidig dobbeltsjekket vi med b\u00e5de Norges Fotballforbund og Norsk Toppfotball at vi husket riktig, f\u00f8r vi gikk ut med v\u00e5r egen sak om at vi dekker utgiftene til flybilletter til de supporterne som er rammet. De bekreftet det vi skriver, at vi ikke har v\u00e6rt noe som helst involvert i prosessen rundt berammingen av kampen. Vi har kun blitt informert om at det kunne bli en realitet, legger Engebretsen til.<\/p>\n<p>Torsdag reagerte FBs sportskommentator Erik A. Pedersen kraftig p\u00e5 at FFK ikke viste st\u00f8tte til supporterne rundt flyttingen. <a href=\"https:\/\/www.f-b.no\/det-er-svakt-at-ffk-ikke-star-opp-for-sine-egne-fans\/o\/5-59-3875880\" rel=\"Follow nofollow noopener\" target=\"_blank\">\u00abDet er svakt at FFK ikke st\u00e5r opp for egne fans\u00bb<\/a>, mente Pedersen.<\/p>\n<p>Fredag publiserte FFK et innlegg der de \u00f8nsker \u00e5 hjelpe de som allerede hadde kj\u00f8pt flybillett til Trondheim f\u00f8r kampflyttingen.<\/p>\n<p>N\u00e5 h\u00e5per FFK at alle ser frem til s\u00f8ndagens kamp mot V\u00e5lerenga.<\/p>\n<p>\u2013 Det er et av sesongens h\u00f8ydepunkt for fansen og vi h\u00e5per alle tar turen, sier Engebretsen.<\/p>\n<p>  <a href=\"https:\/\/www.f-b.no\/5-59-3875388\" class=\"related-teaser has-image article--c-MkAkR\" rel=\"nofollow noopener\" target=\"_blank\"><\/p>\n<p>    <img decoding=\"async\" width=\"155\"  loading=\"lazy\"  src=\"https:\/\/www.europesays.com\/no\/wp-content\/uploads\/2026\/04\/1775847439_788_BILa.jpg\" alt=\"\" class=\"brick-c-cFOWSL\" style=\"\"\/><\/p>\n<p>\n            Les ogs\u00e5<\/p>\n<p>            Mot \u00e5rsrekord p\u00e5 stadion \u2013 men fortsatt ledige plasser p\u00e5 S\u00f8rsia\n        <\/p>\n<p>  <\/a><\/p>\n","protected":false},"excerpt":{"rendered":"I en kommentar til VG forklarer NFFs konkurransedirekt\u00f8r Nils Fisketj\u00f8nn bakgrunnen for hvorfor det ble gitt gr\u00f8nt lys&hellip;\n","protected":false},"author":2,"featured_media":209604,"comment_status":"","ping_status":"","sticky":false,"template":"","format":"standard","meta":{"footnotes":"","_share_on_mastodon":"0"},"categories":[5],"tags":[36,20,21,20175,24,25,513,92,15,19,22,23,17,18,13,4583,20176,30,28,29,14,16,83,1510,26,27],"class_list":["post-209603","post","type-post","status-publish","format-standard","has-post-thumbnail","category-overskrifter","tag-art","tag-breaking-news","tag-breakingnews","tag-espen-engebretsen","tag-featured-news","tag-featurednews","tag-ffk","tag-fotball","tag-headlines","tag-hovedoppslag","tag-latest-news","tag-latestnews","tag-main-news","tag-mainnews","tag-news","tag-nff","tag-nils-fiskjetjonn","tag-no","tag-norge","tag-norway","tag-nyheter","tag-overskrifter","tag-sport","tag-story","tag-top-stories","tag-topstories"],"share_on_mastodon":{"url":"https:\/\/pubeurope.com\/@no\/116381945117467626","error":""},"_links":{"self":[{"href":"https:\/\/www.europesays.com\/no\/wp-json\/wp\/v2\/posts\/209603","targetHints":{"allow":["GET"]}}],"collection":[{"href":"https:\/\/www.europesays.com\/no\/wp-json\/wp\/v2\/posts"}],"about":[{"href":"https:\/\/www.europesays.com\/no\/wp-json\/wp\/v2\/types\/post"}],"author":[{"embeddable":true,"href":"https:\/\/www.europesays.com\/no\/wp-json\/wp\/v2\/users\/2"}],"replies":[{"embeddable":true,"href":"https:\/\/www.europesays.com\/no\/wp-json\/wp\/v2\/comments?post=209603"}],"version-history":[{"count":0,"href":"https:\/\/www.europesays.com\/no\/wp-json\/wp\/v2\/posts\/209603\/revisions"}],"wp:featuredmedia":[{"embeddable":true,"href":"https:\/\/www.europesays.com\/no\/wp-json\/wp\/v2\/media\/209604"}],"wp:attachment":[{"href":"https:\/\/www.europesays.com\/no\/wp-json\/wp\/v2\/media?parent=209603"}],"wp:term":[{"taxonomy":"category","embeddable":true,"href":"https:\/\/www.europesays.com\/no\/wp-json\/wp\/v2\/categories?post=209603"},{"taxonomy":"post_tag","embeddable":true,"href":"https:\/\/www.europesays.com\/no\/wp-json\/wp\/v2\/tags?post=209603"}],"curies":[{"name":"wp","href":"https:\/\/api.w.org\/{rel}","templated":true}]}}