{"id":209991,"date":"2026-04-11T10:59:46","date_gmt":"2026-04-11T10:59:46","guid":{"rendered":"https:\/\/www.europesays.com\/no\/209991\/"},"modified":"2026-04-11T10:59:46","modified_gmt":"2026-04-11T10:59:46","slug":"jeg-er-sint-e24","status":"publish","type":"post","link":"https:\/\/www.europesays.com\/no\/209991\/","title":{"rendered":"\u2013 Jeg er sint \u2013 E24"},"content":{"rendered":"\n<p class=\"_textTheme_1yhmn_1 _lead_172ys_2 _lead_u2bdr_18 layout-component layout-wide layout-padded _lead_ouxa1_5 body-large _wide_ouxa1_9\">OpenAI-sjef Sam Altman fikk molotovcocktailbrannbombe, tradisjonelt en flaske med bensin og en brennende fille kastet mot sitt eget hjem. N\u00e5 svarer han i et nytt blogginnlegg.<\/p>\n<p><img alt=\"\" class=\"_image_1spwq_90 layout-component layout-wide\" data-fullscreen- data-track-element-type=\"Article image fullscreen\" data-track-name=\"ImageFullscreen\" fetchpriority=\"high\" decoding=\"sync\" loading=\"eager\" height=\"5111\" itemprop=\"image\"  src=\"https:\/\/www.europesays.com\/no\/wp-content\/uploads\/2026\/04\/bec4bdbe-ba86-4c8f-a735-47adead25a00.jpeg\"  style=\"object-position:49.804254208534516% 53.873997260810015%\" width=\"7663\"\/>  Foto: Kylie Cooper \/ Reuters \/ NTBVis mer<\/p>\n<ul aria-hidden=\"true\" class=\"_images_140bm_106\">\n<li><a class=\"_link_140bm_111\" href=\"https:\/\/e24.no\/forfatter\/lasse-hansen\" title=\"Lasse Hansen\" tabindex=\"-1\" rel=\"nofollow noopener\" target=\"_blank\"><img alt=\"Bilde av Lasse Hansen\" class=\"_image_140bm_88\" fetchpriority=\"low\" decoding=\"async\" itemprop=\"image\" loading=\"lazy\"  src=\"https:\/\/www.europesays.com\/no\/wp-content\/uploads\/2026\/04\/1775905184_69_5d26e2e6-6d6f-4bf5-b4ed-2d8df6728b49.jpeg\"  width=\"480\"\/><\/a><\/li>\n<\/ul>\n<p class=\"_textTheme_1yhmn_1 _paragraph_172ys_4 _paragraph_u2bdr_27 layout-component layout-normal layout-padded body-medium\">\u2013 N\u00e5 er jeg v\u00e5ken midt p\u00e5 natten og er sint. Jeg har undervurdert makten i ord og narrativer. Dette er en god anledning til \u00e5 oppklare et par ting, skriver <a href=\"https:\/\/blog.samaltman.com\/2279512\" class=\"_link_172ys_43\" rel=\"nofollow noopener\" target=\"_blank\">Altman<\/a>.<\/p>\n<p class=\"_textTheme_1yhmn_1 _paragraph_172ys_4 _paragraph_u2bdr_27 layout-component layout-normal layout-padded body-medium\">Uten \u00e5 v\u00e6re konkret, viser AI-toppen til en \u00abbetent artikkel\u00bb om ham nylig. If\u00f8lge OpenAI-eide ChatGPT er det med all sannsynlighet snakk om artikkelen \u00abSam Altman May Control Our Future \u2013 Can He Be Trusted?\u00bb i <a href=\"https:\/\/www.newyorker.com\/magazine\/2026\/04\/13\/sam-altman-may-control-our-future-can-he-be-trusted\" class=\"_link_172ys_43\" rel=\"nofollow noopener\" target=\"_blank\">The New Yorker<\/a>.<\/p>\n<p class=\"_textTheme_1yhmn_1 _paragraph_172ys_4 _paragraph_u2bdr_27 layout-component layout-normal layout-padded body-medium\">\u2013 Noen sa til meg at artikkelen kom i en tid med mye angst knyttet til AI og at den gj\u00f8r ting farligere for meg. Jeg avfeide det, skriver Altman videre.<\/p>\n<p><a class=\"_link_f1clr_14\" data-track-id=\"teaser:aJOWVM\" data-track-impression=\"true\" data-track-name=\"Dette b\u00f8r du som investor fokusere p\u00e5 n\u00e5\" data-track-element-size=\"small\" data-track-element-type=\"Teaser\" data-track-image-url=\"https:\/\/www.europesays.com\/no\/wp-content\/uploads\/2026\/04\/e0e70e5a-cc7b-418a-b480-f736251ff54b.jpeg\" data-track-layout-name=\"image:right\" data-track-position-source=\"related-article\" href=\"https:\/\/e24.no\/boers-og-finans\/i\/aJOWVM\/forvalter-leif-eriksroed-hvordan-skal-man-som-aksjeinvestor-manoevrere-naa\" rel=\"nofollow noopener\" target=\"_blank\"><img decoding=\"async\" alt=\"\" class=\"_image_f1clr_75\" height=\"3667\" loading=\"lazy\"  src=\"https:\/\/www.europesays.com\/no\/wp-content\/uploads\/2026\/04\/e0e70e5a-cc7b-418a-b480-f736251ff54b.jpeg\"  width=\"5500\"\/><\/p>\n<p class=\"label-small _kicker_f1clr_86\">Les ogs\u00e5<\/p>\n<p>Dette b\u00f8r du som investor fokusere p\u00e5 n\u00e5<\/a>\u2013 Har gjort mange feil<\/p>\n<p class=\"_textTheme_1yhmn_1 _paragraph_172ys_4 _paragraph_u2bdr_27 layout-component layout-normal layout-padded body-medium\">N\u00e5 erkjenner han at AI-frykten er fullt forst\u00e5elig.<\/p>\n<p class=\"_textTheme_1yhmn_1 _paragraph_172ys_4 _paragraph_u2bdr_27 layout-component layout-normal layout-padded body-medium\">\u2013 Vi er vitne til den st\u00f8rste endringen i samfunnet p\u00e5 lang tid, og kanskje noensinne. Vi m\u00e5 f\u00e5 sikkerheten p\u00e5 plass, skriver han.<\/p>\n<p class=\"_textTheme_1yhmn_1 _paragraph_172ys_4 _paragraph_u2bdr_27 layout-component layout-normal layout-padded body-medium\">If\u00f8lge Altman vil AI-utviklingen fortsette uavhengig av motstand, drevet av sterke teknologiske og \u00f8konomiske krefter. Han peker p\u00e5 at AI gradvis vil overta stadig mer avanserte oppgaver, samtidig som den vil bli billigere og mer tilgjengelig.<\/p>\n<p><a class=\"_link_f1clr_14\" data-track-id=\"teaser:pB11j1\" data-track-impression=\"true\" data-track-name=\"Kastet molotov\u00adcocktail mot OpenAI-sjefens hjem\" data-track-element-size=\"small\" data-track-element-type=\"Teaser\" data-track-image-url=\"https:\/\/www.europesays.com\/no\/wp-content\/uploads\/2026\/04\/9e573a12-e442-4717-8eb6-7d0434276f8e.jpeg\" data-track-layout-name=\"image:right\" data-track-position-source=\"related-article\" href=\"https:\/\/e24.no\/naeringsliv\/i\/pB11j1\/kastet-molotovcocktail-mot-openai-sjefens-hjem\" rel=\"nofollow noopener\" target=\"_blank\"><img decoding=\"async\" alt=\"\" class=\"_image_f1clr_75\" height=\"3648\" loading=\"lazy\"  src=\"https:\/\/www.europesays.com\/no\/wp-content\/uploads\/2026\/04\/9e573a12-e442-4717-8eb6-7d0434276f8e.jpeg\"  width=\"5472\"\/><\/p>\n<p class=\"label-small _kicker_f1clr_86\">Les ogs\u00e5<\/p>\n<p>Kastet molotov\u00adcocktail mot OpenAI-sjefens hjem<\/a><\/p>\n<p class=\"_textTheme_1yhmn_1 _paragraph_172ys_4 _paragraph_u2bdr_27 layout-component layout-normal layout-padded body-medium\">Budskapet er at samfunnet m\u00e5 tilpasse seg \u2013 ikke fors\u00f8ke \u00e5 stoppe utviklingen.<\/p>\n<p class=\"_textTheme_1yhmn_1 _paragraph_172ys_4 _paragraph_u2bdr_27 layout-component layout-normal layout-padded body-medium\">\u2013 AI vil v\u00e6re det mest kraftfulle verkt\u00f8yet for \u00e5 utvide menneskelig kapasitet og potensial noensinne, skriver han.<\/p>\n<p class=\"_textTheme_1yhmn_1 _paragraph_172ys_4 _paragraph_u2bdr_27 layout-component layout-normal layout-padded body-medium\">Samtidig bidrar hendelser som angrepet til \u00e5 synliggj\u00f8re hvor polariserende AI-debatten har blitt. <\/p>\n<p class=\"_textTheme_1yhmn_1 _paragraph_172ys_4 _paragraph_u2bdr_27 layout-component layout-normal layout-padded body-medium\">\u2013 Jeg er ikke stolt av \u00e5 v\u00e6re konfliktsky, noe som har for\u00e5rsaket mye smerte for meg og OpenAI. [&#8230;] Jeg har gjort mange feil gjennom den elleville ferden for OpenAI, skriver han.<\/p>\n<p class=\"_textTheme_1yhmn_1 _paragraph_172ys_4 _paragraph_u2bdr_27 layout-component layout-normal layout-padded body-medium\">Altman er likevel tydelig p\u00e5 at han ser utviklingen som overveiende positiv, til tross for \u00f8kende motstand og bekymring. Han er ogs\u00e5 \u00abekstremt stolt\u00bb over hva selskapet har levert.<\/p>\n<p class=\"_textTheme_1yhmn_1 _paragraph_172ys_4 _paragraph_u2bdr_27 layout-component layout-normal layout-padded body-medium\">\u2013 Mange selskaper sier de vil endre verden. Vi har faktisk gjort det.<\/p>\n<p class=\"_textTheme_1yhmn_1 _paragraph_172ys_4 _paragraph_u2bdr_27 layout-component layout-normal layout-padded body-medium\">Altmans formue har skutt i v\u00e6ret de siste \u00e5rene. If\u00f8lge <a href=\"https:\/\/www.forbes.com\/billionaires\/\" class=\"_link_172ys_43\" rel=\"nofollow noopener\" target=\"_blank\">Forbes<\/a> var Altman god for 3,4 milliarder dollar per 1. mars i \u00e5r. Det tilsvarer dr\u00f8yt 32 milliarder kroner.<\/p>\n<p><a class=\"_link_f1clr_14\" data-track-id=\"teaser:gkkGPJ\" data-track-impression=\"true\" data-track-name=\"OpenAI verdsettes til 8.250 milliarder kroner etter rekordstor pengeinnhenting \" data-track-element-size=\"small\" data-track-element-type=\"Teaser\" data-track-image-url=\"https:\/\/www.europesays.com\/no\/wp-content\/uploads\/2026\/04\/826031b9-1a56-4e64-ba45-969081eddd59.jpeg\" data-track-layout-name=\"image:right\" data-track-position-source=\"related-article\" href=\"https:\/\/e24.no\/boers-og-finans\/i\/gkkGPJ\/openai-verdsettes-til-8-250-milliarder-kroner-etter-rekordstor-pengeinnhenting\" rel=\"nofollow noopener\" target=\"_blank\"><img decoding=\"async\" alt=\"\" class=\"_image_f1clr_75\" height=\"2800\" loading=\"lazy\"  src=\"https:\/\/www.europesays.com\/no\/wp-content\/uploads\/2026\/04\/826031b9-1a56-4e64-ba45-969081eddd59.jpeg\"  width=\"4200\"\/><\/p>\n<p class=\"label-small _kicker_f1clr_86\">Les ogs\u00e5<\/p>\n<p>OpenAI verdsettes til 8.250 milliarder kroner etter rekordstor pengeinnhenting <\/a>P\u00e5grepet<\/p>\n<p class=\"_textTheme_1yhmn_1 _paragraph_172ys_4 _paragraph_u2bdr_27 layout-component layout-normal layout-padded body-medium\">En person er p\u00e5grepet etter angrepet, som skjedde tidlig fredag morgen i Russian Hill-omr\u00e5det i San Francisco, like under den ber\u00f8mte svingete delen av Lombard Street. Ingen ble skadet i hendelsen.<\/p>\n<p><img alt=\"Arkivfoto av biler og fotgjengere p\u00e5 svingete Lombard Street i San Francisco, 3. juli 2025.\" class=\"_image_1spwq_90 layout-component layout-normal\" data-fullscreen- data-track-element-type=\"Article image fullscreen\" data-track-name=\"ImageFullscreen\" decoding=\"async\" loading=\"lazy\" height=\"3369\" itemprop=\"image\"  src=\"https:\/\/www.europesays.com\/no\/wp-content\/uploads\/2026\/04\/bc9b35bb-5587-4bce-8576-94f78677884f.jpeg\"  style=\"object-position:0% 0%\" width=\"5054\"\/>Arkivfoto av biler og fotgjengere p\u00e5 svingete Lombard Street i San Francisco, 3. juli 2025. Foto: Jeff Chiu \/ AP \/ NTBVis mer<\/p>\n<p class=\"_textTheme_1yhmn_1 _paragraph_172ys_4 _paragraph_u2bdr_27 layout-component layout-normal layout-padded body-medium\">If\u00f8lge en uttalelse fra OpenAI oppf\u00f8rte den samme personen seg truende ogs\u00e5 ved selskapets hovedkontor i San Francisco.<\/p>\n<p class=\"_textTheme_1yhmn_1 _paragraph_172ys_4 _paragraph_u2bdr_27 layout-component layout-normal layout-padded body-medium\">\u2013 Heldigvis ble ingen skadet. Vi setter stor pris p\u00e5 hvor raskt politiet i San Francisco reagerte og st\u00f8tten fra byen for \u00e5 holde v\u00e5re ansatte trygge, sier en talsperson for OpenAI.<\/p>\n<p class=\"_textTheme_1yhmn_1 _paragraph_172ys_4 _paragraph_u2bdr_27 layout-component layout-normal layout-padded body-medium\">Artikkelen er laget ved hjelp av AI-verkt\u00f8y fra OpenAI og kvalitetssikret av E24s journalister.<\/p>\n<p><img alt=\"Det har v\u00e6rt flere demonstrasjoner mot OpenAI den siste tiden. P\u00e5 bilde ser man folk marsjerer gjennom San Francisco fra Anthropics hovedkvarter til OpenAI og xAI for \u00e5 kreve en pause i utviklingen av kunstig intelligens, 21. mars 2026.\u00a0\" class=\"_image_1spwq_90 layout-component layout-normal\" data-fullscreen- data-track-element-type=\"Article image fullscreen\" data-track-name=\"ImageFullscreen\" decoding=\"async\" loading=\"lazy\" height=\"3602\" itemprop=\"image\"  src=\"https:\/\/www.europesays.com\/no\/wp-content\/uploads\/2026\/04\/25eea06e-1da7-4a8b-a32f-a48e61924c0e.jpeg\"  style=\"object-position:0% 0%\" width=\"5400\"\/>Det har v\u00e6rt flere demonstrasjoner mot OpenAI den siste tiden. P\u00e5 bilde ser man folk marsjerer gjennom San Francisco fra Anthropics hovedkvarter til OpenAI og xAI for \u00e5 kreve en pause i utviklingen av kunstig intelligens, 21. mars 2026.\u00a0 Foto: Manuel Orbegozo \/ Reuters \/ NTBVis mer         <\/p>\n","protected":false},"excerpt":{"rendered":"OpenAI-sjef Sam Altman fikk molotovcocktailbrannbombe, tradisjonelt en flaske med bensin og en brennende fille kastet mot sitt eget&hellip;\n","protected":false},"author":2,"featured_media":209992,"comment_status":"","ping_status":"","sticky":false,"template":"","format":"standard","meta":{"footnotes":"","_share_on_mastodon":"0"},"categories":[12],"tags":[1882,20,21,24,25,15,22,23,13,30,28,29,14,173,16,174,26,27,42,43,44,45],"class_list":["post-209991","post","type-post","status-publish","format-standard","has-post-thumbnail","category-verden","tag-ai","tag-breaking-news","tag-breakingnews","tag-featured-news","tag-featurednews","tag-headlines","tag-latest-news","tag-latestnews","tag-news","tag-no","tag-norge","tag-norway","tag-nyheter","tag-openai","tag-overskrifter","tag-sam-altman","tag-top-stories","tag-topstories","tag-verden","tag-world","tag-world-news","tag-worldnews"],"share_on_mastodon":{"url":"https:\/\/pubeurope.com\/@no\/116385727600365372","error":""},"_links":{"self":[{"href":"https:\/\/www.europesays.com\/no\/wp-json\/wp\/v2\/posts\/209991","targetHints":{"allow":["GET"]}}],"collection":[{"href":"https:\/\/www.europesays.com\/no\/wp-json\/wp\/v2\/posts"}],"about":[{"href":"https:\/\/www.europesays.com\/no\/wp-json\/wp\/v2\/types\/post"}],"author":[{"embeddable":true,"href":"https:\/\/www.europesays.com\/no\/wp-json\/wp\/v2\/users\/2"}],"replies":[{"embeddable":true,"href":"https:\/\/www.europesays.com\/no\/wp-json\/wp\/v2\/comments?post=209991"}],"version-history":[{"count":0,"href":"https:\/\/www.europesays.com\/no\/wp-json\/wp\/v2\/posts\/209991\/revisions"}],"wp:featuredmedia":[{"embeddable":true,"href":"https:\/\/www.europesays.com\/no\/wp-json\/wp\/v2\/media\/209992"}],"wp:attachment":[{"href":"https:\/\/www.europesays.com\/no\/wp-json\/wp\/v2\/media?parent=209991"}],"wp:term":[{"taxonomy":"category","embeddable":true,"href":"https:\/\/www.europesays.com\/no\/wp-json\/wp\/v2\/categories?post=209991"},{"taxonomy":"post_tag","embeddable":true,"href":"https:\/\/www.europesays.com\/no\/wp-json\/wp\/v2\/tags?post=209991"}],"curies":[{"name":"wp","href":"https:\/\/api.w.org\/{rel}","templated":true}]}}