{"id":21021,"date":"2025-08-29T06:06:09","date_gmt":"2025-08-29T06:06:09","guid":{"rendered":"https:\/\/www.europesays.com\/no\/21021\/"},"modified":"2025-08-29T06:06:09","modified_gmt":"2025-08-29T06:06:09","slug":"5-mater-iphone-17-pro-kan-og-burde-sla-iphone-16-pro-pa","status":"publish","type":"post","link":"https:\/\/www.europesays.com\/no\/21021\/","title":{"rendered":"5 m\u00e5ter iPhone 17 Pro kan (og burde) sl\u00e5 iPhone 16 Pro p\u00e5"},"content":{"rendered":"<p id=\"28e088c8-91fd-47ec-902e-cfc097a3860c\">Den nye iPhone 17 Pro er nesten her, ettersom <a data-analytics-id=\"inline-link\" href=\"https:\/\/global.techradar.com\/no-no\/tag\/apple\" data-auto-tag-linker=\"true\" data-url=\"https:\/\/global.techradar.com\/no-no\/tag\/apple\" data-hl-processed=\"none\" data-before-rewrite-localise=\"https:\/\/global.techradar.com\/no-no\/tag\/apple\" rel=\"nofollow noopener\" target=\"_blank\">Apple<\/a> har <a data-analytics-id=\"inline-link\" href=\"https:\/\/global.techradar.com\/no-no\/phones\/iphone\/lanseringsdatoen-for-iphone-17-er-offisiell-og-apple-sender-ut-invitasjoner-til-awe-dropping-arrangementet\" target=\"_blank\" data-url=\"https:\/\/global.techradar.com\/no-no\/phones\/iphone\/lanseringsdatoen-for-iphone-17-er-offisiell-og-apple-sender-ut-invitasjoner-til-awe-dropping-arrangementet\" data-hl-processed=\"none\" data-before-rewrite-localise=\"https:\/\/global.techradar.com\/no-no\/phones\/iphone\/lanseringsdatoen-for-iphone-17-er-offisiell-og-apple-sender-ut-invitasjoner-til-awe-dropping-arrangementet\" rel=\"nofollow noopener\">sendt ut invitasjoner til et arrangement 9. september<\/a> hvor vi mest sannsynlig vil se den.<\/p>\n<p>Som vanlig har vi allerede en god id\u00e9 om hva vi kan forvente, ettersom dusinvis av p\u00e5st\u00e5tte lekkasjer og rykter har dukket opp de siste m\u00e5nedene.<\/p>\n<p><a id=\"elk-seasonal\" data-url=\"\" href=\"\" data-hl-processed=\"none\"\/><\/p>\n<p id=\"28e088c8-91fd-47ec-902e-cfc097a3860c-2\">Disse ryktene peker mot en telefon som b\u00f8r v\u00e6re en stor oppgradering fra iPhone 16 Pro, s\u00e5 nedenfor har vi listet opp fem m\u00e5ter iPhone 17 Pro sannsynligvis vil overg\u00e5 forgjengeren p\u00e5.<\/p>\n<p><a id=\"elk-1-oppgraderte-kameraer\" data-url=\"\" href=\"\" data-hl-processed=\"none\"\/>1. Oppgraderte kameraer<\/p>\n<p class=\"vanilla-image-block\" style=\"padding-top:56.25%;\">\n<p><img decoding=\"async\" src=\"https:\/\/www.europesays.com\/no\/wp-content\/uploads\/2025\/08\/xJFExc6nyDyrDdNrAN5NgA.jpg\" alt=\"iPhone 16 Pro\"   loading=\"lazy\" data-new-v2-image=\"true\" data-original-mos=\"https:\/\/www.europesays.com\/no\/wp-content\/uploads\/2025\/08\/xJFExc6nyDyrDdNrAN5NgA.jpg\" data-pin-media=\"https:\/\/www.europesays.com\/no\/wp-content\/uploads\/2025\/08\/xJFExc6nyDyrDdNrAN5NgA.jpg\"\/>\n<\/p>\n<p>iPhone 16 Pro (Image credit: Future \/ Lance Ulanoff)<\/p>\n<p id=\"062d90b8-0cd2-4b13-90e1-ee09b4a6a829\">Det ser ut til at kameraer kan bli et viktig fokus for Apple i \u00e5r, ettersom flere rykter har antydet at iPhone 17 Pro kan <a data-analytics-id=\"inline-link\" href=\"https:\/\/www.techradar.com\/phones\/iphone\/new-iphone-17-report-lends-weight-to-rumors-of-major-display-and-camera-upgrades-and-a-pricey-apple-foldable\" target=\"_blank\" rel=\"nofollow noopener\">f\u00e5 et telefotokamera p\u00e5 48 MP<\/a>.<\/p>\n<p>Det ville v\u00e6re et stort sprang fra det n\u00e5v\u00e6rende 12 MP telefotokameraet, og ville bety at alle de tre bakre kameraene ville f\u00e5 48 MP (ettersom hovedkameraet og ultravidvinkelkameraet p\u00e5 iPhone 16 Pro angivelig er uendret).<\/p>\n<p>Flere kilder har ogs\u00e5 pekt p\u00e5 <a data-analytics-id=\"inline-link\" href=\"https:\/\/www.techradar.com\/phones\/iphone\/tempted-by-an-iphone-16-upgrade-youll-want-to-check-out-these-rumored-iphone-17-specs-first\" target=\"_blank\" rel=\"nofollow noopener\">et selfiekamera p\u00e5 24 MP<\/a>, som igjen vil v\u00e6re en oppgradering fra dagens 12 MP-kamera. P\u00e5 den m\u00e5ten ville ingen objektiver f\u00f8les skuffende n\u00e5r det gjelder megapiksler p\u00e5 iPhone 17 Pro.<\/p>\n<p>I tillegg til dette er det ogs\u00e5 en mulighet for at iPhone 17 Pro <a data-analytics-id=\"inline-link\" href=\"https:\/\/www.techradar.com\/phones\/the-iphone-17-could-get-a-mirrorless-camera-feature-to-improve-your-portrait-shots\" target=\"_blank\" rel=\"nofollow noopener\">kan f\u00e5 en mekanisk blender<\/a>, som vil tillate justering av blender\u00e5pning og dybdeskarphet, samt <a data-analytics-id=\"inline-link\" href=\"https:\/\/www.techradar.com\/phones\/iphone\/iphone-17-pro-tipped-to-get-8k-video-recording-but-i-want-these-3-video-features-instead\" target=\"_blank\" rel=\"nofollow noopener\">st\u00f8tte for 8K-video<\/a> (opp fra <a data-analytics-id=\"inline-link\" href=\"https:\/\/global.techradar.com\/no-no\/tag\/4k\" data-auto-tag-linker=\"true\" data-url=\"https:\/\/global.techradar.com\/no-no\/tag\/4k\" data-hl-processed=\"none\" data-before-rewrite-localise=\"https:\/\/global.techradar.com\/no-no\/tag\/4k\" rel=\"nofollow noopener\" target=\"_blank\">4K<\/a> p\u00e5 den n\u00e5v\u00e6rende modellen).<\/p>\n<p class=\"newsletter-form__strapline\">Registrer deg for siste nytt, anmeldelser, meninger, toppteknologiske tilbud og mer.<\/p>\n<p>Vi er mindre sikre p\u00e5 disse to funksjonene, ettersom de ikke har blitt snakket om s\u00e5 ofte, men selv om vi bare f\u00e5r flere megapiksler, ville det v\u00e6re en merkbar forbedring.<\/p>\n<p><a id=\"elk-2-enda-mer-kraft\" data-url=\"\" href=\"\" data-hl-processed=\"none\"\/>2. Enda mer kraft<\/p>\n<p class=\"vanilla-image-block\" style=\"padding-top:56.25%;\">\n<p><img decoding=\"async\" src=\"https:\/\/www.europesays.com\/no\/wp-content\/uploads\/2025\/08\/XGhwgRDySaQ8CDzGjqEcUB.jpg\" alt=\"iPhone 16 Pro\"   loading=\"lazy\" data-new-v2-image=\"true\" data-original-mos=\"https:\/\/www.europesays.com\/no\/wp-content\/uploads\/2025\/08\/XGhwgRDySaQ8CDzGjqEcUB.jpg\" data-pin-media=\"https:\/\/www.europesays.com\/no\/wp-content\/uploads\/2025\/08\/XGhwgRDySaQ8CDzGjqEcUB.jpg\"\/>\n<\/p>\n<p>Death Stranding p\u00e5 iPhone 16 Pro. (Image credit: Future \/ Lance Ulanoff)<\/p>\n<p id=\"58af687b-e0c6-4416-9bb1-e60ee256f669\">Hver nye Pro-modell av iPhone f\u00e5r et nytt og kraftigere brikkesett enn det forrige, og iPhone 17 Pro er intet unntak. Flere lekkasjer peker mot <a data-analytics-id=\"inline-link\" href=\"https:\/\/www.techradar.com\/phones\/iphone\/a-huge-iphone-17-leak-just-gave-you-5-potential-reasons-to-skip-the-iphone-16\" target=\"_blank\" rel=\"nofollow noopener\">en A19 Pro-brikke<\/a>.<\/p>\n<p>Det ville v\u00e6re et steg opp fra A18 Pro i iPhone 16 Pro, og selv om vi ikke vet n\u00f8yaktig hvor mye bedre den nye brikken vil bli, vil den garantert f\u00f8re til enda raskere og jevnere ytelse \u2013 noe som er imponerende, med tanke p\u00e5 at iPhone 16 Pro allerede er en av de kraftigste telefonene du kan kj\u00f8pe.<\/p>\n<p>iPhone 17 Pro <a data-analytics-id=\"inline-link\" href=\"https:\/\/www.techradar.com\/phones\/iphone\/the-iphone-17-air-might-come-in-these-4-colors-and-theres-good-news-about-its-chipset-too\" target=\"_blank\" rel=\"nofollow noopener\">kan ogs\u00e5 f\u00e5 12 GB RAM<\/a>, noe som vil gi den 4 GB mer enn iPhone 16 Pro, noe som ytterligere forbedrer ytelsen.<\/p>\n<p><a id=\"elk-3-nytt-design\" data-url=\"\" href=\"\" data-hl-processed=\"none\"\/>3. Nytt design<\/p>\n<p class=\"vanilla-image-block\" style=\"padding-top:56.47%;\">\n<p><img decoding=\"async\" src=\"https:\/\/www.europesays.com\/no\/wp-content\/uploads\/2025\/08\/2MXMWbSNj3izZonPq8SFV7.jpg\" alt=\"En uoffisiell rendering av iPhone 17 Pro.\"   loading=\"lazy\" data-new-v2-image=\"true\" data-original-mos=\"https:\/\/www.europesays.com\/no\/wp-content\/uploads\/2025\/08\/2MXMWbSNj3izZonPq8SFV7.jpg\" data-pin-media=\"https:\/\/www.europesays.com\/no\/wp-content\/uploads\/2025\/08\/2MXMWbSNj3izZonPq8SFV7.jpg\"\/>\n<\/p>\n<p>Et uoffisielt bilde som viser det mulige designet til iPhone 17 Pro. (Image credit: Front Page Tech \/ @asherdipps\u202c)<\/p>\n<p id=\"4f218c79-86e9-4b71-be62-84adb24e430c\">Den mest \u00e5penbare oppgraderingen \u2013 eller i det minste endringen \u2013 med iPhone 17 Pro blir kanskje designet, ettersom de fleste lekkasjene er enige om at <a data-analytics-id=\"inline-link\" href=\"https:\/\/www.techradar.com\/phones\/iphone\/the-iphone-17-pros-rumored-camera-bar-looks-much-better-than-before-in-new-dummy-unit-photos\" target=\"_blank\" rel=\"nofollow noopener\">telefonen vil f\u00e5 et helt nytt utseende<\/a>.<\/p>\n<p>De st\u00f8rste endringene vil sannsynligvis komme p\u00e5 baksiden, som angivelig vil f\u00e5 en stor kameramodul som g\u00e5r horisontalt over telefonen \u2013 et utseende som minner litt om Google Pixel 10, selv om kameramodulen her sannsynligvis vil bli enda st\u00f8rre.<\/p>\n<p>Vi kan tenke oss at ikke alle vil elske det nye utseendet, men det vil definitivt friske opp en modell som ellers risikerer \u00e5 f\u00f8les litt gammel i designet.<\/p>\n<p><a id=\"elk-4-omvendt-traadloes-lading\" data-url=\"\" href=\"\" data-hl-processed=\"none\"\/>4. Omvendt tr\u00e5dl\u00f8s lading<\/p>\n<p class=\"vanilla-image-block\" style=\"padding-top:56.25%;\">\n<p><img decoding=\"async\" src=\"https:\/\/www.europesays.com\/no\/wp-content\/uploads\/2025\/08\/wMyc9CVbTzhWXUwWtsir7A.jpg\" alt=\"iPhone 16 Pro\"   loading=\"lazy\" data-new-v2-image=\"true\" data-original-mos=\"https:\/\/www.europesays.com\/no\/wp-content\/uploads\/2025\/08\/wMyc9CVbTzhWXUwWtsir7A.jpg\" data-pin-media=\"https:\/\/www.europesays.com\/no\/wp-content\/uploads\/2025\/08\/wMyc9CVbTzhWXUwWtsir7A.jpg\"\/>\n<\/p>\n<p>iPhone 16 Pro (Image credit: Future \/ Lance Ulanoff)<\/p>\n<p id=\"d18f582a-7e2f-4378-bf4b-d376706f78ab\">Det er uklart om iPhone 17 Pro vil f\u00e5 et st\u00f8rre batteri enn iPhone 16 Pro, men den kan f\u00e5 en ny ladefunksjon, ettersom flere kilder har hevdet at Apple tester telefonen med <a data-analytics-id=\"inline-link\" href=\"https:\/\/www.techradar.com\/phones\/iphone\/the-iphone-17-pro-might-be-able-to-wirelessly-charge-your-airpods\" target=\"_blank\" rel=\"nofollow noopener\">omvendt tr\u00e5dl\u00f8s lading<\/a>.<\/p>\n<p>Dette vil gj\u00f8re det mulig \u00e5 bruke telefonen som en tr\u00e5dl\u00f8s ladeplate, slik at du kan plassere AirPods eller <a data-analytics-id=\"inline-link\" href=\"https:\/\/global.techradar.com\/no-no\/tag\/apple-watch\" data-auto-tag-linker=\"true\" data-url=\"https:\/\/global.techradar.com\/no-no\/tag\/apple-watch\" data-hl-processed=\"none\" data-before-rewrite-localise=\"https:\/\/global.techradar.com\/no-no\/tag\/apple-watch\" rel=\"nofollow noopener\" target=\"_blank\">Apple Watch<\/a> p\u00e5 baksiden og la dem lade ved \u00e5 trekke str\u00f8m fra telefonens (betydelig st\u00f8rre) batteri.<\/p>\n<p>Men bare fordi Apple tester en funksjon betyr det ikke n\u00f8dvendigvis at den faktisk blir lansert, s\u00e5 vi er usikre p\u00e5 om omvendt tr\u00e5dl\u00f8s lading faktisk vil dukke opp.<\/p>\n<p><a id=\"elk-5-et-dampkammer\" data-url=\"\" href=\"\" data-hl-processed=\"none\"\/>5. Et dampkammer<\/p>\n<p class=\"vanilla-image-block\" style=\"padding-top:56.25%;\">\n<p><img decoding=\"async\" src=\"https:\/\/www.europesays.com\/no\/wp-content\/uploads\/2025\/08\/R8VXwD9qELgrAD5DGxuo2E.jpg\" alt=\"iPhone 16 Pro\"   loading=\"lazy\" data-new-v2-image=\"true\" data-original-mos=\"https:\/\/www.europesays.com\/no\/wp-content\/uploads\/2025\/08\/R8VXwD9qELgrAD5DGxuo2E.jpg\" data-pin-media=\"https:\/\/www.europesays.com\/no\/wp-content\/uploads\/2025\/08\/R8VXwD9qELgrAD5DGxuo2E.jpg\"\/>\n<\/p>\n<p>iPhone 16 Pro (Image credit: Future \/ Lance Ulanoff)<\/p>\n<p id=\"226bbe89-fc6b-4b31-8699-02c0b489332d\">Avslutningsvis kan iPhone 17 Pro ogs\u00e5 <a data-analytics-id=\"inline-link\" href=\"https:\/\/www.techradar.com\/phones\/iphone\/iphone-17-pro-again-tipped-to-get-a-vapor-chamber-heres-why-thatd-be-a-big-deal\" target=\"_blank\" rel=\"nofollow noopener\">f\u00e5 et dampkammer<\/a>, som kan bidra til \u00e5 holde telefonen kj\u00f8lig under krevende oppgaver som avansert mobilspilling.<\/p>\n<p>Ved \u00e5 holde temperaturen nede, kan telefonen ogs\u00e5 opprettholde toppytelsen lenger, og det kan ogs\u00e5 gi batterilevetiden et l\u00f8ft, selv om iPhone 17 Pro ikke vil f\u00e5 et st\u00f8rre batteri enn iPhone 16 Pro.<\/p>\n<p>Kombinert med et nytt brikkesett og mer RAM kan et dampkammer f\u00e5 telefonen til \u00e5 f\u00f8les betydelig raskere enn den allerede raske iPhone 16 Pro.<\/p>\n<p><a id=\"elk-videre-lesning\" data-url=\"\" href=\"\" data-hl-processed=\"none\"\/>Videre lesning<\/p>\n","protected":false},"excerpt":{"rendered":"Den nye iPhone 17 Pro er nesten her, ettersom Apple har sendt ut invitasjoner til et arrangement 9.&hellip;\n","protected":false},"author":2,"featured_media":21022,"comment_status":"","ping_status":"","sticky":false,"template":"","format":"standard","meta":{"footnotes":""},"categories":[57],"tags":[30,28,29,65,63,64,66,70,69,67,68],"class_list":{"0":"post-21021","1":"post","2":"type-post","3":"status-publish","4":"format-standard","5":"has-post-thumbnail","7":"category-vitenskap-og-teknologi","8":"tag-no","9":"tag-norge","10":"tag-norway","11":"tag-science","12":"tag-science-and-technology","13":"tag-scienceandtechnology","14":"tag-technology","15":"tag-teknologi","16":"tag-vitenskap","17":"tag-vitenskap-og-teknologi","18":"tag-vitenskapteknologi"},"share_on_mastodon":{"url":"","error":""},"_links":{"self":[{"href":"https:\/\/www.europesays.com\/no\/wp-json\/wp\/v2\/posts\/21021","targetHints":{"allow":["GET"]}}],"collection":[{"href":"https:\/\/www.europesays.com\/no\/wp-json\/wp\/v2\/posts"}],"about":[{"href":"https:\/\/www.europesays.com\/no\/wp-json\/wp\/v2\/types\/post"}],"author":[{"embeddable":true,"href":"https:\/\/www.europesays.com\/no\/wp-json\/wp\/v2\/users\/2"}],"replies":[{"embeddable":true,"href":"https:\/\/www.europesays.com\/no\/wp-json\/wp\/v2\/comments?post=21021"}],"version-history":[{"count":0,"href":"https:\/\/www.europesays.com\/no\/wp-json\/wp\/v2\/posts\/21021\/revisions"}],"wp:featuredmedia":[{"embeddable":true,"href":"https:\/\/www.europesays.com\/no\/wp-json\/wp\/v2\/media\/21022"}],"wp:attachment":[{"href":"https:\/\/www.europesays.com\/no\/wp-json\/wp\/v2\/media?parent=21021"}],"wp:term":[{"taxonomy":"category","embeddable":true,"href":"https:\/\/www.europesays.com\/no\/wp-json\/wp\/v2\/categories?post=21021"},{"taxonomy":"post_tag","embeddable":true,"href":"https:\/\/www.europesays.com\/no\/wp-json\/wp\/v2\/tags?post=21021"}],"curies":[{"name":"wp","href":"https:\/\/api.w.org\/{rel}","templated":true}]}}