{"id":210905,"date":"2026-04-12T17:55:20","date_gmt":"2026-04-12T17:55:20","guid":{"rendered":"https:\/\/www.europesays.com\/no\/210905\/"},"modified":"2026-04-12T17:55:20","modified_gmt":"2026-04-12T17:55:20","slug":"nyheter-oygarden-politiet-om-brannene-i-oygarden-tror-ikke-at-det-gar-en-pyroman-los","status":"publish","type":"post","link":"https:\/\/www.europesays.com\/no\/210905\/","title":{"rendered":"Nyheter, \u00d8ygarden | Politiet om brannene i \u00d8ygarden: \u2013 Tror ikke at det g\u00e5r en pyroman l\u00f8s"},"content":{"rendered":"\n<p>Natt til s\u00f8ndag <a href=\"https:\/\/www.ba.no\/stor-terrengbrann-pa-sotra-ikke-kontroll\/s\/5-8-3369774\" rel=\"Follow nofollow noopener\" target=\"_blank\">brant det i terrenget fire steder nord i \u00d8ygarden<\/a>, p\u00e5 et ganske lite omr\u00e5de og p\u00e5 noks\u00e5 samme tidspunkt.<\/p>\n<p>\u2013 Det gj\u00f8r det naturlig for oss \u00e5 drive mer etterforskning enn bare br\u00e5tebrann, sier jourhavende jurist Arne Fjellstad i Vest politidistrikt.<\/p>\n<p>Politiet har i dag hatt et team som har v\u00e6rt p\u00e5 \u00e5stedsbefaring og gjort unders\u00f8kelser i omr\u00e5det, i samarbeid med blant annet BKK.<\/p>\n<p>\u2013 Vi har hatt en bred tiln\u00e6rming, med flere hypoteser. Det er for tidlig \u00e5 konkludere med noe, men vi er n\u00e5 kommet s\u00e5 langt at vi ikke er bekymret for at det g\u00e5r en pyroman l\u00f8s, sier Fjellstad.<\/p>\n<p>Han oppgir at hypotesen som n\u00e5 er styrket, og som ligger lengst fremme, er at brannene skyldes tekniske forhold knyttet til str\u00f8mledninger i omr\u00e5det.<\/p>\n<p>S\u00f8ndag ettermiddag har politiet avsluttet den operative og aktive etterforskningen for dagen. Politiet p\u00e5 Ask\u00f8y og i \u00d8ygarden vil f\u00f8lge saken opp mandag.<\/p>\n<p>  <a href=\"https:\/\/www.ba.no\/5-8-3369863\" class=\"related-teaser has-image article--c-MkAkR\" rel=\"nofollow noopener\" target=\"_blank\"><\/p>\n<p>    <img decoding=\"async\" width=\"155\"  loading=\"lazy\"  src=\"https:\/\/www.europesays.com\/no\/wp-content\/uploads\/2026\/04\/1776016520_298_IMG_9961.jpg\" alt=\"\" class=\"brick-c-cFOWSL\" style=\"\"\/><\/p>\n<p>\n            Les ogs\u00e5<\/p>\n<p>            Silvia kom tett p\u00e5 storbrannen: \u2013 Det kunne blitt virkelig alvorlig\n        <\/p>\n<p>  <\/a><\/p>\n<p>  <a href=\"https:\/\/www.ba.no\/5-8-3369774\" class=\"related-teaser article--c-MkAkR\" rel=\"nofollow noopener\" target=\"_blank\"><\/p>\n<p>\n            Les ogs\u00e5<\/p>\n<p>            Flere gressbranner i \u00d8ygarden natt til s\u00f8ndag\n        <\/p>\n<p>  <\/a><\/p>\n","protected":false},"excerpt":{"rendered":"Natt til s\u00f8ndag brant det i terrenget fire steder nord i \u00d8ygarden, p\u00e5 et ganske lite omr\u00e5de og&hellip;\n","protected":false},"author":2,"featured_media":210906,"comment_status":"","ping_status":"","sticky":false,"template":"","format":"standard","meta":{"footnotes":"","_share_on_mastodon":"0"},"categories":[10],"tags":[36,367,20,21,24,25,15,22,23,13,30,28,29,14,16,2869,1510,26,27],"class_list":["post-210905","post","type-post","status-publish","format-standard","has-post-thumbnail","category-norge","tag-art","tag-brann","tag-breaking-news","tag-breakingnews","tag-featured-news","tag-featurednews","tag-headlines","tag-latest-news","tag-latestnews","tag-news","tag-no","tag-norge","tag-norway","tag-nyheter","tag-overskrifter","tag-oygarden","tag-story","tag-top-stories","tag-topstories"],"share_on_mastodon":{"url":"https:\/\/pubeurope.com\/@no\/116393025609226101","error":""},"_links":{"self":[{"href":"https:\/\/www.europesays.com\/no\/wp-json\/wp\/v2\/posts\/210905","targetHints":{"allow":["GET"]}}],"collection":[{"href":"https:\/\/www.europesays.com\/no\/wp-json\/wp\/v2\/posts"}],"about":[{"href":"https:\/\/www.europesays.com\/no\/wp-json\/wp\/v2\/types\/post"}],"author":[{"embeddable":true,"href":"https:\/\/www.europesays.com\/no\/wp-json\/wp\/v2\/users\/2"}],"replies":[{"embeddable":true,"href":"https:\/\/www.europesays.com\/no\/wp-json\/wp\/v2\/comments?post=210905"}],"version-history":[{"count":0,"href":"https:\/\/www.europesays.com\/no\/wp-json\/wp\/v2\/posts\/210905\/revisions"}],"wp:featuredmedia":[{"embeddable":true,"href":"https:\/\/www.europesays.com\/no\/wp-json\/wp\/v2\/media\/210906"}],"wp:attachment":[{"href":"https:\/\/www.europesays.com\/no\/wp-json\/wp\/v2\/media?parent=210905"}],"wp:term":[{"taxonomy":"category","embeddable":true,"href":"https:\/\/www.europesays.com\/no\/wp-json\/wp\/v2\/categories?post=210905"},{"taxonomy":"post_tag","embeddable":true,"href":"https:\/\/www.europesays.com\/no\/wp-json\/wp\/v2\/tags?post=210905"}],"curies":[{"name":"wp","href":"https:\/\/api.w.org\/{rel}","templated":true}]}}