{"id":211345,"date":"2026-04-13T10:08:16","date_gmt":"2026-04-13T10:08:16","guid":{"rendered":"https:\/\/www.europesays.com\/no\/211345\/"},"modified":"2026-04-13T10:08:16","modified_gmt":"2026-04-13T10:08:16","slug":"tomine-harket-om-farens-parkinsons-sykdom-en-personlig-kamp","status":"publish","type":"post","link":"https:\/\/www.europesays.com\/no\/211345\/","title":{"rendered":"Tomine Harket om farens Parkinsons sykdom: En personlig kamp"},"content":{"rendered":"<p class=\"kicker \" style=\"\">Tomine Harket om farens sykdom<\/p>\n<p>    Ett \u00e5r etter at Morten Harket fortalte at han var rammet av Parkinsons sykdom, \u00e5pner n\u00e5 datteren opp.<\/p>\n<p>\n    PAPPAS PIKE: Morten Harket og datteren Tomine. Foto: Andreas Fadum\n  <\/p>\n<p>Det gj\u00f8r vondt \u2013 og det merkes.<\/p>\n<p>N\u00e5 \u00e5pner Tomine Harket (32) opp om farens alvorlige sykdom \u2013 og innr\u00f8mmer at det har v\u00e6rt t\u00f8ft \u00e5 dele det med hele Norge.<\/p>\n<p>\u2013 Jeg skulle \u00f8nske det kunne v\u00e6rt privat, forteller hun i et nytt intervju med<a href=\"https:\/\/www.tv2.no\/underholdning\/om-farens-sykdom-skulle-onske-det-kunne-vaert-privat\/18719227\/\" rel=\"nofollow noopener\" target=\"_blank\"> TV 2<\/a>.\u00a0<\/p>\n<p>T\u00f8ff beskjed\t<\/p>\n<p>Det var i fjor at Morten Harket (66) \u2013 en av Norges st\u00f8rste popstjerner gjennom tidene \u2013 selv gikk ut og fortalte at han har f\u00e5tt Parkinsons sykdom.<\/p>\n<p>        <img loading=\"lazy\" decoding=\"async\" src=\"https:\/\/www.europesays.com\/no\/wp-content\/uploads\/2026\/04\/84488650.webp.webp\" width=\"667\" height=\"1001\" title=\"KJENDIS-DATTER: Tomine Harket p\u00e5 Universals sommerfest i 2023. Foto: Andreas Fadum\" alt=\"\" class=\"\" style=\"--aspect-ratio-image: 0.67; \"\/><\/p>\n<p>\n        KJENDIS-DATTER: Tomine Harket p\u00e5 Universals sommerfest i 2023. Foto: Andreas Fadum\n    <\/p>\n<p>Diagnosen hadde han levd med lenge i det skjulte, f\u00f8r han valgte \u00e5 v\u00e6re \u00e5pen. <\/p>\n<p>Sykdommen er kronisk og p\u00e5virker kroppens evne til \u00e5 bevege seg normalt \u2013 og kan blant annet gi skjelvinger og stivhet. <\/p>\n<p>\u2013 Vanskelig \u00e5 dele\t<\/p>\n<p>For datteren Tomine har det v\u00e6rt en f\u00f8lelsesmessig berg-og-dalbane.<\/p>\n<p>Hun forteller at det ikke bare handler om sykdommen i seg selv \u2013 men ogs\u00e5 om det \u00e5 m\u00e5tte dele noe s\u00e5 personlig offentlig.<\/p>\n<p>        LEGEHJELP: \u00abSpillet\u00bb-deltakeren avsl\u00f8rer hvorfor produksjonen m\u00e5tte bryte inn da \u00e9n av deltakerne forlot innspillingen grunnet en skade. Reporter: Sanne Holt. Video: Karolina Grace\/ R\u00f8d L\u00f8per, \u00abSpillet\u00bb\/ TV 2<\/p>\n<p>\u2013 Det er vanskelig \u00e5 forholde seg til, har hun tidligere sagt om farens diagnose. <\/p>\n<p>Og n\u00e5 setter hun ord p\u00e5 det mange kanskje tenker:<\/p>\n<p>At noen ting helst burde f\u00e5tt v\u00e6re innenfor familiens fire vegger.<\/p>\n<p>    <a itemprop=\"url\" href=\"https:\/\/www.seher.no\/kjendis\/reagerer-pa-endring-feil-for-meg\/84324367\" rel=\"nofollow noopener\" target=\"_blank\"><\/p>\n<p>        <img loading=\"lazy\" decoding=\"async\" src=\"https:\/\/www.europesays.com\/no\/wp-content\/uploads\/2026\/04\/1776074894_529_84324843.webp.webp\" width=\"980\" height=\"441\" title=\"Reagerer: - Feil for meg\" alt=\"\" class=\"lazyload\" style=\"--aspect-ratio-image: 2.22; \"\/><\/p>\n<p>        Reagerer: &#8211; Feil for meg<\/p>\n<p>    <\/a><\/p>\n<p>Fant st\u00f8tte hos sin egen far\t<\/p>\n<p> For Morten Harket (66) selv har sykdommen ogs\u00e5 f\u00f8rt til refleksjon.<\/p>\n<p>Han har tidligere fortalt at han har valgt \u00e5 akseptere situasjonen \u2013 og at han finner styrke i sin egen far.<\/p>\n<p>\u2013 \u00abJeg bruker det som fungerer\u00bb, har han sagt, inspirert av farens livsinnstilling. <\/p>\n<p>        <img loading=\"lazy\" decoding=\"async\" src=\"https:\/\/www.europesays.com\/no\/wp-content\/uploads\/2026\/04\/84488654.webp.webp\" width=\"667\" height=\"587\" title=\"BARNESTJERNE: Tomine spilte i musikalen Annie. Her med mamma Camilla og pappa Morten. Foto: Se og H\u00f8r\" alt=\"\" class=\"\" style=\"--aspect-ratio-image: 1.14; \"\/><\/p>\n<p>\n        BARNESTJERNE: Tomine spilte i musikalen Annie. Her med mamma Camilla og pappa Morten. Foto: Se og H\u00f8r\n    <\/p>\n<p>Et nytt liv\t<\/p>\n<p>Parkinsonsdiagnosen har ogs\u00e5 f\u00e5tt konsekvenser for artistlivet.<\/p>\n<p>Blant annet har sykdommen p\u00e5virket stemmen hans \u2013 og dermed ogs\u00e5 fremtiden som artist.<\/p>\n<p>Likevel pr\u00f8ver han \u00e5 fokusere p\u00e5 det som fortsatt fungerer.<\/p>\n<p>        GIFTEKLAR: Pernille D\u00f8svik r\u00f8per hvilket ikoniske kjendisbryllup og brudekjole hun har blitt inspirert av, f\u00f8r hennes og Johannes H\u00f8sflot Kl\u00e6bo eget dr\u00f8mmebryllup. Reporter: Sanne Holt. Video: Sanne Holt, R\u00f8d L\u00f8per\/ \u00abVegard x Funkygine: Svart tr\u00f8ye\u00bb\/ VGTV, Instagram\/Tiktok @pernilledosvik<\/p>\n<p>Sterke b\u00e5nd i en t\u00f8ff tid\t<\/p>\n<p>Midt i det hele st\u00e5r familien samlet.<\/p>\n<p>For selv om \u00e5penheten kan v\u00e6re krevende, er st\u00f8tten fra de n\u00e6rmeste uvurderlig. Og kanskje er det nettopp det som betyr aller mest n\u00e5.<\/p>\n","protected":false},"excerpt":{"rendered":"Tomine Harket om farens sykdom Ett \u00e5r etter at Morten Harket fortalte at han var rammet av Parkinsons&hellip;\n","protected":false},"author":2,"featured_media":211346,"comment_status":"","ping_status":"","sticky":false,"template":"","format":"standard","meta":{"footnotes":"","_share_on_mastodon":"0"},"categories":[58],"tags":[4104,71,479,11144,30,28,29,13337,72],"class_list":["post-211345","post","type-post","status-publish","format-standard","has-post-thumbnail","category-underholdning","tag-eksklusivt","tag-entertainment","tag-kjendis","tag-morten-harket","tag-no","tag-norge","tag-norway","tag-tomine-harket","tag-underholdning"],"share_on_mastodon":{"url":"https:\/\/pubeurope.com\/@no\/116396851955485031","error":""},"_links":{"self":[{"href":"https:\/\/www.europesays.com\/no\/wp-json\/wp\/v2\/posts\/211345","targetHints":{"allow":["GET"]}}],"collection":[{"href":"https:\/\/www.europesays.com\/no\/wp-json\/wp\/v2\/posts"}],"about":[{"href":"https:\/\/www.europesays.com\/no\/wp-json\/wp\/v2\/types\/post"}],"author":[{"embeddable":true,"href":"https:\/\/www.europesays.com\/no\/wp-json\/wp\/v2\/users\/2"}],"replies":[{"embeddable":true,"href":"https:\/\/www.europesays.com\/no\/wp-json\/wp\/v2\/comments?post=211345"}],"version-history":[{"count":0,"href":"https:\/\/www.europesays.com\/no\/wp-json\/wp\/v2\/posts\/211345\/revisions"}],"wp:featuredmedia":[{"embeddable":true,"href":"https:\/\/www.europesays.com\/no\/wp-json\/wp\/v2\/media\/211346"}],"wp:attachment":[{"href":"https:\/\/www.europesays.com\/no\/wp-json\/wp\/v2\/media?parent=211345"}],"wp:term":[{"taxonomy":"category","embeddable":true,"href":"https:\/\/www.europesays.com\/no\/wp-json\/wp\/v2\/categories?post=211345"},{"taxonomy":"post_tag","embeddable":true,"href":"https:\/\/www.europesays.com\/no\/wp-json\/wp\/v2\/tags?post=211345"}],"curies":[{"name":"wp","href":"https:\/\/api.w.org\/{rel}","templated":true}]}}