{"id":21151,"date":"2025-08-29T08:25:09","date_gmt":"2025-08-29T08:25:09","guid":{"rendered":"https:\/\/www.europesays.com\/no\/21151\/"},"modified":"2025-08-29T08:25:09","modified_gmt":"2025-08-29T08:25:09","slug":"bevaepnet-politi-rykket-ut-til-maskert-mann-med-oks-i-nordre-follo","status":"publish","type":"post","link":"https:\/\/www.europesays.com\/no\/21151\/","title":{"rendered":"Bev\u00e6pnet politi rykket ut til maskert mann med \u00f8ks i Nordre Follo"},"content":{"rendered":"\n<p class=\"_lead_1bvmi_2 _lead_xtcu6_50 layout-component text-serif-m layout-normal text-serif-l layout-component layout-wide layout-padded _wide_17hqh_1 layout-padded\">Mannen kom med trusler p\u00e5 en TikTok-sending.<\/p>\n<p>Aktiver kart<\/p>\n<ul aria-hidden=\"true\" class=\"_images_1y6fe_106\">\n<li><a class=\"_link_1y6fe_111\" href=\"https:\/\/www.vg.no\/forfatter\/einar-torkelsen\" style=\"z-index:1\" title=\"Einar Torkelsen\" rel=\"nofollow noopener\" target=\"_blank\"><img alt=\"Bilde av Einar Torkelsen\" class=\"_image_1y6fe_88\" fetchpriority=\"low\" loading=\"lazy\" decoding=\"async\" itemprop=\"image\"  src=\"https:\/\/www.europesays.com\/no\/wp-content\/uploads\/2025\/08\/1756455908_288_f6016772-ddbc-43d2-b733-41afc7cc9046\"  width=\"480\"\/><\/a><\/li>\n<\/ul>\n<p> Oppdatert fredag 29. august kl. 08:40     <\/p>\n<p class=\"_paragraph_1bvmi_4 _paragraph_xtcu6_10 layout-component text-serif-m layout-normal text-serif-m layout-padded\">Torsdag kveld hadde en mann i 30-\u00e5rene fra Nordre Follo en direktesending p\u00e5 TikTok. <\/p>\n<p class=\"_paragraph_1bvmi_4 _paragraph_xtcu6_10 layout-component text-serif-m layout-normal text-serif-m layout-padded\">Mannen var if\u00f8rt finlandshette. Han viftet ogs\u00e5 med en \u00f8ks og kom med truende uttalelser. <\/p>\n<p class=\"_paragraph_1bvmi_4 _paragraph_xtcu6_10 layout-component text-serif-m layout-normal text-serif-m layout-padded\">\u2013 Vi rykket ut og bev\u00e6pnet oss, basert p\u00e5 opplysninger vi fikk inn om at han gikk rundt og viftet med \u00f8ks og flere kniver. Vi kj\u00f8rte med flere patruljer, sier operasjonsleder Henrik Larsen til VG. <\/p>\n<p class=\"_paragraph_1bvmi_4 _paragraph_xtcu6_10 layout-component text-serif-m layout-normal text-serif-m layout-padded\">Politiet fikk kontroll p\u00e5 mannen klokken 00.23.<\/p>\n<p class=\"_paragraph_1bvmi_4 _paragraph_xtcu6_10 layout-component text-serif-m layout-normal text-serif-m layout-padded\">\u2013 Mannen var samarbeidsvillig og la seg ned frivillig. Det var ingen dramatikk i p\u00e5gripelsen, sier Larsen.<\/p>\n<p class=\"_paragraph_1bvmi_4 _paragraph_xtcu6_10 layout-component text-serif-m layout-normal text-serif-m layout-padded\">\u2013 Vi s\u00f8kte ogs\u00e5 gjennom boligen han knyttes til. Det er tatt beslag i en \u00f8ks, flere kniver og en finlandshette, sier operasjonslederen<\/p>\n<p class=\"_paragraph_1bvmi_4 _paragraph_xtcu6_10 layout-component text-serif-m layout-normal text-serif-m layout-padded\">Ingen ble skadet.<\/p>\n<p class=\"_paragraph_1bvmi_4 _paragraph_xtcu6_10 layout-component text-serif-m layout-normal text-serif-m layout-padded\">\u2013 Ingen konkrete personer har blitt utsatt for trusler, som vi er kjent med, sier Larsen. <\/p>\n<p class=\"_paragraph_1bvmi_4 _paragraph_xtcu6_10 layout-component text-serif-m layout-normal text-serif-m layout-padded\">Mannen ble tatt med til helsevesenet, der han n\u00e5 blir ivaretatt. <\/p>\n<p class=\"_paragraph_1bvmi_4 _paragraph_xtcu6_10 layout-component text-serif-m layout-normal text-serif-m layout-padded\">Flere som s\u00e5 direktesendingen meldte ifra til politiet. F\u00f8rste melding kom klokken 23.45, if\u00f8lge operasjonslederen. <\/p>\n<p>    <img decoding=\"async\" alt=\"Tips oss illustrasjon\" width=\"62px\" height=\"auto\" src=\"https:\/\/www.europesays.com\/no\/wp-content\/uploads\/2025\/08\/1754784428_95_W9avJzE.png\"\/>    <\/p>\n<p class=\"title-serif-s\">Har du tips til oss?<\/p>\n<p class=\"text-sans-m\">Send oss informasjon, bilder eller video<\/p>\n<p>  <a href=\"https:\/\/www.vg.no\/tips-oss\" rel=\"nofollow noopener\" target=\"_blank\"> Tips oss <\/a>      <\/p>\n","protected":false},"excerpt":{"rendered":"Mannen kom med trusler p\u00e5 en TikTok-sending. Aktiver kart Oppdatert fredag 29. august kl. 08:40 Torsdag kveld hadde&hellip;\n","protected":false},"author":2,"featured_media":21152,"comment_status":"","ping_status":"","sticky":false,"template":"","format":"standard","meta":{"footnotes":""},"categories":[10],"tags":[31,20,21,24,25,15,22,23,13,30,28,29,14,16,26,27],"class_list":{"0":"post-21151","1":"post","2":"type-post","3":"status-publish","4":"format-standard","5":"has-post-thumbnail","7":"category-norge","8":"tag-breaking","9":"tag-breaking-news","10":"tag-breakingnews","11":"tag-featured-news","12":"tag-featurednews","13":"tag-headlines","14":"tag-latest-news","15":"tag-latestnews","16":"tag-news","17":"tag-no","18":"tag-norge","19":"tag-norway","20":"tag-nyheter","21":"tag-overskrifter","22":"tag-top-stories","23":"tag-topstories"},"share_on_mastodon":{"url":"","error":""},"_links":{"self":[{"href":"https:\/\/www.europesays.com\/no\/wp-json\/wp\/v2\/posts\/21151","targetHints":{"allow":["GET"]}}],"collection":[{"href":"https:\/\/www.europesays.com\/no\/wp-json\/wp\/v2\/posts"}],"about":[{"href":"https:\/\/www.europesays.com\/no\/wp-json\/wp\/v2\/types\/post"}],"author":[{"embeddable":true,"href":"https:\/\/www.europesays.com\/no\/wp-json\/wp\/v2\/users\/2"}],"replies":[{"embeddable":true,"href":"https:\/\/www.europesays.com\/no\/wp-json\/wp\/v2\/comments?post=21151"}],"version-history":[{"count":0,"href":"https:\/\/www.europesays.com\/no\/wp-json\/wp\/v2\/posts\/21151\/revisions"}],"wp:featuredmedia":[{"embeddable":true,"href":"https:\/\/www.europesays.com\/no\/wp-json\/wp\/v2\/media\/21152"}],"wp:attachment":[{"href":"https:\/\/www.europesays.com\/no\/wp-json\/wp\/v2\/media?parent=21151"}],"wp:term":[{"taxonomy":"category","embeddable":true,"href":"https:\/\/www.europesays.com\/no\/wp-json\/wp\/v2\/categories?post=21151"},{"taxonomy":"post_tag","embeddable":true,"href":"https:\/\/www.europesays.com\/no\/wp-json\/wp\/v2\/tags?post=21151"}],"curies":[{"name":"wp","href":"https:\/\/api.w.org\/{rel}","templated":true}]}}