{"id":211887,"date":"2026-04-14T02:58:34","date_gmt":"2026-04-14T02:58:34","guid":{"rendered":"https:\/\/www.europesays.com\/no\/211887\/"},"modified":"2026-04-14T02:58:34","modified_gmt":"2026-04-14T02:58:34","slug":"pendlar-mil-etter-mil-for-a-spele-for-hodd-verdt-det","status":"publish","type":"post","link":"https:\/\/www.europesays.com\/no\/211887\/","title":{"rendered":"Pendlar mil etter mil for \u00e5 spele for H\u00f8dd: \u2013 Verdt det"},"content":{"rendered":"<p><img decoding=\"async\" src=\"https:\/\/vcdn.polarismedia.no\/38bb923e-9b8a-45d5-a220-8b7eab83d70e?fit=clip&amp;h=1200&amp;q=80&amp;tight=false&amp;w=1900\" alt=\"\" class=\"loaded\"\/><br \/>\n  M\u00e5lfeiring: Etter at hattricket var sikra mot \u00c5ndalsnes\/Langfjorden i f\u00f8rste seriekamp laurdag, feira H\u00f8dd-angripar Lisa Alvestad Mikalsen p\u00e5 dette viset.<br \/>\n  <strong>Foto:<\/strong> Arne Flatin\/H\u00f8dd Fotball<\/p>\n<p class=\"lead\">Lisa Alvestad Mikalsen markerte seg med eit imponerande hattrick i serieopninga. Det gjer det langt kjekkare \u00e5 k\u00f8yre mil etter mil i treningskvardagen for \u00e5 spele for H\u00f8dd.<\/p>\n","protected":false},"excerpt":{"rendered":"M\u00e5lfeiring: Etter at hattricket var sikra mot \u00c5ndalsnes\/Langfjorden i f\u00f8rste seriekamp laurdag, feira H\u00f8dd-angripar Lisa Alvestad Mikalsen p\u00e5&hellip;\n","protected":false},"author":2,"featured_media":211888,"comment_status":"","ping_status":"","sticky":false,"template":"","format":"standard","meta":{"footnotes":"","_share_on_mastodon":"0"},"categories":[59],"tags":[92,1380,3743,30,28,29,9514,20365,83,82,723],"class_list":["post-211887","post","type-post","status-publish","format-standard","has-post-thumbnail","category-sport","tag-fotball","tag-hodd","tag-hoddvoll","tag-no","tag-norge","tag-norway","tag-pendling","tag-sk-herd","tag-sport","tag-sports","tag-trening"],"share_on_mastodon":{"url":"https:\/\/pubeurope.com\/@no\/116400823293422709","error":""},"_links":{"self":[{"href":"https:\/\/www.europesays.com\/no\/wp-json\/wp\/v2\/posts\/211887","targetHints":{"allow":["GET"]}}],"collection":[{"href":"https:\/\/www.europesays.com\/no\/wp-json\/wp\/v2\/posts"}],"about":[{"href":"https:\/\/www.europesays.com\/no\/wp-json\/wp\/v2\/types\/post"}],"author":[{"embeddable":true,"href":"https:\/\/www.europesays.com\/no\/wp-json\/wp\/v2\/users\/2"}],"replies":[{"embeddable":true,"href":"https:\/\/www.europesays.com\/no\/wp-json\/wp\/v2\/comments?post=211887"}],"version-history":[{"count":0,"href":"https:\/\/www.europesays.com\/no\/wp-json\/wp\/v2\/posts\/211887\/revisions"}],"wp:featuredmedia":[{"embeddable":true,"href":"https:\/\/www.europesays.com\/no\/wp-json\/wp\/v2\/media\/211888"}],"wp:attachment":[{"href":"https:\/\/www.europesays.com\/no\/wp-json\/wp\/v2\/media?parent=211887"}],"wp:term":[{"taxonomy":"category","embeddable":true,"href":"https:\/\/www.europesays.com\/no\/wp-json\/wp\/v2\/categories?post=211887"},{"taxonomy":"post_tag","embeddable":true,"href":"https:\/\/www.europesays.com\/no\/wp-json\/wp\/v2\/tags?post=211887"}],"curies":[{"name":"wp","href":"https:\/\/api.w.org\/{rel}","templated":true}]}}