{"id":212149,"date":"2026-04-14T10:16:11","date_gmt":"2026-04-14T10:16:11","guid":{"rendered":"https:\/\/www.europesays.com\/no\/212149\/"},"modified":"2026-04-14T10:16:11","modified_gmt":"2026-04-14T10:16:11","slug":"kultur-og-underholdning-moss-julian-17-skal-spille-sin-forste-konsert","status":"publish","type":"post","link":"https:\/\/www.europesays.com\/no\/212149\/","title":{"rendered":"Kultur og underholdning, Moss | Julian (17) skal spille sin f\u00f8rste konsert"},"content":{"rendered":"\n<p><b>\u2013 Det er ikke mange som f\u00e5r denne muligheten s\u00e5 jeg er veldig glad for \u00e5 f\u00e5 lov, sier Julian som g\u00e5r andre \u00e5ret p\u00e5 musikklinjen ved Kirkeparken videreg\u00e5ende skole.<\/b><\/p>\n<p>Det var under Moss Big Bands talentshow i 2025 17-\u00e5ringen utmerket seg. Talentshowet er et \u00e5rlig konsept der bandet inviterer elever fra musikk, dans og drama ved Kirkeparken til \u00e5 opptre p\u00e5 Samfunnshuset i Moss.<\/p>\n<p>\u2013 Jeg spilte The Kid from Red Bank som er en kjent jazz l\u00e5t, forteller Julian.<\/p>\n<p>L\u00e5ten er blant annet kjent fra kjenningsmelodien til Reiseradioen p\u00e5 NRK, og blir beskrevet som en sv\u00e6rt krevende l\u00e5t \u00e5 spille.<\/p>\n<p>Kort tid etter talentshowet kom telefonen.<\/p>\n<p>\u2013 Jeg fikk sp\u00f8rsm\u00e5l om \u00e5 v\u00e6re vikar som pianist i Moss Big Band og senere sp\u00f8rsm\u00e5l om jeg ville v\u00e6re med p\u00e5 et samarbeid rundt denne konserten, forteller Julian.<\/p>\n<p>Konserten arrangeres i samarbeid med Moss Big Band og Moss Jazzklubb. Frem mot konserten har Julian \u00f8vd sammen med mentor og pianist Anders Aarum.<\/p>\n<p><b>\u2013 \u00c5 spille med storband er noe helt eget. Jeg synes det er g\u00f8y at de velger meg n\u00e5r det finnes s\u00e5 mange gode pianister, sier en ydmyk Julian som ikke legger skjul p\u00e5 at han kjenner litt p\u00e5 presset.<\/b><\/p>\n<p>Konserten finner sted i Samfunnssalen i Moss 24. april. Det loves en jazzkonsert p\u00e5 h\u00f8yt niv\u00e5 med musikalsk leder Kjell Martinsen som er en storbandleder i toppklasse.<\/p>\n<p>   <img decoding=\"async\" width=\"6000\" height=\"4000\" fetchpriority=\"low\"  loading=\"lazy\"  src=\"https:\/\/www.europesays.com\/no\/wp-content\/uploads\/2026\/04\/2D888FEC-B0F2-4EFE-976F-848B59A517AA.jpeg\" alt=\"\" class=\"brick-c-cFOWSL\" style=\"--brick-image-ratio: 6000 \/ 4000;\"\/><\/p>\n<p>  Startet tidlig<\/p>\n<p>Med en oppvekst i en musikalsk familie startet Julian pianokarrieren tidlig, men det var ikke gitt at han kom til \u00e5 fortsette.<\/p>\n<p><b>\u2013 Jeg startet \u00e5 spille klassisk, men det funket aldri helt. Jeg hadde en veldig t\u00e5lmodig l\u00e6rer p\u00e5 kulturskolen som gjorde at jeg greide \u00e5 holde ut, sier Julian. <\/b><\/p>\n<p>F\u00f8rst da han fikk \u00f8ynene opp for jazzsjangeren ble interessen st\u00f8rre, og siden har han ikke sett seg tilbake.<\/p>\n<p>\u2013 Hvor mye \u00f8ver du i l\u00f8pet av en uke? <\/p>\n<p>\u2013 Ikke s\u00e5 mange timer, kanskje 2-3 timer. 20 minutter effektiv \u00f8ving om dagen gj\u00f8r susen, svarer Julian.<\/p>\n<p>\u2013 Hva er dr\u00f8mmen for fremtiden? <\/p>\n<p>\u2013 Piano kommer alltid til \u00e5 v\u00e6re en stor del av det jeg gj\u00f8r, men om jeg kommer til \u00e5 bli profesjonell musiker vet jeg ikke. Det f\u00e5r tiden vise.<\/p>\n<p>Om i underkant av to uker f\u00e5r han sin store dr\u00f8m oppfylt etter mange \u00e5rs dedikert arbeid.<\/p>\n<p>\u2013 \u00c5 f\u00e5 fremf\u00f8re er hele tiden motivasjonen og jeg gleder meg til \u00e5 f\u00e5 vise frem det vi jobber med. Ogs\u00e5 h\u00e5per jeg selvsagt at jeg kan imponere, avslutter Julian.<\/p>\n","protected":false},"excerpt":{"rendered":"\u2013 Det er ikke mange som f\u00e5r denne muligheten s\u00e5 jeg er veldig glad for \u00e5 f\u00e5 lov,&hellip;\n","protected":false},"author":2,"featured_media":212150,"comment_status":"","ping_status":"","sticky":false,"template":"","format":"standard","meta":{"footnotes":"","_share_on_mastodon":"0"},"categories":[58],"tags":[36,71,155,410,955,116,221,30,28,29,14,7105,218,1510,72],"class_list":["post-212149","post","type-post","status-publish","format-standard","has-post-thumbnail","category-underholdning","tag-art","tag-entertainment","tag-konsert","tag-kultur","tag-kultur-og-underholdning","tag-moss","tag-musikk","tag-no","tag-norge","tag-norway","tag-nyheter","tag-piano","tag-pluss","tag-story","tag-underholdning"],"share_on_mastodon":{"url":"https:\/\/pubeurope.com\/@no\/116402545640077736","error":""},"_links":{"self":[{"href":"https:\/\/www.europesays.com\/no\/wp-json\/wp\/v2\/posts\/212149","targetHints":{"allow":["GET"]}}],"collection":[{"href":"https:\/\/www.europesays.com\/no\/wp-json\/wp\/v2\/posts"}],"about":[{"href":"https:\/\/www.europesays.com\/no\/wp-json\/wp\/v2\/types\/post"}],"author":[{"embeddable":true,"href":"https:\/\/www.europesays.com\/no\/wp-json\/wp\/v2\/users\/2"}],"replies":[{"embeddable":true,"href":"https:\/\/www.europesays.com\/no\/wp-json\/wp\/v2\/comments?post=212149"}],"version-history":[{"count":0,"href":"https:\/\/www.europesays.com\/no\/wp-json\/wp\/v2\/posts\/212149\/revisions"}],"wp:featuredmedia":[{"embeddable":true,"href":"https:\/\/www.europesays.com\/no\/wp-json\/wp\/v2\/media\/212150"}],"wp:attachment":[{"href":"https:\/\/www.europesays.com\/no\/wp-json\/wp\/v2\/media?parent=212149"}],"wp:term":[{"taxonomy":"category","embeddable":true,"href":"https:\/\/www.europesays.com\/no\/wp-json\/wp\/v2\/categories?post=212149"},{"taxonomy":"post_tag","embeddable":true,"href":"https:\/\/www.europesays.com\/no\/wp-json\/wp\/v2\/tags?post=212149"}],"curies":[{"name":"wp","href":"https:\/\/api.w.org\/{rel}","templated":true}]}}