{"id":212254,"date":"2026-04-14T12:12:23","date_gmt":"2026-04-14T12:12:23","guid":{"rendered":"https:\/\/www.europesays.com\/no\/212254\/"},"modified":"2026-04-14T12:12:23","modified_gmt":"2026-04-14T12:12:23","slug":"brann-os-to-personer-mistenkt-etter-at-hus-ble-totalskadet-i-brann","status":"publish","type":"post","link":"https:\/\/www.europesays.com\/no\/212254\/","title":{"rendered":"Brann, Os | To personer mistenkt etter at hus ble totalskadet i brann"},"content":{"rendered":"\n<p>Tirsdag opplyser politiadvokat Olav Houm Otterdal at to personer har f\u00e5tt mistenktstatus etter brannen.<\/p>\n<p>\u2013 Det er p\u00e5 grunn av opplysninger politiet har f\u00e5tt p\u00e5 stedet, forteller han til BA.<\/p>\n<p><b>De to mistenkte, en mann og en kvinne, bor i den delen av tomannsboligen hvor man antar at brannen startet, if\u00f8lge Otterdal.<\/b><\/p>\n<p>\u2013 De oppholdt seg i boligen da det begynte \u00e5 brenne, og kom seg ut selv.<\/p>\n<p>N\u00e5 st\u00e5r samboerparet, og 82 \u00e5r gamle Egil Nj\u00f8ten som bodde i den andre delen av huset, uten et hjem.<\/p>\n<p>Mistet alt<\/p>\n<p>Det var mandag morgen <a href=\"https:\/\/www.ba.no\/brannvesenet-bygningsbrann-i-bjornafjorden\/s\/5-8-3370468\" rel=\"Follow nofollow noopener\" target=\"_blank\">at n\u00f8detatene rykket ut til tomannsboligen<\/a> i Lekvenmarka i Bj\u00f8rnafjorden etter melding om brann.<\/p>\n<p>Da brannvesenet kom frem, var det synlige flammer. Det tok ikke lang tid f\u00f8r huset var totalt overtent.<\/p>\n<p>   <img decoding=\"async\" width=\"4240\" height=\"2832\" fetchpriority=\"low\"  loading=\"lazy\"  src=\"https:\/\/www.europesays.com\/no\/wp-content\/uploads\/2026\/04\/IMG_2817+%282%29.jpeg\" alt=\"Boligbrann i Bj\u00f8rnafjorden - If\u00f8lge brannvesenet er det spredningsfare til andre boenheter i bygget.\" class=\"brick-c-cFOWSL\" style=\"--brick-image-ratio: 4240 \/ 2832;\"\/><\/p>\n<p>      Det var mye r\u00f8yk og flammer p\u00e5 stedet.<br \/>\n      Foto: SUSANN HAUKELAND B\u00d8RNES \/ Midtsiden\n    <\/p>\n<p>I motsetning til samboerparet, var ikke Egil Nj\u00f8ten hjemme denne morgenen.<\/p>\n<p>Han hadde sovet hos en venninne litt lenger borti gaten, og ble varslet av en nabo om at hjemmet hans brant.<\/p>\n<p>\u2013 Jeg tenkte \u00abfaen\u00bb. Alt jeg har hatt oppgjennom livet brenner inne i huset n\u00e5, <a href=\"https:\/\/www.ba.no\/mistet-alt-i-boligbrann-jeg-er-82-ar-na-ma-jeg-begynne-pa-nytt-igjen\/s\/5-8-3370544\" rel=\"Follow nofollow noopener\" target=\"_blank\">sa 82-\u00e5ringen tydelig preget til BA.<\/a><\/p>\n<p>   <img decoding=\"async\" width=\"1200\" height=\"800\" fetchpriority=\"low\"  loading=\"lazy\"  src=\"https:\/\/www.europesays.com\/no\/wp-content\/uploads\/2026\/04\/DSC_7718.jpg\" alt=\"\" class=\"brick-c-cFOWSL\" style=\"--brick-image-ratio: 1200 \/ 800;\"\/><\/p>\n<p>      \u2013 Det er trist \u00e5 se livet brenne ned s\u00e5nn som dette. Jeg har mistet alt. Jeg har kun det jeg st\u00e5r og g\u00e5r i, fortalte Nj\u00f8ten til BA.<br \/>\n      Foto: SKJALG EKELAND\n    <\/p>\n<p>  Krimteknikere skal unders\u00f8ke<\/p>\n<p>Det er forel\u00f8pig uklart hva som er \u00e5rsaken til brannen. En av de mistenkte er blitt avh\u00f8rt, og politiet \u00f8nsker ogs\u00e5 \u00e5 avh\u00f8re den andre.<\/p>\n<p>I tillegg gjenst\u00e5r flere vitneavh\u00f8r.<\/p>\n<p>\u2013 Krimteknikere skal ogs\u00e5 gj\u00f8re unders\u00f8kelser av branntomten n\u00e5r det er vurdert trygt \u00e5 g\u00e5 inn, sier Otterdal.<\/p>\n<p>Enn s\u00e5 lenge er boligen og tomten sperret av.<\/p>\n<p>   <img decoding=\"async\" width=\"7588\" height=\"5058\" fetchpriority=\"low\"  loading=\"lazy\"  src=\"https:\/\/www.europesays.com\/no\/wp-content\/uploads\/2026\/04\/DSC_7658_kopi.jpg\" alt=\"Hus totalskadet i brann p\u00e5 Lekvenmarka p\u00e5 Os. Egil Nj\u00f8ten (i r\u00f8d jakke) mistet alt han eig.\" class=\"brick-c-cFOWSL\" style=\"--brick-image-ratio: 7588 \/ 5058;\"\/><\/p>\n<p><a href=\"https:\/\/www.bt.no\/hendelser\/i\/lnKeMe\/husbrann-paa-os-to-personer-har-faatt-status-som-mistenkt\" rel=\"Follow nofollow noopener\" target=\"_blank\">BT<\/a> var f\u00f8rst ute med \u00e5 melde om mistenktstatusen tirsdag.<\/p>\n<p><a class=\"brick-c-hOTghF\" href=\"#skip-\">Hopp over karusellen.<\/a><\/p>\n<p data-static=\"\" class=\"brick-c-fgNmNC\" id=\"carousel-title-\">Innholdskarusell med 20 artikler.<\/p>\n<ul data-static=\"\" aria-label=\"Navigasjon for innholdskarusell\" class=\"carousel-nav\">\n<li>\n<\/li>\n<li>\n<\/li>\n<\/ul>\n","protected":false},"excerpt":{"rendered":"Tirsdag opplyser politiadvokat Olav Houm Otterdal at to personer har f\u00e5tt mistenktstatus etter brannen. \u2013 Det er p\u00e5&hellip;\n","protected":false},"author":2,"featured_media":212255,"comment_status":"","ping_status":"","sticky":false,"template":"","format":"standard","meta":{"footnotes":"","_share_on_mastodon":"0"},"categories":[10],"tags":[36,367,20,21,24,25,15,983,22,23,13,30,28,29,14,2932,16,1510,26,27,213],"class_list":["post-212254","post","type-post","status-publish","format-standard","has-post-thumbnail","category-norge","tag-art","tag-brann","tag-breaking-news","tag-breakingnews","tag-featured-news","tag-featurednews","tag-headlines","tag-krim","tag-latest-news","tag-latestnews","tag-news","tag-no","tag-norge","tag-norway","tag-nyheter","tag-os","tag-overskrifter","tag-story","tag-top-stories","tag-topstories","tag-vest-politidistrikt"],"share_on_mastodon":{"url":"https:\/\/pubeurope.com\/@no\/116403001599085988","error":""},"_links":{"self":[{"href":"https:\/\/www.europesays.com\/no\/wp-json\/wp\/v2\/posts\/212254","targetHints":{"allow":["GET"]}}],"collection":[{"href":"https:\/\/www.europesays.com\/no\/wp-json\/wp\/v2\/posts"}],"about":[{"href":"https:\/\/www.europesays.com\/no\/wp-json\/wp\/v2\/types\/post"}],"author":[{"embeddable":true,"href":"https:\/\/www.europesays.com\/no\/wp-json\/wp\/v2\/users\/2"}],"replies":[{"embeddable":true,"href":"https:\/\/www.europesays.com\/no\/wp-json\/wp\/v2\/comments?post=212254"}],"version-history":[{"count":0,"href":"https:\/\/www.europesays.com\/no\/wp-json\/wp\/v2\/posts\/212254\/revisions"}],"wp:featuredmedia":[{"embeddable":true,"href":"https:\/\/www.europesays.com\/no\/wp-json\/wp\/v2\/media\/212255"}],"wp:attachment":[{"href":"https:\/\/www.europesays.com\/no\/wp-json\/wp\/v2\/media?parent=212254"}],"wp:term":[{"taxonomy":"category","embeddable":true,"href":"https:\/\/www.europesays.com\/no\/wp-json\/wp\/v2\/categories?post=212254"},{"taxonomy":"post_tag","embeddable":true,"href":"https:\/\/www.europesays.com\/no\/wp-json\/wp\/v2\/tags?post=212254"}],"curies":[{"name":"wp","href":"https:\/\/api.w.org\/{rel}","templated":true}]}}