{"id":21228,"date":"2025-08-29T09:40:52","date_gmt":"2025-08-29T09:40:52","guid":{"rendered":"https:\/\/www.europesays.com\/no\/21228\/"},"modified":"2025-08-29T09:40:52","modified_gmt":"2025-08-29T09:40:52","slug":"debatt-fjellparkfestivalen-musikk-mangfold-frivillighet-og-fellesskap","status":"publish","type":"post","link":"https:\/\/www.europesays.com\/no\/21228\/","title":{"rendered":"Debatt, Fjellparkfestivalen | Musikk, mangfold, frivillighet og fellesskap"},"content":{"rendered":"\n<p>Vi er oppgitt over at Fjellparkfestivalen omtales iblant s\u00e5 store mengder desinformasjon, ved \u00e5 kobles til debattinnlegget i b\u00e5de tittel og br\u00f8dtekst.<\/p>\n<p>Vi \u00f8nsker ikke \u00e5 bidra til \u00e5 gi debattinnleggets feilaktige fremstillinger og hatefulle ytringer mer oppmerksomhet, men samtidig f\u00f8ler vi det n\u00f8dvendig \u00e5 uttrykke v\u00e5r dype skuffelse over at v\u00e5r kj\u00e6re lokalavis har valgt \u00e5 publisere det p\u00e5 en m\u00e5te som knytter dem til Fjellparkfestivalen. Festivalens navn h\u00f8rer ikke hjemme der.<\/p>\n<p>\u00c5rets innsamlingsaksjon er over. Fjellparkfestivalen har gjennom \u00e5renes gang gjort flere tiltak for \u00e5 hjelpe vanskeligstilte, b\u00e5de hjemme i Flekkefjord og internasjonalt, helt siden festivalen for 40 \u00e5r siden ga hele festivaloverskuddet til n\u00f8dhjelp i Afrika. I \u00e5r handlet flekkefj\u00e6ringer Fjellparkmerch for over 50 000 kroner til inntekt for Leger Uten Grensers n\u00f8dhjelpsarbeid i et omr\u00e5de som har akutt behov for det: Gaza.<\/p>\n<p>N\u00e5 er v\u00e5rt engasjement fremover fullt og helt viet til planleggingen av Fjellparkfestivalens 45. utgave. Det er musikk, mangfold, frivillighet og felleskap det handler om.<\/p>\n<p>Ikke stigmatisering, splittelse og hat.<\/p>\n<p>  <a href=\"https:\/\/www.avisenagder.no\/5-99-1439277\" class=\"related-teaser default-opinion-teaser article--c-eRUmMG article--c-eRUmMG-jKCPdD-design-default article--c-eRUmMG-kpKLOW-cv\" rel=\"nofollow noopener\" target=\"_blank\"><\/p>\n<p>\n            Les ogs\u00e5<\/p>\n<p>              Om Israel og Gaza\n        <\/p>\n<p>  <\/a><\/p>\n<p>Les mer om: artikkelemnene<\/p>\n","protected":false},"excerpt":{"rendered":"Vi er oppgitt over at Fjellparkfestivalen omtales iblant s\u00e5 store mengder desinformasjon, ved \u00e5 kobles til debattinnlegget i&hellip;\n","protected":false},"author":2,"featured_media":7879,"comment_status":"","ping_status":"","sticky":false,"template":"","format":"standard","meta":{"footnotes":""},"categories":[58],"tags":[36,37,71,3548,53,156,30,28,29,1533,72,963],"class_list":{"0":"post-21228","1":"post","2":"type-post","3":"status-publish","4":"format-standard","5":"has-post-thumbnail","7":"category-underholdning","8":"tag-art","9":"tag-debatt","10":"tag-entertainment","11":"tag-fjellparkfestivalen","12":"tag-gaza","13":"tag-meninger","14":"tag-no","15":"tag-norge","16":"tag-norway","17":"tag-opinion","18":"tag-underholdning","19":"tag-ytring"},"share_on_mastodon":{"url":"","error":""},"_links":{"self":[{"href":"https:\/\/www.europesays.com\/no\/wp-json\/wp\/v2\/posts\/21228","targetHints":{"allow":["GET"]}}],"collection":[{"href":"https:\/\/www.europesays.com\/no\/wp-json\/wp\/v2\/posts"}],"about":[{"href":"https:\/\/www.europesays.com\/no\/wp-json\/wp\/v2\/types\/post"}],"author":[{"embeddable":true,"href":"https:\/\/www.europesays.com\/no\/wp-json\/wp\/v2\/users\/2"}],"replies":[{"embeddable":true,"href":"https:\/\/www.europesays.com\/no\/wp-json\/wp\/v2\/comments?post=21228"}],"version-history":[{"count":0,"href":"https:\/\/www.europesays.com\/no\/wp-json\/wp\/v2\/posts\/21228\/revisions"}],"wp:featuredmedia":[{"embeddable":true,"href":"https:\/\/www.europesays.com\/no\/wp-json\/wp\/v2\/media\/7879"}],"wp:attachment":[{"href":"https:\/\/www.europesays.com\/no\/wp-json\/wp\/v2\/media?parent=21228"}],"wp:term":[{"taxonomy":"category","embeddable":true,"href":"https:\/\/www.europesays.com\/no\/wp-json\/wp\/v2\/categories?post=21228"},{"taxonomy":"post_tag","embeddable":true,"href":"https:\/\/www.europesays.com\/no\/wp-json\/wp\/v2\/tags?post=21228"}],"curies":[{"name":"wp","href":"https:\/\/api.w.org\/{rel}","templated":true}]}}