{"id":21231,"date":"2025-08-29T09:44:08","date_gmt":"2025-08-29T09:44:08","guid":{"rendered":"https:\/\/www.europesays.com\/no\/21231\/"},"modified":"2025-08-29T09:44:08","modified_gmt":"2025-08-29T09:44:08","slug":"thailands-statsminister-paetongtarn-shinawatra-avsettes","status":"publish","type":"post","link":"https:\/\/www.europesays.com\/no\/21231\/","title":{"rendered":"Thailands statsminister Paetongtarn Shinawatra avsettes"},"content":{"rendered":"\n<p class=\"_lead_1bvmi_2 _lead_xtcu6_50 layout-component text-serif-m layout-normal text-serif-l layout-component layout-wide layout-padded _wide_17hqh_1 layout-padded\">Thailands forfatningsdomstol har besluttet at landets suspenderte statsminister Paetongtarn Shinawatra skal avsettes.<\/p>\n<p><img alt=\"Thailands forfatningsdomstol har avsatt statsminister Paetongtarn Shinawatra, som har v\u00e6rt suspendert siden 1. juli.  Foto: \u00a0AP \/ NTB\" class=\"_image_qp4xg_65 layout-component layout-wide\" data-fullscreen- data-track-element-type=\"Article image fullscreen\" data-track-name=\"ImageFullscreen\" fetchpriority=\"high\" decoding=\"sync\" loading=\"eager\" height=\"2934\" itemprop=\"image\"  src=\"https:\/\/www.europesays.com\/no\/wp-content\/uploads\/2025\/08\/8d435aaa-4043-4f64-a625-55fd05d76fc6\"  style=\"object-position:0% 0%\" width=\"4401\"\/>Thailands forfatningsdomstol har avsatt statsminister Paetongtarn Shinawatra, som har v\u00e6rt suspendert siden 1. juli.  Foto: \u00a0AP \/ NTB<\/p>\n<ul aria-hidden=\"true\" class=\"_images_1y6fe_106\">\n<li><a class=\"_link_1y6fe_111\" href=\"https:\/\/www.vg.no\/forfatter\/ntb\" style=\"z-index:1\" title=\"NTB\" rel=\"nofollow noopener\" target=\"_blank\"><img alt=\"Bilde av NTB\" class=\"_image_1y6fe_88\" fetchpriority=\"low\" loading=\"lazy\" decoding=\"async\" itemprop=\"image\"  src=\"https:\/\/www.europesays.com\/no\/wp-content\/uploads\/2025\/08\/1756460648_550_c33980b0-5d07-4027-84a1-813f90a7c8d6\"  width=\"480\"\/><\/a><\/li>\n<\/ul>\n<p> Oppdatert fredag 29. august kl. 10:48     <\/p>\n<p class=\"_paragraph_1bvmi_4 _paragraph_xtcu6_10 layout-component text-serif-m layout-normal text-serif-m layout-padded\">39 \u00e5r gamle Shinawatra overtok som statsminister i august i fjor, men ble suspendert av forfatningsdomstolen 1. juli i \u00e5r. <\/p>\n<p class=\"_paragraph_1bvmi_4 _paragraph_xtcu6_10 layout-component text-serif-m layout-normal text-serif-m layout-padded\">Det skjedde etter en lekkasje av et opptak av en telefonsamtale hun hadde hatt med Kambodsjas tidligere leder Hun Sen (72). <\/p>\n<p class=\"_paragraph_1bvmi_4 _paragraph_xtcu6_10 layout-component text-serif-m layout-normal text-serif-m layout-padded\">I samtalen, som fant sted mens det p\u00e5gikk en grensekonflikt mellom de to landene, omtaler hun ham som \u00abonkel\u00bb. Hun omtaler ogs\u00e5 en av <a href=\"https:\/\/www.vg.no\/tag\/thailand?utm_source=vg-article&amp;utm_medium=auto-tagger&amp;utm_campaign=JbzXqm\" class=\"_link_1bvmi_39\" rel=\"nofollow noopener\" target=\"_blank\">Thailands<\/a> milit\u00e6re ledere som \u00abmotstander\u00bb.<\/p>\n<p class=\"_paragraph_1bvmi_4 _paragraph_xtcu6_10 layout-component text-serif-m layout-normal text-serif-m layout-padded\">Paetongtarn er datter av Thaksin Shinawatra, en av Thailands rikeste menn. Han var statsminister fra 2001 til 2006, da han ble styrtet i et milit\u00e6rkupp. <\/p>\n<p class=\"_paragraph_1bvmi_4 _paragraph_xtcu6_10 layout-component text-serif-m layout-normal text-serif-m layout-padded\">Thaksin er kjent for \u00e5 ha et n\u00e6rt forhold til Hun Sen, som var statsminister i Kambodsja i en \u00e5rrekke fram til han overlot posten til s\u00f8nnen Hun Manet i 2023. <\/p>\n","protected":false},"excerpt":{"rendered":"Thailands forfatningsdomstol har besluttet at landets suspenderte statsminister Paetongtarn Shinawatra skal avsettes. Thailands forfatningsdomstol har avsatt statsminister Paetongtarn&hellip;\n","protected":false},"author":2,"featured_media":21232,"comment_status":"","ping_status":"","sticky":false,"template":"","format":"standard","meta":{"footnotes":""},"categories":[12],"tags":[20,21,24,25,15,3549,22,23,13,30,28,29,14,16,745,26,27,42,43,44,45],"class_list":{"0":"post-21231","1":"post","2":"type-post","3":"status-publish","4":"format-standard","5":"has-post-thumbnail","7":"category-verden","8":"tag-breaking-news","9":"tag-breakingnews","10":"tag-featured-news","11":"tag-featurednews","12":"tag-headlines","13":"tag-kambodsja","14":"tag-latest-news","15":"tag-latestnews","16":"tag-news","17":"tag-no","18":"tag-norge","19":"tag-norway","20":"tag-nyheter","21":"tag-overskrifter","22":"tag-thailand","23":"tag-top-stories","24":"tag-topstories","25":"tag-verden","26":"tag-world","27":"tag-world-news","28":"tag-worldnews"},"share_on_mastodon":{"url":"","error":""},"_links":{"self":[{"href":"https:\/\/www.europesays.com\/no\/wp-json\/wp\/v2\/posts\/21231","targetHints":{"allow":["GET"]}}],"collection":[{"href":"https:\/\/www.europesays.com\/no\/wp-json\/wp\/v2\/posts"}],"about":[{"href":"https:\/\/www.europesays.com\/no\/wp-json\/wp\/v2\/types\/post"}],"author":[{"embeddable":true,"href":"https:\/\/www.europesays.com\/no\/wp-json\/wp\/v2\/users\/2"}],"replies":[{"embeddable":true,"href":"https:\/\/www.europesays.com\/no\/wp-json\/wp\/v2\/comments?post=21231"}],"version-history":[{"count":0,"href":"https:\/\/www.europesays.com\/no\/wp-json\/wp\/v2\/posts\/21231\/revisions"}],"wp:featuredmedia":[{"embeddable":true,"href":"https:\/\/www.europesays.com\/no\/wp-json\/wp\/v2\/media\/21232"}],"wp:attachment":[{"href":"https:\/\/www.europesays.com\/no\/wp-json\/wp\/v2\/media?parent=21231"}],"wp:term":[{"taxonomy":"category","embeddable":true,"href":"https:\/\/www.europesays.com\/no\/wp-json\/wp\/v2\/categories?post=21231"},{"taxonomy":"post_tag","embeddable":true,"href":"https:\/\/www.europesays.com\/no\/wp-json\/wp\/v2\/tags?post=21231"}],"curies":[{"name":"wp","href":"https:\/\/api.w.org\/{rel}","templated":true}]}}