{"id":21247,"date":"2025-08-29T09:54:20","date_gmt":"2025-08-29T09:54:20","guid":{"rendered":"https:\/\/www.europesays.com\/no\/21247\/"},"modified":"2025-08-29T09:54:20","modified_gmt":"2025-08-29T09:54:20","slug":"vest-politidistrikt-politiet-kvinne-siktet-for-seksuell-omgang-med-barn","status":"publish","type":"post","link":"https:\/\/www.europesays.com\/no\/21247\/","title":{"rendered":"Vest politidistrikt, Politiet | Kvinne siktet for seksuell omgang med barn"},"content":{"rendered":"\n<p>En kvinne i 20-\u00e5rene er siktet for seksuell omgang med barn mellom 14 og 16 \u00e5r.<\/p>\n<p>Det opplyste vakthavende politijurist Ole Vallestad Emmerhoff til BA onsdag kveld.<\/p>\n<p>\u2013 Hun har ikke v\u00e6rt p\u00e5grepet tidligere, og jeg kjenner ikke til hvorfor hun ble p\u00e5grepet akkurat i dag, sa han til BA da.<\/p>\n<p>Skal ha skjedd i sommer<\/p>\n<p>Politiadvokaten p\u00e5 saken, Marcus Monsen, opplyste torsdag morgen at kvinnen skulle avh\u00f8res i l\u00f8pet av dagen.<\/p>\n<p><b>Monsen kan fortelle at det straffbare forholdet skal ha skjedd i sommer. <\/b><\/p>\n<p>\u2013 Politiet har s\u00e5 gjort unders\u00f8kelser, og p\u00e5 bakgrunn av dem ble det besluttet p\u00e5gripelse onsdag kveld, sier politiadvokaten til BA.<\/p>\n<p>Ikke kjent for politiet<\/p>\n<p>Den forn\u00e6rmede i saken er en ten\u00e5ringsgutt under 16 \u00e5r.<\/p>\n<p>\u2013 Har de en relasjon til hverandre?<\/p>\n<p>\u2013 Siktede har en relasjon til forn\u00e6rmedes familie.<\/p>\n<p>Kvinnen er i slutten av 20-\u00e5rene. Hun er ikke kjent for politiet fra tidligere, og BA er ikke kjent med hvordan hun stiller seg til straffskyld p\u00e5 n\u00e5v\u00e6rende tidspunkt.<\/p>\n<p>Monsen \u00f8nsker ikke \u00e5 g\u00e5 inn p\u00e5 mer detaljer i saken f\u00f8r avh\u00f8ret.<\/p>\n<p>      Kvinne l\u00f8slatt<\/p>\n<p>Monsen opplyser til <a href=\"https:\/\/www.nrk.no\/vestland\/overgrepssikta-sett-fri-1.17546110\" rel=\"Follow nofollow noopener\" target=\"_blank\">NRK <\/a>torsdag, at den siktede kvinnen er l\u00f8slatt.<\/p>\n<p>\u2013 Omstendighetene til den siktede gj\u00f8r at vi ikke f\u00e5r gjennomf\u00f8rt avh\u00f8r i dag, men det vil bli gjort p\u00e5 et senere tidspunkt, sier Monsen til NRK.<\/p>\n<p>Videre opplyser NRK at telefonen til kvinnen er beslaglagt, og at det ikke er noe fare for at hun skal \u00f8delegge bevis.<\/p>\n","protected":false},"excerpt":{"rendered":"En kvinne i 20-\u00e5rene er siktet for seksuell omgang med barn mellom 14 og 16 \u00e5r. Det opplyste&hellip;\n","protected":false},"author":2,"featured_media":21248,"comment_status":"","ping_status":"","sticky":false,"template":"","format":"standard","meta":{"footnotes":""},"categories":[5],"tags":[36,20,21,24,25,15,19,983,22,23,17,18,13,30,28,29,14,16,468,3103,1510,26,27,213],"class_list":{"0":"post-21247","1":"post","2":"type-post","3":"status-publish","4":"format-standard","5":"has-post-thumbnail","7":"category-overskrifter","8":"tag-art","9":"tag-breaking-news","10":"tag-breakingnews","11":"tag-featured-news","12":"tag-featurednews","13":"tag-headlines","14":"tag-hovedoppslag","15":"tag-krim","16":"tag-latest-news","17":"tag-latestnews","18":"tag-main-news","19":"tag-mainnews","20":"tag-news","21":"tag-no","22":"tag-norge","23":"tag-norway","24":"tag-nyheter","25":"tag-overskrifter","26":"tag-politiet","27":"tag-seksuelle-overgrep","28":"tag-story","29":"tag-top-stories","30":"tag-topstories","31":"tag-vest-politidistrikt"},"share_on_mastodon":{"url":"","error":""},"_links":{"self":[{"href":"https:\/\/www.europesays.com\/no\/wp-json\/wp\/v2\/posts\/21247","targetHints":{"allow":["GET"]}}],"collection":[{"href":"https:\/\/www.europesays.com\/no\/wp-json\/wp\/v2\/posts"}],"about":[{"href":"https:\/\/www.europesays.com\/no\/wp-json\/wp\/v2\/types\/post"}],"author":[{"embeddable":true,"href":"https:\/\/www.europesays.com\/no\/wp-json\/wp\/v2\/users\/2"}],"replies":[{"embeddable":true,"href":"https:\/\/www.europesays.com\/no\/wp-json\/wp\/v2\/comments?post=21247"}],"version-history":[{"count":0,"href":"https:\/\/www.europesays.com\/no\/wp-json\/wp\/v2\/posts\/21247\/revisions"}],"wp:featuredmedia":[{"embeddable":true,"href":"https:\/\/www.europesays.com\/no\/wp-json\/wp\/v2\/media\/21248"}],"wp:attachment":[{"href":"https:\/\/www.europesays.com\/no\/wp-json\/wp\/v2\/media?parent=21247"}],"wp:term":[{"taxonomy":"category","embeddable":true,"href":"https:\/\/www.europesays.com\/no\/wp-json\/wp\/v2\/categories?post=21247"},{"taxonomy":"post_tag","embeddable":true,"href":"https:\/\/www.europesays.com\/no\/wp-json\/wp\/v2\/tags?post=21247"}],"curies":[{"name":"wp","href":"https:\/\/api.w.org\/{rel}","templated":true}]}}