{"id":212764,"date":"2026-04-15T04:35:12","date_gmt":"2026-04-15T04:35:12","guid":{"rendered":"https:\/\/www.europesays.com\/no\/212764\/"},"modified":"2026-04-15T04:35:12","modified_gmt":"2026-04-15T04:35:12","slug":"hoyre-topp-grete-ellingsen-godkjente-at-sortland-kommune-skulle-betalte-for-en-privat-reise-til-kommunedirektorens-datter","status":"publish","type":"post","link":"https:\/\/www.europesays.com\/no\/212764\/","title":{"rendered":"H\u00f8yre-topp Grete Ellingsen godkjente at Sortland kommune skulle betalte for en privat reise til kommunedirekt\u00f8rens datter"},"content":{"rendered":"\n<ul class=\"_list_145nj_3 _list_64s2r_85 _unordered_145nj_106 text-sans-m\">\n<li class=\"_item_145nj_30\">H\u00f8yre-topp Grete Ellingsen godkjente at Sortland kommune betalte for kommunedirekt\u00f8rens datters private reise.<\/li>\n<li class=\"_item_145nj_30\">Kommunedirekt\u00f8r Trond Stenhaug betaler n\u00e5 tilbake pengene.<\/li>\n<li class=\"_item_145nj_30\">Ellingsen sier de vil unders\u00f8ke 100.000 kroner brukt p\u00e5 IT-utstyr.<\/li>\n<\/ul>\n<p>Vis mer <\/p>\n<p class=\"_paragraph_145nj_4 _paragraph_6fko5_10 layout-component text-serif-m layout-normal text-serif-m layout-padded\">En privat reise for kommunedirekt\u00f8r Trond Stenhaugs voksne datter, er ikke noe hans arbeidsgiver <a href=\"https:\/\/www.vg.no\/tag\/sortland-kommune?utm_source=vg-article&amp;utm_medium=auto-tagger&amp;utm_campaign=Exx5vl\" class=\"_link_145nj_39\" rel=\"nofollow noopener\" target=\"_blank\">Sortland kommune<\/a> skal betale for. Det er konklusjonen i et strengt brev fra KomRev NORD, et selskap som driver med revisjon av kommuner.<\/p>\n<p class=\"_paragraph_145nj_4 _paragraph_6fko5_10 layout-component text-serif-m layout-normal text-serif-m layout-padded\">Den aktuelle reisen ble gjennomf\u00f8rt som en tur\/retur fra Bergen til Sandefjord i juli 2025 til rundt 5.000 kroner.<\/p>\n<p class=\"_paragraph_145nj_4 _paragraph_6fko5_10 layout-component text-serif-m layout-normal text-serif-m layout-padded\"><strong class=\"_strong_145nj_25\">Det var nyvalgt medlem i H\u00f8yres ledelseH\u00f8yres ledelseEllingsen ble valgt til H\u00f8yres sentralstyre og arbeidsutvalg., Sortland-ordf\u00f8rer Grete Ellingsen som godkjente. <\/strong><\/p>\n<p class=\"_paragraph_145nj_4 _paragraph_6fko5_10 layout-component text-serif-m layout-normal text-serif-m layout-padded\">\u2013 Dette var en feil og regningen skulle ikke v\u00e6rt utbetalt, skriver ordf\u00f8rer Grete Ellingsen i en e-post til VG.<\/p>\n<p class=\"_paragraph_145nj_4 _paragraph_6fko5_10 layout-component text-serif-m layout-normal text-serif-m layout-padded\">Ordf\u00f8reren varsler ogs\u00e5 at hun skal unders\u00f8ke kommunedirekt\u00f8rens IT-budsjett. Han har brukt over 100.000 kroner p\u00e5 en rekke PC-er og telefoner p\u00e5 kun to \u00e5r. Mer om det lenger ned. <\/p>\n<p class=\"_paragraph_145nj_4 _paragraph_6fko5_10 layout-component text-serif-m layout-normal text-serif-m layout-padded\">Da direkt\u00f8ren f\u00f8rst ble konfrontert av revisjonsselskapet om hvorfor han hadde brukt skattepenger p\u00e5 \u00e5 betale for sin datters reise, forsvarte han det med at han mente at han kunne la henne anvende pendlerreise han ikke selv brukte, i henhold til hans arbeidsavtale. <\/p>\n<p class=\"_paragraph_145nj_4 _paragraph_6fko5_10 layout-component text-serif-m layout-normal text-serif-m layout-padded\">Men etter VG tok kontakt svarer han n\u00e5 at han har valgt \u00e5 betalte tilbake pengene til kommunen. <\/p>\n<p class=\"_paragraph_145nj_4 _paragraph_6fko5_10 layout-component text-serif-m layout-normal text-serif-m layout-padded\">\u2013 Hvorfor mente du at det var riktig at skattebetalerne i\u00a0Sortland\u00a0skulle betale for din datters private reise i en annen landsdel?<\/p>\n<p class=\"_paragraph_145nj_4 _paragraph_6fko5_10 layout-component text-serif-m layout-normal text-serif-m layout-padded\">\u2013 Vurderingen var at reisen inngikk i kvoten for pendlerreiser iht. arbeidsavtalen, skriver Stenhaug p\u00e5 e-post til VG.<\/p>\n<p class=\"_paragraph_145nj_4 _paragraph_6fko5_10 layout-component text-serif-m layout-normal text-serif-m layout-padded\">I sin arbeidsavtale f\u00e5r Stenhaug dekket pendlerreiser til og fra Sortland kommune fra sitt hjemsted T\u00f8nsberg.<\/p>\n<p><img alt=\"Kommunedirekt\u00f8r Trond Stenhaug  Foto: Kristine Lindeb\u00f8 \/ VOL\" class=\"_image_jw3bv_65 layout-component layout-normal\" data-fullscreen- data-track-element-type=\"Article image fullscreen\" data-track-name=\"ImageFullscreen\" decoding=\"async\" loading=\"lazy\" height=\"4474\" itemprop=\"image\"  src=\"https:\/\/www.europesays.com\/no\/wp-content\/uploads\/2026\/04\/0ae11ec2-d65c-49f4-95c2-0ac81d3fa908.jpeg\"  style=\"object-position:0% 0%\" width=\"6707\"\/>Kommunedirekt\u00f8r Trond Stenhaug  Foto: Kristine Lindeb\u00f8 \/ VOL<\/p>\n<p class=\"_paragraph_145nj_4 _paragraph_6fko5_10 layout-component text-serif-m layout-normal text-serif-m layout-padded\"> \u2013 Dr\u00f8ftet du om det var greit \u00e5 f\u00e5 kommunen til \u00e5 betale for din datters private reise, f\u00f8r du f\u00f8rte den som reiseregning?<\/p>\n<p class=\"_paragraph_145nj_4 _paragraph_6fko5_10 layout-component text-serif-m layout-normal text-serif-m layout-padded\">\u2013 Nei. Reisen ble vurdert \u00e5 inng\u00e5 i kvote for pendlerreise. I ettertid ser jeg at en slik tolkning burde v\u00e6rt avklart med arbeidsgiver p\u00e5 forh\u00e5nd.<\/p>\n<p>\u2013 Var en feil<\/p>\n<p class=\"_paragraph_145nj_4 _paragraph_6fko5_10 layout-component text-serif-m layout-normal text-serif-m layout-padded\">Ordf\u00f8rer Grete Ellingsen som selv godkjente reisen i ettertid, sier hun ikke oppfattet hva hun godkjente.<\/p>\n<p class=\"_paragraph_145nj_4 _paragraph_6fko5_10 layout-component text-serif-m layout-normal text-serif-m layout-padded\">\u2013 Hvorfor har du godkjent at kommunen skulle betale for den aktuelle reisen?<\/p>\n<p class=\"_paragraph_145nj_4 _paragraph_6fko5_10 layout-component text-serif-m layout-normal text-serif-m layout-padded\">\u2013 Reiseregningen var f\u00f8rt som en pendlerreise og ble anvist til betaling av meg etter \u00e5 ha v\u00e6rt igjennom attestering av noen andre. Jeg la ikke merke til at dette gjaldt en reise for kommunedirekt\u00f8rens datter. Reisen for datteren var heller ikke avklart med meg p\u00e5 forh\u00e5nd, og jeg ble f\u00f8rst oppmerksom p\u00e5 dette n\u00e5r revisjonen bemerket det, skriver Ellingsen. <\/p>\n<p class=\"_paragraph_145nj_4 _paragraph_6fko5_10 layout-component text-serif-m layout-normal text-serif-m layout-padded\">\u2013 Hvilken beskjed har du til skattebetalerne i Sortland som vil lure p\u00e5 hvorfor de betaler for private reiser til kommunedirekt\u00f8rens familie?<\/p>\n<p class=\"_paragraph_145nj_4 _paragraph_6fko5_10 layout-component text-serif-m layout-normal text-serif-m layout-padded\">\u2013 Innbyggerne skal v\u00e6re trygge p\u00e5 at kommunens midler forvaltes korrekt. N\u00e5r feil skjer, er det avgj\u00f8rende at de avdekkes, rettes opp og f\u00f8lges opp med bedre rutiner. Det er nettopp det som skjer i denne saken.<\/p>\n<p>Data og iPhone for 100.000 kr<\/p>\n<p class=\"_paragraph_145nj_4 _paragraph_6fko5_10 layout-component text-serif-m layout-normal text-serif-m layout-padded\">Sortlands kommunedirekt\u00f8r Trond Stenhaug bor i T\u00f8nsberg, har en fastl\u00f8nn p\u00e5 1,8 millioner, f\u00e5r ogs\u00e5 betalt leilighet i Sortland og tre pendlerreiser hjem i m\u00e5neden av kommunen.<\/p>\n<p class=\"_paragraph_145nj_4 _paragraph_6fko5_10 layout-component text-serif-m layout-normal text-serif-m layout-padded\">Til sammen har Sortland kommune brukt 500.000 kroner p\u00e5 Stenhaugs pendling i 2024, viser en oversikt fra kommunen som VG har f\u00e5tt innsyn i.<\/p>\n<p class=\"_paragraph_145nj_4 _paragraph_6fko5_10 layout-component text-serif-m layout-normal text-serif-m layout-padded\"><strong class=\"_strong_145nj_25\">Stenshaug har ogs\u00e5 kj\u00f8pt inn data- og IT- utstyr til eget bruk for over 100.000 kroner p\u00e5 to \u00e5r. Fire datamaskiner og to iPhoner har kommunen dekt for sin direkt\u00f8r, viser en oversikt fra kommunen.<\/strong><\/p>\n<p class=\"_paragraph_145nj_4 _paragraph_6fko5_10 layout-component text-serif-m layout-normal text-serif-m layout-padded\">\u2013 Du har kj\u00f8pt inn data- og telefonutstyr for over 100.000 kroner p\u00e5 to \u00e5r. Blant annet fire PC-er og to telefoner. Hvorfor har du kj\u00f8pt alt dette utstyret?<\/p>\n<p class=\"_paragraph_145nj_4 _paragraph_6fko5_10 layout-component text-serif-m layout-normal text-serif-m layout-padded\">\u2013 Kommunen har anskaffet utstyr i tr\u00e5d med arbeidssituasjon og arbeidsavtale. Arbeidsavtalen er tydelig p\u00e5 hva som stilles til disposisjon: Utstyr p\u00e5 kontor, hjemmekontor og b\u00e6rbar PC til reiser\/m\u00f8ter. Tjenestetelefonen erstattet privat telefon jeg brukte ved oppstart i 2024, svarer han p\u00e5 e-post. <\/p>\n<p class=\"_paragraph_145nj_4 _paragraph_6fko5_10 layout-component text-serif-m layout-normal text-serif-m layout-padded\">\u2013 Viser tilstrekkelig n\u00f8kternhet i egen omgang med offentlige midler, samtidig som du er \u00f8verste ansvarlig i administrasjonen for \u00f8konomien i\u00a0Sortland?<\/p>\n<p class=\"_paragraph_145nj_4 _paragraph_6fko5_10 layout-component text-serif-m layout-normal text-serif-m layout-padded\">\u2013 Ja. Jeg forholder meg til arbeidsavtalen og kommunens rutiner for anskaffelse.<\/p>\n<p>Skal f\u00f8lge opp<img alt=\"Grete Ellingsen her like etter hun ble valt inn i partiledelsen.  Foto: Helge Mikalsen \/ VG\" class=\"_image_jw3bv_65 layout-component layout-normal\" data-fullscreen- data-track-element-type=\"Article image fullscreen\" data-track-name=\"ImageFullscreen\" decoding=\"async\" loading=\"lazy\" height=\"5477\" itemprop=\"image\"  src=\"https:\/\/www.europesays.com\/no\/wp-content\/uploads\/2026\/04\/a3536c74-b302-4710-b6e3-2068a487e883.jpeg\"  style=\"object-position:0% 0%\" width=\"7876\"\/>Grete Ellingsen her like etter hun ble valt inn i partiledelsen.  Foto: Helge Mikalsen \/ VG<\/p>\n<p class=\"_paragraph_145nj_4 _paragraph_6fko5_10 layout-component text-serif-m layout-normal text-serif-m layout-padded\"><strong class=\"_strong_145nj_25\">Ordf\u00f8reren varsler p\u00e5 sin side at hun skal f\u00f8lge opp kj\u00f8pene av datamaskiner og iPhoner. <\/strong><\/p>\n<p class=\"_paragraph_145nj_4 _paragraph_6fko5_10 layout-component text-serif-m layout-normal text-serif-m layout-padded\">\u2013 Hvor mange telefoner og PC-er trenger man som kommunedirekt\u00f8r?<\/p>\n<p class=\"_paragraph_145nj_4 _paragraph_6fko5_10 layout-component text-serif-m layout-normal text-serif-m layout-padded\">\u2013 Det skal v\u00e6re et n\u00f8kternt og behovsbasert niv\u00e5 p\u00e5 slikt utstyr. Hva som er n\u00f8dvendig m\u00e5 vurderes konkret, men det skal ikke v\u00e6re et h\u00f8yere niv\u00e5 enn det som er saklig begrunnet i arbeidsoppgavene, og videre<\/p>\n<p class=\"_paragraph_145nj_4 _paragraph_6fko5_10 layout-component text-serif-m layout-normal text-serif-m layout-padded\">\u2013 Det er viktig at dette er i tr\u00e5d med kommunens retningslinjer og prinsipp om n\u00f8kternhet. Jeg vil f\u00f8lge dette opp.<\/p>\n","protected":false},"excerpt":{"rendered":"H\u00f8yre-topp Grete Ellingsen godkjente at Sortland kommune betalte for kommunedirekt\u00f8rens datters private reise. Kommunedirekt\u00f8r Trond Stenhaug betaler n\u00e5&hellip;\n","protected":false},"author":2,"featured_media":212765,"comment_status":"","ping_status":"","sticky":false,"template":"","format":"standard","meta":{"footnotes":"","_share_on_mastodon":"0"},"categories":[10],"tags":[20,21,24,25,15,1213,661,22,23,13,30,28,29,14,16,572,7812,26,27,205],"class_list":["post-212764","post","type-post","status-publish","format-standard","has-post-thumbnail","category-norge","tag-breaking-news","tag-breakingnews","tag-featured-news","tag-featurednews","tag-headlines","tag-hoyre-h","tag-kommune","tag-latest-news","tag-latestnews","tag-news","tag-no","tag-norge","tag-norway","tag-nyheter","tag-overskrifter","tag-okonomi","tag-sortland-kommune","tag-top-stories","tag-topstories","tag-vgsamfunn"],"share_on_mastodon":{"url":"https:\/\/pubeurope.com\/@no\/116406867172256860","error":""},"_links":{"self":[{"href":"https:\/\/www.europesays.com\/no\/wp-json\/wp\/v2\/posts\/212764","targetHints":{"allow":["GET"]}}],"collection":[{"href":"https:\/\/www.europesays.com\/no\/wp-json\/wp\/v2\/posts"}],"about":[{"href":"https:\/\/www.europesays.com\/no\/wp-json\/wp\/v2\/types\/post"}],"author":[{"embeddable":true,"href":"https:\/\/www.europesays.com\/no\/wp-json\/wp\/v2\/users\/2"}],"replies":[{"embeddable":true,"href":"https:\/\/www.europesays.com\/no\/wp-json\/wp\/v2\/comments?post=212764"}],"version-history":[{"count":0,"href":"https:\/\/www.europesays.com\/no\/wp-json\/wp\/v2\/posts\/212764\/revisions"}],"wp:featuredmedia":[{"embeddable":true,"href":"https:\/\/www.europesays.com\/no\/wp-json\/wp\/v2\/media\/212765"}],"wp:attachment":[{"href":"https:\/\/www.europesays.com\/no\/wp-json\/wp\/v2\/media?parent=212764"}],"wp:term":[{"taxonomy":"category","embeddable":true,"href":"https:\/\/www.europesays.com\/no\/wp-json\/wp\/v2\/categories?post=212764"},{"taxonomy":"post_tag","embeddable":true,"href":"https:\/\/www.europesays.com\/no\/wp-json\/wp\/v2\/tags?post=212764"}],"curies":[{"name":"wp","href":"https:\/\/api.w.org\/{rel}","templated":true}]}}