{"id":213032,"date":"2026-04-15T11:16:13","date_gmt":"2026-04-15T11:16:13","guid":{"rendered":"https:\/\/www.europesays.com\/no\/213032\/"},"modified":"2026-04-15T11:16:13","modified_gmt":"2026-04-15T11:16:13","slug":"hoyre-krever-rask-f-16-hjelp-til-ukraina","status":"publish","type":"post","link":"https:\/\/www.europesays.com\/no\/213032\/","title":{"rendered":"H\u00f8yre krever rask F-16 hjelp til Ukraina"},"content":{"rendered":"\n<p class=\"_lead_145nj_2 _lead_6fko5_53 layout-component text-serif-m layout-normal text-serif-l layout-component layout-wide layout-padded _wide_17hqh_1 layout-padded\">If\u00f8lge Jonas Gahr St\u00f8re (Ap) kan Ukraina f\u00e5 de to f\u00f8rste kampflyene fra Norge p\u00e5 vingene i august \u2013 tre \u00e5r etter at statsministeren selv lovet Ukraina F-16. <\/p>\n<p><img alt=\"F-16 STRID: Peter Fr\u00f8lich (H) og Jonas Gahr St\u00f8re (Ap) i samtale i Stortinget onsdag formiddag.  Foto: Gisle Oddstad \/ VG\" class=\"_image_jw3bv_65 layout-component layout-wide\" data-fullscreen- data-track-element-type=\"Article image fullscreen\" data-track-name=\"ImageFullscreen\" fetchpriority=\"high\" decoding=\"sync\" loading=\"eager\" height=\"2743\" itemprop=\"image\"  src=\"https:\/\/www.europesays.com\/no\/wp-content\/uploads\/2026\/04\/978d7ca5-ff6e-362a-b501-ba5f8fa3f2ca.webp\"  style=\"object-position:0% 0%\" width=\"3669\"\/>F-16 STRID: Peter Fr\u00f8lich (H) og Jonas Gahr St\u00f8re (Ap) i samtale i Stortinget onsdag formiddag.  Foto: Gisle Oddstad \/ VG<\/p>\n<ul aria-hidden=\"true\" class=\"_images_ntbth_112\">\n<li><a class=\"_link_ntbth_117\" href=\"https:\/\/www.vg.no\/forfatter\/alf-bjarne-johnsen\" style=\"z-index:2\" title=\"Alf Bjarne Johnsen\" rel=\"nofollow noopener\" target=\"_blank\"><img alt=\"Bilde av Alf Bjarne Johnsen\" class=\"_image_ntbth_93\" fetchpriority=\"low\" loading=\"lazy\" decoding=\"async\" itemprop=\"image\"  src=\"https:\/\/akamai.vgc.no\/v2\/images\/a8952b63-f4d3-424e-ab5c-93e67076c9b0?format=auto&amp;w=40&amp;s=8e8afb87f56f2c82b3cc86a5563d0dbd1746bca3\"  width=\"480\"\/><\/a><\/li>\n<li><a class=\"_link_ntbth_117\" href=\"https:\/\/www.vg.no\/forfatter\/gisle-oddstad\" style=\"z-index:1\" title=\"Gisle Oddstad\" rel=\"nofollow noopener\" target=\"_blank\"><img alt=\"Bilde av Gisle Oddstad\" class=\"_image_ntbth_93\" fetchpriority=\"low\" loading=\"lazy\" decoding=\"async\" itemprop=\"image\"  src=\"https:\/\/akamai.vgc.no\/v2\/images\/d0fe27fc-1a33-4fb5-a219-a88e3d784c97?format=auto&amp;w=40&amp;s=ec0443dc61d6dca6edd82080e74ec42c03c0ea74\"  width=\"480\"\/><\/a><\/li>\n<\/ul>\n<p>rapporterer fra Stortinget  Oppdatert onsdag 15. april kl. 12:43    <\/p>\n<ul class=\"_list_145nj_3 _list_64s2r_85 _unordered_145nj_106 text-sans-m\">\n<li class=\"_item_145nj_30\">Jonas Gahr St\u00f8re (Ap) opplyser at Ukraina vil motta de f\u00f8rste F-16 flyene fra Norge i august, tre \u00e5r etter at han annonserte donasjonen.<\/li>\n<li class=\"_item_145nj_30\">Peter Fr\u00f8lich (H) kritiserer at seks F-16 fly fortsatt ligger i deler p\u00e5 et flyverksted i Belgia.<\/li>\n<li class=\"_item_145nj_30\">Venstre-leder Guri Melby mener regjeringen har villedet om fly-gaven til Ukraina.<\/li>\n<\/ul>\n<p>Vis mer <\/p>\n<p class=\"_paragraph_145nj_4 _paragraph_6fko5_10 layout-component text-serif-m layout-normal text-serif-m layout-padded\">Det var ikke et godt nok svar for Peter Fr\u00f8lich (H) etter avsl\u00f8ringen om at seks F-16-fly som Ukraina skulle f\u00e5, <a href=\"https:\/\/www.vg.no\/nyheter\/i\/JOOKnJ\/f16-gaven-til-ukraina-endte-opp-i-belgia\" data-track-element-type=\"Link\" data-track-id=\"link:JOOKnJ\" class=\"_link_145nj_39\" rel=\"nofollow noopener\" target=\"_blank\">fortsatt ligger i deler p\u00e5 et flyverksted i Belgia.<\/a><\/p>\n<p class=\"_paragraph_145nj_4 _paragraph_6fko5_10 layout-component text-serif-m layout-normal text-serif-m layout-padded\">\u2013 I 2024 leste vi i VG om en statsminister som sa at vi skulle levere fly som var relevante for Ukraina og som kunne g\u00e5 inn i innsats. De st\u00e5r fortsatt nedpakket i Belgia. De mangler tusenvis av deler. Og sp\u00f8rsm\u00e5let er hvor relevant er disse egentlig for Ukraina, sier Fr\u00f8lich til VG.<\/p>\n<p class=\"_paragraph_145nj_4 _paragraph_6fko5_10 layout-component text-serif-m layout-normal text-serif-m layout-padded\">Lederen i Stortingets utenriks- og forsvarskomit\u00e9 mener at Norge m\u00e5 strekke seg lengre for at Ukraina skal f\u00e5 et bedre fungerende flyv\u00e5pen:<\/p>\n<p class=\"_paragraph_145nj_4 _paragraph_6fko5_10 layout-component text-serif-m layout-normal text-serif-m layout-padded\">\u2013 Min klare oppfordring til regjeringen n\u00e5 er at man raskt unders\u00f8ker muligheten for \u00e5 \u00e5pne opp vedlikeholdskapasitet for Ukrainas F-16-fly i Norge. Norge b\u00f8r kunne tilby Ukraina s\u00e5kalt krigsfase-vedlikehold av de F-16-flyene som Ukraina n\u00e5 opererer, sier han. <\/p>\n<p class=\"_paragraph_145nj_4 _paragraph_6fko5_10 layout-component text-serif-m layout-normal text-serif-m layout-padded\">Og varsler at H\u00f8yre trolig vil be regjeringen om en full redegj\u00f8relse i Stortinget om F-16 gaven.<\/p>\n<p><img alt=\"Foto: Terje Bringedal \/ VG\" class=\"_image_jw3bv_65 layout-component layout-normal\" data-fullscreen- data-track-element-type=\"Article image fullscreen\" data-track-name=\"ImageFullscreen\" decoding=\"async\" loading=\"lazy\" height=\"2845\" itemprop=\"image\"  src=\"https:\/\/akamai.vgc.no\/v2\/images\/52fba241-f230-3121-8d71-0012ded71e75?format=auto&amp;w=40&amp;s=4b8208af70a8741775d461a666cd15701129dd0d\"  style=\"object-position:0% 0%\" width=\"5005\"\/>Foto: Terje Bringedal \/ VGBedre med delefly enn ingen fly <\/p>\n<p class=\"_paragraph_145nj_4 _paragraph_6fko5_10 layout-component text-serif-m layout-normal text-serif-m layout-padded\">Onsdag morgen har St\u00f8re sendt<a href=\"https:\/\/www.stortinget.no\/no\/Saker-og-publikasjoner\/Sporsmal\/Skriftlige-sporsmal-og-svar\/Skriftlig-sporsmal\/?qnid=120615\" class=\"_link_145nj_39\" rel=\"nofollow noopener\" target=\"_blank\"> svar til H\u00f8yre-leder Ine Eriksen S\u00f8reide<\/a> om status for fly-gaven som han selv annonserte i Kyiv p\u00e5 Ukrainas frigj\u00f8ringsdag i august 2023.<\/p>\n<p class=\"_paragraph_145nj_4 _paragraph_6fko5_10 layout-component text-serif-m layout-normal text-serif-m layout-padded\">\u2013 Ukraina og den flernasjonale luftforsvarskoalisjonen var godt kjent med at flyene hadde omfattende behov for klargj\u00f8ring, skriver St\u00f8re til Stortinget. <\/p>\n<p class=\"_paragraph_145nj_4 _paragraph_6fko5_10 layout-component text-serif-m layout-normal text-serif-m layout-padded\"><strong class=\"_strong_145nj_25\">\u2013 Det ble vurdert som bedre \u00e5 donere de norske flyene i den tilstanden de var i fremfor \u00e5 ikke donere fly, fortsetter han.<\/strong><\/p>\n<p><img alt=\"Peter Fr\u00f8lich m\u00f8tte F-16 piloten \u00abRocket\u00bb i Ukraina i april 2025.   Foto: Gisle Oddstad \/ VG\" class=\"_image_jw3bv_65 layout-component layout-normal\" data-fullscreen- data-track-element-type=\"Article image fullscreen\" data-track-name=\"ImageFullscreen\" decoding=\"async\" loading=\"lazy\" height=\"5072\" itemprop=\"image\"  src=\"https:\/\/www.europesays.com\/no\/wp-content\/uploads\/2026\/04\/91ec62d4-ea5a-34b1-80de-d19a2e53d503.webp\"  style=\"object-position:53.438436296190616% 38.04219242902208%\" width=\"7009\"\/>Peter Fr\u00f8lich m\u00f8tte F-16 piloten \u00abRocket\u00bb i Ukraina i april 2025.   Foto: Gisle Oddstad \/ VG<\/p>\n<p class=\"_paragraph_145nj_4 _paragraph_6fko5_10 layout-component text-serif-m layout-normal text-serif-m layout-padded\">If\u00f8lge St\u00f8re har den belgiske flyverkstedet Sabena startet vedlikehold p\u00e5 fly nummer en. Arbeid p\u00e5 fly nummer to p\u00e5begynnes i mai. Begge flyene har planlagt avslutning av vedlikehold og testflyging innen august.<\/p>\n<p class=\"_paragraph_145nj_4 _paragraph_6fko5_10 layout-component text-serif-m layout-normal text-serif-m layout-padded\">De fire siste flyene har ikke v\u00e6rt i operativ bruk p\u00e5 flere \u00e5r. Deler var tatt ut og brukt som reservedeler til andre fly, if\u00f8lge statsministerens svar. <\/p>\n<p>Skapt feil inntrykk <\/p>\n<p class=\"_paragraph_145nj_4 _paragraph_6fko5_10 layout-component text-serif-m layout-normal text-serif-m layout-padded\">Venstre-leder Guri Melby mener at regjeringen ikke har v\u00e6rt \u00e6rlig om fly-gaven, hverken overfor Stortinget eller velgerne.<\/p>\n<p><img decoding=\"async\" alt=\"Bilde av Guri Melby (V) \" class=\"_image_148z4_25\" height=\"40\" itemprop=\"image\" loading=\"lazy\"  src=\"https:\/\/akamai.vgc.no\/v2\/images\/c07c5443-5ac5-34f0-9202-3738ac8b827f?format=auto&amp;w=40&amp;s=7fe561eaa1376e0103d726a4a2f75b7c42c584b5\"  width=\"40\"\/><strong class=\"_name_148z4_34 title-serif-xs\">Guri Melby (V) <\/strong><\/p>\n<p class=\"_paragraph_145nj_4 _paragraph_6fko5_10 layout-component text-serif-m layout-normal text-serif-m layout-padded\"><strong class=\"_strong_145nj_25\">\u2013 Norges donasjon har aldri realistisk sett kunne bidratt til \u00e5 \u00f8ke Ukrainas luftstyrke, i en tid der behovene for dette har v\u00e6rt store, skriver Melby i en SMS til VG.<\/strong><\/p>\n<p class=\"_paragraph_145nj_4 _paragraph_6fko5_10 layout-component text-serif-m layout-normal text-serif-m layout-padded\">\u2013 Fire av de seks flyene Norge har kalt en donasjon, var allerede strippet for deler til fordel for Romania da regjeringen annonserte dem. Bare to fly har en konkret plan for \u00e5 bli operative. Regjeringen har skapt et inntrykk overfor Stortinget og offentligheten om at Norge har bidratt med seks kampfly. Det er ikke \u00e6rlig kommunikasjon av regjeringen, skriver Melby.<\/p>\n<p>Prek\u00e6rt<\/p>\n<p class=\"_paragraph_145nj_4 _paragraph_6fko5_10 layout-component text-serif-m layout-normal text-serif-m layout-padded\">Fr\u00f8lich beskriver Ukrainas behov for operative F-16 kampfly som prek\u00e6rt.<\/p>\n<p class=\"_paragraph_145nj_4 _paragraph_6fko5_10 layout-component text-serif-m layout-normal text-serif-m layout-padded\">\u2013 Jeg har snakket med flere av F-16 pilotene som dag og natt setter seg opp i disse flyene i Ukraina. De gj\u00f8r en helt ekstraordin\u00e6rt modig innsats, helt p\u00e5 bristepunktet av hva som er mulig. Alle flyene i Ukraina trenger akutt vedlikehold. Det kan Norge tilby. Vi har mekanikerne og de har erfaringen med F-16. <\/p>\n<p><img alt=\"Foto: Gisle Oddstad \/ VG\" class=\"_image_jw3bv_65 layout-component layout-normal\" data-fullscreen- data-track-element-type=\"Article image fullscreen\" data-track-name=\"ImageFullscreen\" decoding=\"async\" loading=\"lazy\" height=\"5464\" itemprop=\"image\"  src=\"https:\/\/akamai.vgc.no\/v2\/images\/0a8fc7a6-37bc-35f3-a23a-ab15d6721d1d?format=auto&amp;w=40&amp;s=6f0af40f90f552d4e06e492f57a8d62d342b4976\"  style=\"object-position:0% 0%\" width=\"7609\"\/>Foto: Gisle Oddstad \/ VG<\/p>\n<p class=\"_paragraph_145nj_4 _paragraph_6fko5_10 layout-component text-serif-m layout-normal text-serif-m layout-padded\">\u2013 N\u00e5 m\u00e5 vi holde p\u00e5 mekanikerne som er i ferd med \u00e5 bli permittert. Klokken tikker, og Ukrainas behov er prek\u00e6rt, sier Fr\u00f8lich.<\/p>\n<p class=\"_paragraph_145nj_4 _paragraph_6fko5_10 layout-component text-serif-m layout-normal text-serif-m layout-padded\"><strong class=\"_strong_145nj_25\">\u2013 Er dette pinlig for regjeringen?<\/strong><\/p>\n<p class=\"_paragraph_145nj_4 _paragraph_6fko5_10 layout-component text-serif-m layout-normal text-serif-m layout-padded\">\u2013 Vi \u00f8nsker jo virkelig at regjeringen skal lykkes med st\u00f8tten til Ukraina. Men F-16 leveransen er et grelt eksempel p\u00e5 mangel av handlekraft og gjennomf\u00f8ringsevne. Selv om regjeringen har gjort mye bra for Ukraina, s\u00e5 mangler det ofte p\u00e5 lederskapet og evnen til \u00e5 gjennomf\u00f8re. Det tar for lang tid, og det stopper i systemet, sier Peter Fr\u00f8lich.<\/p>\n<p>Les ogs\u00e5<\/p>\n","protected":false},"excerpt":{"rendered":"If\u00f8lge Jonas Gahr St\u00f8re (Ap) kan Ukraina f\u00e5 de to f\u00f8rste kampflyene fra Norge p\u00e5 vingene i august&hellip;\n","protected":false},"author":2,"featured_media":213033,"comment_status":"","ping_status":"","sticky":false,"template":"","format":"standard","meta":{"footnotes":"","_share_on_mastodon":"0"},"categories":[10],"tags":[20,21,3600,24,25,1099,15,201,179,22,23,13,30,28,281,29,14,16,7858,333,26,27,205],"class_list":["post-213032","post","type-post","status-publish","format-standard","has-post-thumbnail","category-norge","tag-breaking-news","tag-breakingnews","tag-f-16","tag-featured-news","tag-featurednews","tag-guri-melby","tag-headlines","tag-jonas-gahr-store","tag-krigen-i-ukraina","tag-latest-news","tag-latestnews","tag-news","tag-no","tag-norge","tag-norsk-politikk","tag-norway","tag-nyheter","tag-overskrifter","tag-peter-frolich","tag-stortinget","tag-top-stories","tag-topstories","tag-vgsamfunn"],"share_on_mastodon":{"url":"https:\/\/pubeurope.com\/@no\/116408443739308360","error":""},"_links":{"self":[{"href":"https:\/\/www.europesays.com\/no\/wp-json\/wp\/v2\/posts\/213032","targetHints":{"allow":["GET"]}}],"collection":[{"href":"https:\/\/www.europesays.com\/no\/wp-json\/wp\/v2\/posts"}],"about":[{"href":"https:\/\/www.europesays.com\/no\/wp-json\/wp\/v2\/types\/post"}],"author":[{"embeddable":true,"href":"https:\/\/www.europesays.com\/no\/wp-json\/wp\/v2\/users\/2"}],"replies":[{"embeddable":true,"href":"https:\/\/www.europesays.com\/no\/wp-json\/wp\/v2\/comments?post=213032"}],"version-history":[{"count":0,"href":"https:\/\/www.europesays.com\/no\/wp-json\/wp\/v2\/posts\/213032\/revisions"}],"wp:featuredmedia":[{"embeddable":true,"href":"https:\/\/www.europesays.com\/no\/wp-json\/wp\/v2\/media\/213033"}],"wp:attachment":[{"href":"https:\/\/www.europesays.com\/no\/wp-json\/wp\/v2\/media?parent=213032"}],"wp:term":[{"taxonomy":"category","embeddable":true,"href":"https:\/\/www.europesays.com\/no\/wp-json\/wp\/v2\/categories?post=213032"},{"taxonomy":"post_tag","embeddable":true,"href":"https:\/\/www.europesays.com\/no\/wp-json\/wp\/v2\/tags?post=213032"}],"curies":[{"name":"wp","href":"https:\/\/api.w.org\/{rel}","templated":true}]}}