{"id":213054,"date":"2026-04-15T11:48:14","date_gmt":"2026-04-15T11:48:14","guid":{"rendered":"https:\/\/www.europesays.com\/no\/213054\/"},"modified":"2026-04-15T11:48:14","modified_gmt":"2026-04-15T11:48:14","slug":"tragedien-i-sudan-er-et-arr-pa-verdens-samvittighet","status":"publish","type":"post","link":"https:\/\/www.europesays.com\/no\/213054\/","title":{"rendered":"Tragedien i Sudan er et arr p\u00e5 verdens samvittighet"},"content":{"rendered":"\n<p class=\"_prefix_nfjwc_1 layout-padded\">Meninger<br \/>Debattinnlegg<\/p>\n<p class=\"_lead_145nj_2 _lead_6fko5_53 layout-component text-serif-m layout-normal text-serif-l _lead_1eue0_21 layout-component layout-normal layout-padded layout-padded\">Tragedien i Sudan er et arr p\u00e5 verdens samvittighet. <\/p>\n<p><img decoding=\"async\" class=\"_image_1pdwo_15\" itemprop=\"image\" loading=\"lazy\"   src=\"https:\/\/www.europesays.com\/no\/wp-content\/uploads\/2026\/04\/f669133f-01d9-32ef-9b59-ef6db6e06fab.png\" width=\"100\"\/><strong>\u00c5smund Gr\u00f8ver Aukrust<\/strong><\/p>\n<p class=\"_description_1pdwo_10 text-sans-s\">Utviklingsminister<\/p>\n<p><img alt=\"P\u00c5 FLUKT: Det haster \u00e5 f\u00e5 slutt p\u00e5 den blodige krigen i Sudan, skriver utviklingsministeren. Bildet viser fordrevne sudanere som flyktet fra El-Fasher etter at byen falt i hendene p\u00e5 Rapid Support Forces (RSF). Foto: AFP \/ NTB\" class=\"_image_jw3bv_65 layout-component layout-wide\" data-fullscreen- data-track-element-type=\"Article image fullscreen\" data-track-name=\"ImageFullscreen\" fetchpriority=\"high\" decoding=\"sync\" loading=\"eager\" height=\"3962\" itemprop=\"image\"  src=\"https:\/\/www.europesays.com\/no\/wp-content\/uploads\/2026\/04\/9be544b5-6c40-3e7e-a6b1-363578c91e10.jpeg\"  style=\"object-position:0% 0%\" width=\"5943\"\/>P\u00c5 FLUKT: Det haster \u00e5 f\u00e5 slutt p\u00e5 den blodige krigen i Sudan, skriver utviklingsministeren. Bildet viser fordrevne sudanere som flyktet fra El-Fasher etter at byen falt i hendene p\u00e5 Rapid Support Forces (RSF). Foto: AFP \/ NTBOnsdag 15. april kl. 13:26     <\/p>\n<p class=\"_paragraph_145nj_4 _paragraph_6fko5_10 layout-component text-serif-m layout-normal text-serif-m layout-padded\">I dag, 15. april, har <a href=\"http:\/\/www.vg.no\/nyheter\/i\/rPMaym\/sudan-en-krig-mot-folket#:~:text=Sudan%20har%20v%C3%A6rt%20preget%20av,drap%2C%20tortur%20og%20seksualisert%20vold.\" data-track-element-type=\"Link\" data-track-id=\"link:rPMaym\" class=\"_link_145nj_39\" rel=\"nofollow noopener\" target=\"_blank\">krigen i Sudan vart i tre \u00e5r. <\/a><\/p>\n<p class=\"_paragraph_145nj_4 _paragraph_6fko5_10 layout-component text-serif-m layout-normal text-serif-m layout-padded\">Krigen har f\u00f8rt til verdens verste humanit\u00e6re katastrofe, med lidelser som er s\u00e5 grove og omfattende at det er vanskelig \u00e5 forestille seg. <\/p>\n<p class=\"_paragraph_145nj_4 _paragraph_6fko5_10 layout-component text-serif-m layout-normal text-serif-m layout-padded\">Over 33 millioner mennesker har akutt behov for n\u00f8dhjelp.<\/p>\n<p class=\"_paragraph_145nj_4 _paragraph_6fko5_10 layout-component text-serif-m layout-normal text-serif-m layout-padded\">Hungersn\u00f8den herjer, og mer enn tre ganger Norges befolkning er fordrevet fra hjemmene sine. <\/p>\n<p class=\"_paragraph_145nj_4 _paragraph_6fko5_10 layout-component text-serif-m layout-normal text-serif-m layout-padded\">De har gjennomg\u00e5tt utenkelige traumer, og de fleste har fortsatt ikke f\u00e5tt den hjelpen de trenger. <\/p>\n<p class=\"_paragraph_145nj_4 _paragraph_6fko5_10 layout-component text-serif-m layout-normal text-serif-m layout-padded\"><strong class=\"_strong_145nj_25\">Likevel kommer <a href=\"https:\/\/www.vg.no\/tag\/sudan?utm_source=vg-article&amp;utm_medium=auto-tagger&amp;utm_campaign=pB1XyG\" class=\"_link_145nj_39\" rel=\"nofollow noopener\" target=\"_blank\">Sudan<\/a> i skyggen av andre kriser og f\u00e5r ikke nok oppmerksomhet.<\/strong><\/p>\n<p> Bes\u00f8kte grensen<\/p>\n<p class=\"_paragraph_145nj_4 _paragraph_6fko5_10 layout-component text-serif-m layout-normal text-serif-m layout-padded\">Jeg har selv sett konsekvensene av denne krigen. <\/p>\n<p class=\"_paragraph_145nj_4 _paragraph_6fko5_10 layout-component text-serif-m layout-normal text-serif-m layout-padded\">I fjor bes\u00f8kte jeg grensen mellom Tsjad og Sudan, <a href=\"https:\/\/www.vg.no\/nyheter\/i\/pQ3556\/over-ti-millioner-paa-flukt-i-sudan-barn-doer-hver-andre-time\" data-track-element-type=\"Link\" data-track-id=\"link:pQ3556\" class=\"_link_145nj_39\" rel=\"nofollow noopener\" target=\"_blank\">der over en million mennesker p\u00e5 flukt har krysset<\/a>, nesten alle kvinner og barn. <\/p>\n<p class=\"_paragraph_145nj_4 _paragraph_6fko5_10 layout-component text-serif-m layout-normal text-serif-m layout-padded\">I m\u00f8te med en kvinne ble jeg fortalt skrekkelige ting om flukten hennes, der hun var blitt voldtatt p\u00e5 veien. <\/p>\n<p class=\"_paragraph_145nj_4 _paragraph_6fko5_10 layout-component text-serif-m layout-normal text-serif-m layout-padded\">For noen uker siden var jeg i byen Renk, p\u00e5 grensen mellom Sudan og S\u00f8r-Sudan. <\/p>\n<p class=\"_paragraph_145nj_4 _paragraph_6fko5_10 layout-component text-serif-m layout-normal text-serif-m layout-padded\">Der m\u00f8tte jeg en kvinne som hadde flyktet over grensa noen dager tidligere, akkurat i tide til \u00e5 f\u00f8de en liten s\u00f8nn i en flyktningeleir i S\u00f8r-Sudan.<\/p>\n<p><img alt=\"I SUDAN: Utviklingsminister \u00c5smund Gr\u00f8ver Aukrust bes\u00f8kte byen Renk, p\u00e5 grensen mellom Sudan og S\u00f8r-Sudan, uken f\u00f8r p\u00e5ske.   Foto: CECILIE ROAN\" class=\"_image_jw3bv_65 layout-component layout-normal\" data-fullscreen- data-track-element-type=\"Article image fullscreen\" data-track-name=\"ImageFullscreen\" decoding=\"async\" loading=\"lazy\" height=\"4160\" itemprop=\"image\"  src=\"https:\/\/www.europesays.com\/no\/wp-content\/uploads\/2026\/04\/13b82ed4-255f-3336-a3c5-82432f4b8de5.jpeg\"  style=\"object-position:0% 0%\" width=\"6240\"\/>I SUDAN: Utviklingsminister \u00c5smund Gr\u00f8ver Aukrust bes\u00f8kte byen Renk, p\u00e5 grensen mellom Sudan og S\u00f8r-Sudan, uken f\u00f8r p\u00e5ske.   Foto: CECILIE ROAN<\/p>\n<p class=\"_paragraph_145nj_4 _paragraph_6fko5_10 layout-component text-serif-m layout-normal text-serif-m layout-padded\">Krig er forakt for liv, skrev Nordal Grieg. <\/p>\n<p class=\"_paragraph_145nj_4 _paragraph_6fko5_10 layout-component text-serif-m layout-normal text-serif-m layout-padded\">F\u00e5 steder er det s\u00e5 tydelig illustrert som i Sudan, der krigens brutalitet har v\u00e6rt ekstrem og uavbrutt. <\/p>\n<p class=\"_paragraph_145nj_4 _paragraph_6fko5_10 layout-component text-serif-m layout-normal text-serif-m layout-padded\">Til tross for h\u00f8y risiko har hjelpeorganisasjoner, grasrotaktivister og uavhengige eksperter dokumentert systematiske angrep p\u00e5 sivilbefolkningen i stor skala. <\/p>\n<p class=\"_paragraph_145nj_4 _paragraph_6fko5_10 layout-component text-serif-m layout-normal text-serif-m layout-padded\">Afrikanske folkegrupper, som masalit-folket og zaghawaer har blitt truet, fordrevet, voldtatt og drept. <\/p>\n<p class=\"_paragraph_145nj_4 _paragraph_6fko5_10 layout-component text-serif-m layout-normal layout-padded\"><strong class=\"_strong_145nj_25\">Les ogs\u00e5:<\/strong> <a href=\"https:\/\/www.vg.no\/i\/QMndb8\" data-track-element-type=\"Link\" data-track-id=\"link:QMndb8\" class=\"_link_145nj_39\" rel=\"nofollow noopener\" target=\"_blank\">Massakrene i Sudan: Bytter gull mot v\u00e5pen <\/a><\/p>\n<p class=\"_paragraph_145nj_4 _paragraph_6fko5_10 layout-component text-serif-m layout-normal text-serif-m layout-padded\">Utsulting og <a href=\"https:\/\/www.vg.no\/nyheter\/i\/M7gy4M\/sudan-de-voldtok-meg-begge-to\" data-track-element-type=\"Link\" data-track-id=\"link:M7gy4M\" class=\"_link_145nj_39\" rel=\"nofollow noopener\" target=\"_blank\">seksuell vold er brukt som krigf\u00f8ringsmetode<\/a>. Sykehus og andre sivile m\u00e5l er rammet i stort omfang.<\/p>\n<p class=\"_paragraph_145nj_4 _paragraph_6fko5_10 layout-component text-serif-m layout-normal text-serif-m layout-padded\">Et spesielt grelt eksempel er <a href=\"https:\/\/www.vg.no\/nyheter\/i\/4B6g2g\/der-er-min-onkel\" data-track-element-type=\"Link\" data-track-id=\"link:4B6g2g\" class=\"_link_145nj_39\" rel=\"nofollow noopener\" target=\"_blank\">angrepet p\u00e5 storbyen El Fasher<\/a> i oktober 2025. <\/p>\n<p class=\"_paragraph_145nj_4 _paragraph_6fko5_10 layout-component text-serif-m layout-normal text-serif-m layout-padded\">I l\u00f8pet av noen f\u00e5 oktoberdager inntok Rapid Support Forces byen p\u00e5 en s\u00e5 brutal m\u00e5te at likene kunne ses fra satellitter i verdensrommet. <\/p>\n<p class=\"_paragraph_145nj_4 _paragraph_6fko5_10 layout-component text-serif-m layout-normal text-serif-m layout-padded\">I dagene etter kunne de samme satellittene fortelle oss at byen var tiln\u00e6rmet t\u00f8mt for liv. <\/p>\n<p><img alt=\"HJEML\u00d8S: En jente i en flyktningleir i S\u00f8r-Sudan i februar i \u00e5r.   Foto: LUIS TATO \/ AFP \/ NTB\" class=\"_image_jw3bv_65 layout-component layout-normal\" data-fullscreen- data-track-element-type=\"Article image fullscreen\" data-track-name=\"ImageFullscreen\" decoding=\"async\" loading=\"lazy\" height=\"3335\" itemprop=\"image\"  src=\"https:\/\/www.europesays.com\/no\/wp-content\/uploads\/2026\/04\/ae2773f7-56c3-373b-a966-c5dade37b079.jpeg\"  style=\"object-position:0% 0%\" width=\"5000\"\/>HJEML\u00d8S: En jente i en flyktningleir i S\u00f8r-Sudan i februar i \u00e5r.   Foto: LUIS TATO \/ AFP \/ NTB<\/p>\n<p class=\"_paragraph_145nj_4 _paragraph_6fko5_10 layout-component text-serif-m layout-normal text-serif-m layout-padded\">Byen, som f\u00f8r var en livlig metropol med over en million innbyggere, l\u00e5 som et tomt skall, et gapende s\u00e5r, og et minne om et enormt kollektivt traume. <\/p>\n<p class=\"_paragraph_145nj_4 _paragraph_6fko5_10 layout-component text-serif-m layout-normal text-serif-m layout-padded\">Et traume som var varslet, men som verdenssamfunnet ikke klarte \u00e5 stanse.<\/p>\n<p class=\"_paragraph_145nj_4 _paragraph_6fko5_10 layout-component text-serif-m layout-normal text-serif-m layout-padded\">Helt siden krigsutbruddet 15. april 2023, da alle, inkludert FN og v\u00e5re egne diplomater, ble overrumplet av full krig i Khartoums gater, har konflikten v\u00e6rt preget av manglende respekt for internasjonal humanit\u00e6r rett. <\/p>\n<p class=\"_paragraph_145nj_4 _paragraph_6fko5_10 layout-component text-serif-m layout-normal text-serif-m layout-padded\"><strong class=\"_strong_145nj_25\">For det er regler, selv i krig.<\/strong><\/p>\n<p> \u00d8kt bistand<\/p>\n<p class=\"_paragraph_145nj_4 _paragraph_6fko5_10 layout-component text-serif-m layout-normal text-serif-m layout-padded\">De krigf\u00f8rende partene har plikt til \u00e5 beskytte sivilbefolkningen og s\u00f8rge for at den humanit\u00e6re hjelpen slipper fram.<\/p>\n<p class=\"_paragraph_145nj_4 _paragraph_6fko5_10 layout-component text-serif-m layout-normal text-serif-m layout-padded\">Norge har engasjert seg aktivt b\u00e5de humanit\u00e6rt og politisk i Sudan siden konflikten br\u00f8t ut. <\/p>\n<p><img alt=\"P\u00c5 BES\u00d8K: Utviklingsminister \u00c5smund Gr\u00f8ver Aukrust i Renk.   Foto: CECILIE ROAN\" class=\"_image_jw3bv_65 layout-component layout-normal\" data-fullscreen- data-track-element-type=\"Article image fullscreen\" data-track-name=\"ImageFullscreen\" decoding=\"async\" loading=\"lazy\" height=\"4160\" itemprop=\"image\"  src=\"https:\/\/www.europesays.com\/no\/wp-content\/uploads\/2026\/04\/a1b3d009-a0f1-34fa-a77b-70e547548b12.jpeg\"  style=\"object-position:0% 0%\" width=\"6240\"\/>P\u00c5 BES\u00d8K: Utviklingsminister \u00c5smund Gr\u00f8ver Aukrust i Renk.   Foto: CECILIE ROAN<\/p>\n<p class=\"_paragraph_145nj_4 _paragraph_6fko5_10 layout-component text-serif-m layout-normal text-serif-m layout-padded\">Som del av det internasjonale samfunnet gj\u00f8r vi det kan for \u00e5 s\u00f8rge for at<br \/>sivilbefolkningen blir beskyttet og f\u00e5r livsviktig n\u00f8dhjelp.  <\/p>\n<p class=\"_paragraph_145nj_4 _paragraph_6fko5_10 layout-component text-serif-m layout-normal text-serif-m layout-padded\">Vi har ford\u00f8mt brudd p\u00e5 humanit\u00e6rretten i Sudan, og oppfordret partene til \u00e5 etterleve sine forpliktelser. <\/p>\n<p class=\"_paragraph_145nj_4 _paragraph_6fko5_10 layout-component text-serif-m layout-normal layout-padded\"><strong class=\"_strong_145nj_25\">Les ogs\u00e5:<\/strong> <a href=\"https:\/\/www.vg.no\/i\/GyzAk9\" data-track-element-type=\"Link\" data-track-id=\"link:GyzAk9\" class=\"_link_145nj_39\" rel=\"nofollow noopener\" target=\"_blank\">TikTok-b\u00f8ddelen<\/a><\/p>\n<p class=\"_paragraph_145nj_4 _paragraph_6fko5_10 layout-component text-serif-m layout-normal text-serif-m layout-padded\">Siden krigen br\u00f8t ut har Norge \u00f8kt den humanit\u00e6re bistanden til Sudan kraftig. N\u00e5 gir vi ytterligere 470 millioner kroner. <\/p>\n<p class=\"_paragraph_145nj_4 _paragraph_6fko5_10 layout-component text-serif-m layout-normal text-serif-m layout-padded\">Samtidig holder vi tett kontakt med hjelpeorganisasjonene, FN-systemet og partene i konflikten for \u00e5 s\u00f8rge for at n\u00f8dhjelpen kommer fram. <\/p>\n<p class=\"_paragraph_145nj_4 _paragraph_6fko5_10 layout-component text-serif-m layout-normal text-serif-m layout-padded\">Det er ogs\u00e5 viktig at de grove bruddene p\u00e5 <a href=\"https:\/\/www.vg.no\/nyheter\/i\/lnwpAM\/who-om-sudan-minst-64-personer-drept\" data-track-element-type=\"Link\" data-track-id=\"link:lnwpAM\" class=\"_link_145nj_39\" rel=\"nofollow noopener\" target=\"_blank\">internasjonal humanit\u00e6rrett <\/a>etterforskes og f\u00e5r konsekvenser.<\/p>\n<p class=\"_paragraph_145nj_4 _paragraph_6fko5_10 layout-component text-serif-m layout-normal text-serif-m layout-padded\">Det haster \u00e5 f\u00e5 slutt p\u00e5 den blodige krigen i Sudan. <\/p>\n<p class=\"_paragraph_145nj_4 _paragraph_6fko5_10 layout-component text-serif-m layout-normal text-serif-m layout-padded\"><strong class=\"_strong_145nj_25\">Forakten for liv m\u00e5 ta slutt.<\/strong><\/p>\n<p>   Dette er en kronikk. Kronikken gir uttrykk for skribentens holdning. Du kan sende inn kronikker og debattinnlegg til <a class=\"_link_jv5ak_10\" href=\"https:\/\/www.vg.no\/nyheter\/i\/pB1XyG\/mailto:debatt@vg.no\" rel=\"nofollow noopener\" target=\"_blank\">debatt@vg.no<\/a>. <\/p>\n","protected":false},"excerpt":{"rendered":"MeningerDebattinnlegg Tragedien i Sudan er et arr p\u00e5 verdens samvittighet. \u00c5smund Gr\u00f8ver Aukrust Utviklingsminister P\u00c5 FLUKT: Det haster&hellip;\n","protected":false},"author":2,"featured_media":213055,"comment_status":"","ping_status":"","sticky":false,"template":"","format":"standard","meta":{"footnotes":"","_share_on_mastodon":"0"},"categories":[10],"tags":[20,21,24,25,15,394,474,22,23,13,30,28,29,1451,14,16,20456,3918,26,27,8409],"class_list":["post-213054","post","type-post","status-publish","format-standard","has-post-thumbnail","category-norge","tag-breaking-news","tag-breakingnews","tag-featured-news","tag-featurednews","tag-headlines","tag-konflikt","tag-krig","tag-latest-news","tag-latestnews","tag-news","tag-no","tag-norge","tag-norway","tag-nodhjelp","tag-nyheter","tag-overskrifter","tag-sor-sudan","tag-sudan","tag-top-stories","tag-topstories","tag-tsjad"],"share_on_mastodon":{"url":"https:\/\/pubeurope.com\/@no\/116408569842818934","error":""},"_links":{"self":[{"href":"https:\/\/www.europesays.com\/no\/wp-json\/wp\/v2\/posts\/213054","targetHints":{"allow":["GET"]}}],"collection":[{"href":"https:\/\/www.europesays.com\/no\/wp-json\/wp\/v2\/posts"}],"about":[{"href":"https:\/\/www.europesays.com\/no\/wp-json\/wp\/v2\/types\/post"}],"author":[{"embeddable":true,"href":"https:\/\/www.europesays.com\/no\/wp-json\/wp\/v2\/users\/2"}],"replies":[{"embeddable":true,"href":"https:\/\/www.europesays.com\/no\/wp-json\/wp\/v2\/comments?post=213054"}],"version-history":[{"count":0,"href":"https:\/\/www.europesays.com\/no\/wp-json\/wp\/v2\/posts\/213054\/revisions"}],"wp:featuredmedia":[{"embeddable":true,"href":"https:\/\/www.europesays.com\/no\/wp-json\/wp\/v2\/media\/213055"}],"wp:attachment":[{"href":"https:\/\/www.europesays.com\/no\/wp-json\/wp\/v2\/media?parent=213054"}],"wp:term":[{"taxonomy":"category","embeddable":true,"href":"https:\/\/www.europesays.com\/no\/wp-json\/wp\/v2\/categories?post=213054"},{"taxonomy":"post_tag","embeddable":true,"href":"https:\/\/www.europesays.com\/no\/wp-json\/wp\/v2\/tags?post=213054"}],"curies":[{"name":"wp","href":"https:\/\/api.w.org\/{rel}","templated":true}]}}