{"id":21341,"date":"2025-08-29T11:32:08","date_gmt":"2025-08-29T11:32:08","guid":{"rendered":"https:\/\/www.europesays.com\/no\/21341\/"},"modified":"2025-08-29T11:32:08","modified_gmt":"2025-08-29T11:32:08","slug":"nte-innherred-nte-har-hatt-store-problemer-med-nettet-ikke-friskmeldt-enna","status":"publish","type":"post","link":"https:\/\/www.europesays.com\/no\/21341\/","title":{"rendered":"NTE, Innherred | NTE har hatt store problemer med nettet: \u2013 Ikke friskmeldt enn\u00e5"},"content":{"rendered":"\n<p>\u2013 Vi har store routingproblemer i nettet v\u00e5rt. Vi jobber kontinuerlig for \u00e5 fikse problemet, st\u00e5r det i driftsmeldingen som ble lagt ut like etter klokken 12, sier Odd Eirik Gr\u00f8ttheim.<\/p>\n<p>Konserndirekt\u00f8ren for NTE Telekom forklarer at de har hatt litt ustabilitet i nettet p\u00e5 noen sentrale enheter. <\/p>\n<p>\u2013 Akkurat n\u00e5 jobber vi med feilretting sammen med leverand\u00f8ren v\u00e5r. Feilen g\u00e5r p\u00e5 utstyr og status n\u00e5 er akkurat n\u00e5 er det er stabilt, men vi er ikke helt sikker p\u00e5 at vi har funnet l\u00f8sningen, sier Gr\u00f8ttheim.<\/p>\n<p>Han har ikke eksakte tall p\u00e5 hvor mange som ble p\u00e5virket av feilen.<\/p>\n<p>\u2013 Det var en god del. Spesielt bedriftskunder. S\u00e5 varierer det hvordan de har blitt p\u00e5virket. De har spesielt slitt med \u00e5 f\u00e5 tilgang til Microsoft-produkter. <\/p>\n<p>NTE kommer til \u00e5 overv\u00e5ke situasjonen. Derfor har de valgt \u00e5 ikke friskmelde riktig enn\u00e5.<\/p>\n<p>\u2013 Vi klarer ikke endelig \u00e5 si n\u00e5r det er fikset, men vi jobber tett med leverand\u00f8ren for \u00e5 f\u00e5 l\u00f8st problemet, sier Gr\u00f8ttheim.<\/p>\n<p>Les mer om: artikkelemnene<\/p>\n","protected":false},"excerpt":{"rendered":"\u2013 Vi har store routingproblemer i nettet v\u00e5rt. Vi jobber kontinuerlig for \u00e5 fikse problemet, st\u00e5r det i&hellip;\n","protected":false},"author":2,"featured_media":3842,"comment_status":"","ping_status":"","sticky":false,"template":"","format":"standard","meta":{"footnotes":""},"categories":[56],"tags":[36,60,61,3558,3559,62,30,28,29,3452,1510],"class_list":{"0":"post-21341","1":"post","2":"type-post","3":"status-publish","4":"format-standard","5":"has-post-thumbnail","7":"category-naeringsliv","8":"tag-art","9":"tag-business","10":"tag-economy","11":"tag-innherred","12":"tag-it-og-telekom","13":"tag-naeringsliv","14":"tag-no","15":"tag-norge","16":"tag-norway","17":"tag-nte","18":"tag-story"},"share_on_mastodon":{"url":"","error":""},"_links":{"self":[{"href":"https:\/\/www.europesays.com\/no\/wp-json\/wp\/v2\/posts\/21341","targetHints":{"allow":["GET"]}}],"collection":[{"href":"https:\/\/www.europesays.com\/no\/wp-json\/wp\/v2\/posts"}],"about":[{"href":"https:\/\/www.europesays.com\/no\/wp-json\/wp\/v2\/types\/post"}],"author":[{"embeddable":true,"href":"https:\/\/www.europesays.com\/no\/wp-json\/wp\/v2\/users\/2"}],"replies":[{"embeddable":true,"href":"https:\/\/www.europesays.com\/no\/wp-json\/wp\/v2\/comments?post=21341"}],"version-history":[{"count":0,"href":"https:\/\/www.europesays.com\/no\/wp-json\/wp\/v2\/posts\/21341\/revisions"}],"wp:featuredmedia":[{"embeddable":true,"href":"https:\/\/www.europesays.com\/no\/wp-json\/wp\/v2\/media\/3842"}],"wp:attachment":[{"href":"https:\/\/www.europesays.com\/no\/wp-json\/wp\/v2\/media?parent=21341"}],"wp:term":[{"taxonomy":"category","embeddable":true,"href":"https:\/\/www.europesays.com\/no\/wp-json\/wp\/v2\/categories?post=21341"},{"taxonomy":"post_tag","embeddable":true,"href":"https:\/\/www.europesays.com\/no\/wp-json\/wp\/v2\/tags?post=21341"}],"curies":[{"name":"wp","href":"https:\/\/api.w.org\/{rel}","templated":true}]}}