{"id":21342,"date":"2025-08-29T11:33:37","date_gmt":"2025-08-29T11:33:37","guid":{"rendered":"https:\/\/www.europesays.com\/no\/21342\/"},"modified":"2025-08-29T11:33:37","modified_gmt":"2025-08-29T11:33:37","slug":"usa-vil-stramme-inn-visumreglene-for-studenter-og-journalister","status":"publish","type":"post","link":"https:\/\/www.europesays.com\/no\/21342\/","title":{"rendered":"USA vil stramme inn visumreglene for studenter og journalister"},"content":{"rendered":"<p>Hvis endringene g\u00e5r igjennom vil utenlandske studenter p\u00e5 F-visum og journalister p\u00e5 I-visum m\u00e5tte s\u00f8ke om \u00e5 f\u00e5 forlenget oppholdet sitt i USA, heller enn \u00e5 ha en mer fleksibel status. I dag kan studenter oppholde seg i USA s\u00e5 lenge programmet deres varer, og journalister s\u00e5 lenge de har arbeid i landet.<\/p>\n<p>Endringene gjelder ogs\u00e5 for utlendinger som deltar i kulturutvekslingsprogrammer.<\/p>\n<p>I 2024 var det 1,6 millioner utenlandske studenter p\u00e5 F-visum, mens det finans\u00e5ret 2024 som startet 1. oktober 2023 ble utstedt 355.000 visum til folk p\u00e5 kulturutveksling og 13.000 som jobber i mediene.<\/p>\n<p><b>(\u00a9NTB)<\/b><\/p>\n","protected":false},"excerpt":{"rendered":"Hvis endringene g\u00e5r igjennom vil utenlandske studenter p\u00e5 F-visum og journalister p\u00e5 I-visum m\u00e5tte s\u00f8ke om \u00e5 f\u00e5&hellip;\n","protected":false},"author":2,"featured_media":21343,"comment_status":"","ping_status":"","sticky":false,"template":"","format":"standard","meta":{"footnotes":""},"categories":[12],"tags":[20,21,55,24,25,15,22,23,13,30,28,29,14,16,26,27,42,43,44,45],"class_list":{"0":"post-21342","1":"post","2":"type-post","3":"status-publish","4":"format-standard","5":"has-post-thumbnail","7":"category-verden","8":"tag-breaking-news","9":"tag-breakingnews","10":"tag-donald-trump","11":"tag-featured-news","12":"tag-featurednews","13":"tag-headlines","14":"tag-latest-news","15":"tag-latestnews","16":"tag-news","17":"tag-no","18":"tag-norge","19":"tag-norway","20":"tag-nyheter","21":"tag-overskrifter","22":"tag-top-stories","23":"tag-topstories","24":"tag-verden","25":"tag-world","26":"tag-world-news","27":"tag-worldnews"},"share_on_mastodon":{"url":"","error":""},"_links":{"self":[{"href":"https:\/\/www.europesays.com\/no\/wp-json\/wp\/v2\/posts\/21342","targetHints":{"allow":["GET"]}}],"collection":[{"href":"https:\/\/www.europesays.com\/no\/wp-json\/wp\/v2\/posts"}],"about":[{"href":"https:\/\/www.europesays.com\/no\/wp-json\/wp\/v2\/types\/post"}],"author":[{"embeddable":true,"href":"https:\/\/www.europesays.com\/no\/wp-json\/wp\/v2\/users\/2"}],"replies":[{"embeddable":true,"href":"https:\/\/www.europesays.com\/no\/wp-json\/wp\/v2\/comments?post=21342"}],"version-history":[{"count":0,"href":"https:\/\/www.europesays.com\/no\/wp-json\/wp\/v2\/posts\/21342\/revisions"}],"wp:featuredmedia":[{"embeddable":true,"href":"https:\/\/www.europesays.com\/no\/wp-json\/wp\/v2\/media\/21343"}],"wp:attachment":[{"href":"https:\/\/www.europesays.com\/no\/wp-json\/wp\/v2\/media?parent=21342"}],"wp:term":[{"taxonomy":"category","embeddable":true,"href":"https:\/\/www.europesays.com\/no\/wp-json\/wp\/v2\/categories?post=21342"},{"taxonomy":"post_tag","embeddable":true,"href":"https:\/\/www.europesays.com\/no\/wp-json\/wp\/v2\/tags?post=21342"}],"curies":[{"name":"wp","href":"https:\/\/api.w.org\/{rel}","templated":true}]}}