{"id":213426,"date":"2026-04-15T19:59:26","date_gmt":"2026-04-15T19:59:26","guid":{"rendered":"https:\/\/www.europesays.com\/no\/213426\/"},"modified":"2026-04-15T19:59:26","modified_gmt":"2026-04-15T19:59:26","slug":"felleskjopet-handel-og-kontor-handel-og-kontor-har-politianmeldt-felleskjopet-i-fredrikstad","status":"publish","type":"post","link":"https:\/\/www.europesays.com\/no\/213426\/","title":{"rendered":"Felleskj\u00f8pet, Handel og Kontor | Handel og Kontor har politianmeldt Felleskj\u00f8pet i Fredrikstad"},"content":{"rendered":"\n<p><b><a href=\"https:\/\/www.nationen.no\/handel-og-kontor-har-politianmeldt-26-felleskjopet-butikker\/s\/5-148-892792\" rel=\"Follow nofollow noopener\" target=\"_blank\">[Nationen]<\/a><\/b> De s\u00f8ndags\u00e5pne butikkene bryter b\u00e5de med helligdagsfredloven og fratar de ansatte retten til s\u00f8ndagsfri, skriver fagforeningen i en pressemelding sendt ut tirsdag kveld.<\/p>\n<p>  <a href=\"https:\/\/www.f-b.no\/5-59-3879878\" class=\"related-teaser has-image article--c-MkAkR\" rel=\"nofollow noopener\" target=\"_blank\"><\/p>\n<p>    <img decoding=\"async\" width=\"155\"  loading=\"lazy\"  src=\"https:\/\/www.europesays.com\/no\/wp-content\/uploads\/2026\/04\/1776283164_315_image3+%282%29.jpeg\" alt=\"\" class=\"brick-c-cFOWSL\" style=\"\"\/><\/p>\n<p>\n            Les ogs\u00e5<\/p>\n<p>            Familien kj\u00f8per presteg\u00e5rden i Skjeberg etter 97 \u00e5r som forpaktere\n        <\/p>\n<p>  <\/a><\/p>\n<p>Oslo-Akershus Handel og Kontor anmelder p\u00e5 vegne av hele forbundet.<\/p>\n<p>\u2013 Felleskj\u00f8pet kan ikke bare rulle ut noen stemorsblomster ved inngangspartiet og kalle det for et hagesenter. Det er omtrent like urimelig som \u00e5 plante \u00e9n potet i blomsterbedet og hevde at man har en potet\u00e5ker, sier fagforeningsleder John Thomas Suhr i pressemeldingen.<\/p>\n<p>   <img decoding=\"async\" width=\"940\" height=\"788\" fetchpriority=\"low\"  loading=\"lazy\"  src=\"https:\/\/www.europesays.com\/no\/wp-content\/uploads\/2026\/04\/1776283165_622_f6995cd8-8881-43bc-b960-c69ad58b86e9.png\" alt=\"\" class=\"brick-c-cFOWSL\" style=\"--brick-image-ratio: 940 \/ 788;\"\/><\/p>\n<p>      \u2013 Felleskj\u00f8pet kan ikke bare rulle ut noen stemorsblomster ved inngangspartiet og kalle det for et hagesenter, sier fagforeningsleder John Thomas Suhr.\u00a0<br \/>\n      Foto: Handel og Kontor\n    <\/p>\n<p>S\u00f8ndag 12. april \u00e5pnet Felleskj\u00f8pet Agri d\u00f8rene til flere av sine butikker. Totalt skal de s\u00f8ndags\u00e5pne 36 butikker i v\u00e5r- og sommersesongen. Striden i denne saken st\u00e5r p\u00e5 om disse butikkene er \u00e5 anse som hagesentre.<\/p>\n<p>Krever umiddelbar stans<\/p>\n<p>Lov om helligdager og helligdagsfred \u00e5pner for at utsalgsteder som i det vesentlige selger blomster, planter og andre hageartikler kan holde \u00e5pent p\u00e5 s\u00f8ndager.<\/p>\n<p>            Disse 26 butikkene er politianmeldt<\/p>\n<p>Felleskj\u00f8pet Bark\u00e5ker<\/p>\n<p>Felleskj\u00f8pet Bergen <\/p>\n<p>Felleskj\u00f8pet Bj\u00f8rkelangen <\/p>\n<p>Felleskj\u00f8pet Brekstad <\/p>\n<p>Felleskj\u00f8pet B\u00f8 <\/p>\n<p>Felleskj\u00f8pet Eid <\/p>\n<p>Felleskj\u00f8pet Fredrikstad <\/p>\n<p>Felleskj\u00f8pet Hamar <\/p>\n<p>Felleskj\u00f8pet Holstad <\/p>\n<p>Felleskj\u00f8pet H\u00f8nefoss <\/p>\n<p>Felleskj\u00f8pet Klett <\/p>\n<p>Felleskj\u00f8pet Kl\u00f8fta <\/p>\n<p>Felleskj\u00f8pet Kongsberg <\/p>\n<p>Felleskj\u00f8pet Kristiansund <\/p>\n<p>Felleskj\u00f8pet Manger <\/p>\n<p>Felleskj\u00f8pet Modum <\/p>\n<p>Felleskj\u00f8pet Rygge <\/p>\n<p>Felleskj\u00f8pet Sarpsborg <\/p>\n<p>Felleskj\u00f8pet Skien <\/p>\n<p>Felleskj\u00f8pet Sogndal <\/p>\n<p>Felleskj\u00f8pet Stryn <\/p>\n<p>Felleskj\u00f8pet Trondheim <\/p>\n<p>Felleskj\u00f8pet Volda <\/p>\n<p>Felleskj\u00f8pet Voss <\/p>\n<p>Felleskj\u00f8pet \u00c5lesund <\/p>\n<p>Felleskj\u00f8pet \u00c5ndalsnes <\/p>\n<p>\u2013 Felleskj\u00f8pets sortiment best\u00e5r i all hovedsak av varer til landbruk, maskiner, f\u00f4r og utstyr. HK Norge mener at de ikke oppfyller kravene for \u00e5 f\u00e5 holde \u00e5pent p\u00e5 s\u00f8ndager, og bryter loven, skriver de i pressemeldingen.<\/p>\n<p>  <a href=\"https:\/\/www.f-b.no\/5-59-3841843\" class=\"related-teaser has-image article--c-MkAkR\" rel=\"nofollow noopener\" target=\"_blank\"><\/p>\n<p>    <img decoding=\"async\" width=\"155\"  loading=\"lazy\"  src=\"https:\/\/www.europesays.com\/no\/wp-content\/uploads\/2026\/04\/DJI_20260304130120_0059_D.jpg\" alt=\"\" class=\"brick-c-cFOWSL\" style=\"\"\/><\/p>\n<p>\n            Les ogs\u00e5<\/p>\n<p>            Gr\u00f8nt lys for ny dagligvarebutikk i Dikeveien\n        <\/p>\n<p>  <\/a><\/p>\n<p>\u2013 Vi ber om politiets bistand til \u00e5 f\u00e5 en umiddelbar stans i den p\u00e5g\u00e5ende ulovlige aktiviteten, at Felleskj\u00f8pet blir b\u00f8telagt og f\u00e5r inndratt den ulovlige omsetningen til fordel for statskassen, sier Suhr.<\/p>\n<p>Han minner om at Maxbo i 2012 ble straffet med bot og inndragning av omsetningen etter \u00e5 ha holdt s\u00f8ndags\u00e5pent.<\/p>\n<p>\u2013 Lovlig og ryddig<\/p>\n<p>Felleskj\u00f8pet mener p\u00e5 sin side de ikke gj\u00f8r noe galt, og de har f\u00e5tt hjelp av jurister til \u00e5 vurdere saken. Kommunikasjonssjef Sigbj\u00f8rn Vedeld viser til at det er kjedens hagesentre som skal holde \u00e5pnet, og at noen produkter ikke vil v\u00e6re tilgjengelige.<\/p>\n<p>\u2013 Vi er trygge p\u00e5 at vi holder \u00e5pent p\u00e5 en lovlig og ryddig m\u00e5te. Felleskj\u00f8pet er for alle, og mange nordmenn foretrekker utvalget og ekspertisen til v\u00e5re ansatte p\u00e5 hage og hobbydyrking, skriver kommunikasjonssjefen i en epost til HK-Nytt, if\u00f8lge NTB.<\/p>\n","protected":false},"excerpt":{"rendered":"[Nationen] De s\u00f8ndags\u00e5pne butikkene bryter b\u00e5de med helligdagsfredloven og fratar de ansatte retten til s\u00f8ndagsfri, skriver fagforeningen i&hellip;\n","protected":false},"author":2,"featured_media":212834,"comment_status":"","ping_status":"","sticky":false,"template":"","format":"standard","meta":{"footnotes":"","_share_on_mastodon":"0"},"categories":[10],"tags":[36,20,21,18547,24,25,2386,20419,15,22,23,13,30,28,29,14,16,1510,26,27],"class_list":["post-213426","post","type-post","status-publish","format-standard","has-post-thumbnail","category-norge","tag-art","tag-breaking-news","tag-breakingnews","tag-dikeveien","tag-featured-news","tag-featurednews","tag-felleskjopet","tag-handel-og-kontor","tag-headlines","tag-latest-news","tag-latestnews","tag-news","tag-no","tag-norge","tag-norway","tag-nyheter","tag-overskrifter","tag-story","tag-top-stories","tag-topstories"],"share_on_mastodon":{"url":"https:\/\/pubeurope.com\/@no\/116410500979085629","error":""},"_links":{"self":[{"href":"https:\/\/www.europesays.com\/no\/wp-json\/wp\/v2\/posts\/213426","targetHints":{"allow":["GET"]}}],"collection":[{"href":"https:\/\/www.europesays.com\/no\/wp-json\/wp\/v2\/posts"}],"about":[{"href":"https:\/\/www.europesays.com\/no\/wp-json\/wp\/v2\/types\/post"}],"author":[{"embeddable":true,"href":"https:\/\/www.europesays.com\/no\/wp-json\/wp\/v2\/users\/2"}],"replies":[{"embeddable":true,"href":"https:\/\/www.europesays.com\/no\/wp-json\/wp\/v2\/comments?post=213426"}],"version-history":[{"count":0,"href":"https:\/\/www.europesays.com\/no\/wp-json\/wp\/v2\/posts\/213426\/revisions"}],"wp:featuredmedia":[{"embeddable":true,"href":"https:\/\/www.europesays.com\/no\/wp-json\/wp\/v2\/media\/212834"}],"wp:attachment":[{"href":"https:\/\/www.europesays.com\/no\/wp-json\/wp\/v2\/media?parent=213426"}],"wp:term":[{"taxonomy":"category","embeddable":true,"href":"https:\/\/www.europesays.com\/no\/wp-json\/wp\/v2\/categories?post=213426"},{"taxonomy":"post_tag","embeddable":true,"href":"https:\/\/www.europesays.com\/no\/wp-json\/wp\/v2\/tags?post=213426"}],"curies":[{"name":"wp","href":"https:\/\/api.w.org\/{rel}","templated":true}]}}