{"id":213718,"date":"2026-04-16T07:22:41","date_gmt":"2026-04-16T07:22:41","guid":{"rendered":"https:\/\/www.europesays.com\/no\/213718\/"},"modified":"2026-04-16T07:22:41","modified_gmt":"2026-04-16T07:22:41","slug":"de-forteller-rystende-historier","status":"publish","type":"post","link":"https:\/\/www.europesays.com\/no\/213718\/","title":{"rendered":"De forteller rystende historier"},"content":{"rendered":"<p class=\"kicker \" style=\"\">Tre \u00e5r siden krigen br\u00f8t ut\u00a0<\/p>\n<p>    Ingen sk\u00e5nes n\u00e5r seksualisert vold blir v\u00e5pen i krig.\u00a0<\/p>\n<p>\n    BRUTAL HVERDAG: Det er tre \u00e5r siden krigen i Sudan br\u00f8t ut. Leger Uten Grenser Norge mener at ingenting tyder p\u00e5 at den seksualiserte volden vil avta, eller at gjerningsmennene vil bli stilt til ansvar. Foto: J\u00e9r\u00f4me Tubiana\/MSF\n  <\/p>\n<p>Den 15.<br \/>\napril har den brutale krigen i Sudan rast i tre \u00e5r. Av alle de humanit\u00e6re<br \/>\nkrisene verden st\u00e5r i n\u00e5, er dette den st\u00f8rste. Av landets 50 millioner<br \/>\ninnbyggere er mer enn halvparten desperat avhengige av n\u00f8dhjelp.<\/p>\n<p>Vi er<br \/>\nvitne til en hemningsl\u00f8s og omfattende vold mot sivile, og minst 11 millioner<br \/>\nmennesker er drevet p\u00e5 flukt i en intern massefordrivelse vi sjelden har sett<br \/>\nmaken til.<\/p>\n<p>I Sudan<br \/>\np\u00e5g\u00e5r samtidig en annen grusomhet. Leger Uten Grensers nye <a href=\"https:\/\/www.msf.org\/msf-report-finds-no-safe-places-women-and-girls-darfur\" rel=\"nofollow noopener\" target=\"_blank\">rapport<\/a> om seksualisert vold i Sudan<br \/>\nviser et tydelig m\u00f8nster: voldtekt brukes systematisk som v\u00e5pen i krigen.<\/p>\n<p>Verdenssamfunnet<br \/>\nhar i stor grad snudd ryggen til Sudan, mens beskyttelsesmekanismene har<br \/>\nkollapset fullstendig. Virkeligheten sivilbefolkningen lever i er preget av<br \/>\nfrykt for vilk\u00e5rlige angrep og grove overgrep.<\/p>\n<p>Historiene<br \/>\nv\u00e5re pasienter forteller, er rystende. Ingenting tyder p\u00e5 at den seksualiserte<br \/>\nvolden vil avta, eller at gjerningsmennene vil bli stilt til ansvar.<br \/>\nStraffefriheten bidrar til at overgrepene fortsetter og gjentar seg i en brutal<br \/>\nspiral av vold og voldtekt. <\/p>\n<p>Som<br \/>\njordmor og feltarbeider vet jeg hva de fysiske skadene, s\u00e5 vel som de<br \/>\npsykologiske traumene, kvinner g\u00e5r gjennom inneb\u00e6rer. Det er vanskelig \u00e5<br \/>\nbegripe at overgrepene skjer gjentatte ganger, og at mange av ofrene vi har<br \/>\nm\u00f8tt er barn. <\/p>\n<p>En kvinne<br \/>\nvi snakket med, fortalte: \u00abDen f\u00f8rste mannen voldtok meg to ganger, den andre \u00e9n gang, den tredje fire<br \/>\nganger og den fjerde \u00e9n gang. De slo oss med kjepper og holdt skytev\u00e5pen mot<br \/>\nhodet mitt. En jente som var sammen med oss, var bare 15 \u00e5r gammel. Hun ble<br \/>\nvoldtatt av tre menn. Vi ble voldtatt gjennom hele natten.\u00bb<\/p>\n<p>En annen<br \/>\nkvinne fortalte: \u00abTo av kvinnene i gruppen v\u00e5r ble voldtatt av RSF-militsen foran \u00f8ynene v\u00e5re.<br \/>\nFire\u2013fem menn gjorde det sammen. En av jentene var 22 \u00e5r gammel. Hun d\u00f8de der.\u00bb<\/p>\n<p>Rapporten er den mest omfattende som s\u00e5 langt er gjort om krisen jenter<br \/>\nog kvinner i Sudan st\u00e5r i. Likevel er tallene kun toppen av isfjellet, ettersom<br \/>\nrapporten kun dekker to av landets 18 delstater og baserer seg p\u00e5 vitnesbyrd<br \/>\nfra ofre som faktisk har lyktes i \u00e5 opps\u00f8ke medisinsk hjelp.<\/p>\n<p>Vitnesbyrd<br \/>\nfra byen El Fasher og omkringliggende omr\u00e5der viser at voldtekt og annen<br \/>\nseksualisert vold brukes for \u00e5 terrorisere lokalsamfunn, ofte langs etniske<br \/>\nskillelinjer som en form for kollektiv avstraffelse.<\/p>\n<p>Seksualisert<br \/>\nvold setter dype spor i samfunn i mange \u00e5r, ofte i flere ti\u00e5r. Den \u00f8delegger<br \/>\nfamilier, og de som rammes, lever videre med alvorlige psykiske og fysiske<br \/>\nskader \u2013 ofte uten tilgang til medisinsk helsehjelp eller mental oppf\u00f8lging.<\/p>\n<p>Kvinner<br \/>\nog jenter er ikke trygge noen steder, heller ikke i sine egne hjem som de m\u00e5<br \/>\nforlate for \u00e5 skaffe helt element\u00e6re ting som mat og vann. Det er vanskelig \u00e5<br \/>\nforestille seg den konstante angsten dette skaper, i en hverdag der selv de<br \/>\nmest dagligdagse gj\u00f8rem\u00e5l inneb\u00e6rer betydelig risiko.<\/p>\n<p>Mellom<br \/>\njanuar 2024 og november 2025 opps\u00f8kte 3396 ofre for seksualisert vold<br \/>\nbehandling ved v\u00e5re helseinstitusjoner i Nord- og S\u00f8r-Darfur. Vitnesbyrdene<br \/>\nviser ogs\u00e5 at gjerningsmennene ofte er bev\u00e6pnet, noe som forsterker frykten for<br \/>\n\u00e5 bli drept. Mange forteller at overgrepene beg\u00e5s av flere samtidig.<\/p>\n<p>Nesten 20<br \/>\nprosent av ofrene i S\u00f8r-Darfur var barn under 18 \u00e5r. Av disse var 41 barn under<br \/>\nfem \u00e5r. Ingen sk\u00e5nes n\u00e5r krig f\u00f8res med de mest brutale midler.<\/p>\n<p>Alle som<br \/>\nutsettes for slike overgrep, p\u00e5f\u00f8res alvorlige psykiske traumer. I Sudan kommer<br \/>\ndette i tillegg til risiko for seksuelt overf\u00f8rbare infeksjoner og u\u00f8nsket<br \/>\ngraviditet \u2013 uten tilgang til trygg abort eller hiv-forebyggende behandling.<br \/>\nFor mange kan dette bli livstruende.<\/p>\n<p>Krig er<br \/>\ngrusomt for alle som rammes. Men for kvinner i krig, der seksualisert vold<br \/>\nbrukes systematisk som v\u00e5pen, fratas de ogs\u00e5 kontrollen over egen kropp \u2013 uten<br \/>\nutsikt til rettferdighet eller oppreisning.<\/p>\n<p>Verken<br \/>\nseksualisert vold eller straffefrihet er en uunng\u00e5elig konsekvens av krig.<\/p>\n<p>Verdenssamfunnet<br \/>\nkjenner omfanget av krisen, men innsatsen for \u00e5 forhindre overgrep og stille<br \/>\ngjerningsmenn til ansvar er n\u00e6rmest frav\u00e6rende.<\/p>\n<p>Vi<br \/>\ntrenger langt sterkere fokus og konkrete tiltak mot seksualisert vold i krig.<br \/>\nVi trenger bedre beskyttelse av kvinner \u2013 og av alle sivile. Ogs\u00e5 menn og<br \/>\ngutter rammes av disse overgrepene.<\/p>\n<p>Gjerningsmenn<br \/>\nog krigf\u00f8rende parter m\u00e5 vite at de vil bli holdt ansvarlige n\u00e5r kampene en dag<br \/>\ntar slutt.<\/p>\n<p>\u00c5 lukke<br \/>\n\u00f8ynene for seksualisert vold i Sudan er et svik mot dem som rammes. Det er ogs\u00e5<br \/>\net svik mot det internasjonale lovverket som skal beskytte oss alle. Dette<br \/>\nansvaret deler Norge med resten av verdenssamfunnet. Vi m\u00e5 gj\u00f8re mer for \u00e5<br \/>\nforhindre overgrep og bekjempe straffefriheten for grove krigsforbrytelser.<\/p>\n<p>Krisen i<br \/>\nSudan er ikke bare verdens st\u00f8rste humanit\u00e6re katastrofe \u2013 den er ogs\u00e5 et<br \/>\nresultat av politisk svikt. Responsen fra regjeringer og internasjonale<br \/>\norganisasjoner er fullstendig utilstrekkelig. Likevel er det ikke for sent \u00e5<br \/>\nrette opp noe av dette sviket.<\/p>\n<p>Leger<br \/>\nUten Grenser vil fortsette \u00e5 gj\u00f8re det vi kan: redde liv og dokumentere det som<br \/>\nskjer. For hver kvinne vi behandler, hver vi gir psykisk helsehjelp, trygg<br \/>\nabort eller hiv-forebyggende medisiner, tennes et lite h\u00e5p.<\/p>\n<p>Sp\u00f8rsm\u00e5let<br \/>\ner om den politiske viljen er sterk nok til \u00e5 rette verdens s\u00f8kelys mot Sudan.<br \/>\nDette er ikke en naturkatastrofe, men en menneskeskapt krise. Nettopp derfor er<br \/>\ndet ogs\u00e5 mulig \u00e5 gj\u00f8re noe med den.<\/p>\n","protected":false},"excerpt":{"rendered":"Tre \u00e5r siden krigen br\u00f8t ut\u00a0 Ingen sk\u00e5nes n\u00e5r seksualisert vold blir v\u00e5pen i krig.\u00a0 BRUTAL HVERDAG: Det&hellip;\n","protected":false},"author":2,"featured_media":213719,"comment_status":"","ping_status":"","sticky":false,"template":"","format":"standard","meta":{"footnotes":"","_share_on_mastodon":"0"},"categories":[10],"tags":[20,21,37,24,25,15,4265,22,23,156,13,30,28,29,14,16,3918,26,27],"class_list":["post-213718","post","type-post","status-publish","format-standard","has-post-thumbnail","category-norge","tag-breaking-news","tag-breakingnews","tag-debatt","tag-featured-news","tag-featurednews","tag-headlines","tag-kronikk","tag-latest-news","tag-latestnews","tag-meninger","tag-news","tag-no","tag-norge","tag-norway","tag-nyheter","tag-overskrifter","tag-sudan","tag-top-stories","tag-topstories"],"share_on_mastodon":{"url":"https:\/\/pubeurope.com\/@no\/116413185874644826","error":""},"_links":{"self":[{"href":"https:\/\/www.europesays.com\/no\/wp-json\/wp\/v2\/posts\/213718","targetHints":{"allow":["GET"]}}],"collection":[{"href":"https:\/\/www.europesays.com\/no\/wp-json\/wp\/v2\/posts"}],"about":[{"href":"https:\/\/www.europesays.com\/no\/wp-json\/wp\/v2\/types\/post"}],"author":[{"embeddable":true,"href":"https:\/\/www.europesays.com\/no\/wp-json\/wp\/v2\/users\/2"}],"replies":[{"embeddable":true,"href":"https:\/\/www.europesays.com\/no\/wp-json\/wp\/v2\/comments?post=213718"}],"version-history":[{"count":0,"href":"https:\/\/www.europesays.com\/no\/wp-json\/wp\/v2\/posts\/213718\/revisions"}],"wp:featuredmedia":[{"embeddable":true,"href":"https:\/\/www.europesays.com\/no\/wp-json\/wp\/v2\/media\/213719"}],"wp:attachment":[{"href":"https:\/\/www.europesays.com\/no\/wp-json\/wp\/v2\/media?parent=213718"}],"wp:term":[{"taxonomy":"category","embeddable":true,"href":"https:\/\/www.europesays.com\/no\/wp-json\/wp\/v2\/categories?post=213718"},{"taxonomy":"post_tag","embeddable":true,"href":"https:\/\/www.europesays.com\/no\/wp-json\/wp\/v2\/tags?post=213718"}],"curies":[{"name":"wp","href":"https:\/\/api.w.org\/{rel}","templated":true}]}}