{"id":213768,"date":"2026-04-16T08:39:34","date_gmt":"2026-04-16T08:39:34","guid":{"rendered":"https:\/\/www.europesays.com\/no\/213768\/"},"modified":"2026-04-16T08:39:34","modified_gmt":"2026-04-16T08:39:34","slug":"roros-ren-roros-nettsjef-lars-hofstad-er-ferdig-i-ren-roros","status":"publish","type":"post","link":"https:\/\/www.europesays.com\/no\/213768\/","title":{"rendered":"R\u00f8ros, Ren R\u00f8ros | Nettsjef Lars Hofstad er ferdig i Ren R\u00f8ros"},"content":{"rendered":"\n<p>Ren R\u00f8ros informerer om at nettsjef Lars Hofstad har fratr\u00e5dt sin stilling.<\/p>\n<p>Dette melder selskapet i en knapp pressemelding klokka 7 torsdag morgen.<\/p>\n<p>Ingen endringer<\/p>\n<p>\u2013 Vi erkjenner at det har v\u00e6rt en periode med uro rundt selskapet; ulike konsernsjefer og andre endringer. Vi er gjennom disse endringene n\u00e5, og det kommer ingen endringer i konsernstrukturen, heter det i pressemeldingen.<\/p>\n<p>Videre heter det: Vi er stolte av Viermie og de andre selskapene i konsernet.<\/p>\n<blockquote class=\"brick-c-WooUv theme-white\">\n<p class=\"blockquote-text\">Vi registrerer at det g\u00e5r rykter om at Viermie er til salgs \u2013 det er ikke riktig<\/p>\n<p>        Ren R\u00f8ros AS i pressemelding\n      <\/p><\/blockquote>\n<p>I pressemeldingen adresserer selskapet at det har g\u00e5tt rykter om at Viermie, nettselskapet som Lars Hofstad har ledet i en \u00e5rrekke, skal v\u00e6re til salgs. Dette avkrefter de i pressemeldingen.<\/p>\n<p>  <a href=\"https:\/\/www.retten.no\/5-44-1109953\" class=\"related-teaser has-image article--c-MkAkR\" rel=\"nofollow noopener\" target=\"_blank\"><\/p>\n<p>    <img decoding=\"async\" width=\"155\"  loading=\"lazy\"  src=\"https:\/\/www.europesays.com\/no\/wp-content\/uploads\/2026\/04\/IMG_1891.jpeg\" alt=\"\" class=\"brick-c-cFOWSL\" style=\"\"\/><\/p>\n<p>\n            Les ogs\u00e5<\/p>\n<p>            Varslinger og oppsigelser i Ren R\u00f8ros: Fra \u00abGreat Place to Work\u00bb til internt br\u00e5k\n        <\/p>\n<p>  <\/a><br \/>\n  Rykter<\/p>\n<p>\u2013 Vi registrerer at det g\u00e5r rykter om at Viermie er til salgs \u2013 det er ikke riktig. N\u00e5 skal vi fortsette arbeidet for \u00e5 sikre R\u00f8ros nok str\u00f8m og en god forsyning, utvikle selskapene videre og v\u00e6re et interessant selskap \u00e5 arbeide i som skaper verdier og arbeidsplasser lokalt.<\/p>\n<p>Det st\u00e5r ingenting i pressemelding om fra n\u00e5r dette blir eller ble gjeldende.<\/p>\n<p>  <a href=\"https:\/\/www.retten.no\/5-44-1110974\" class=\"related-teaser article--c-MkAkR\" rel=\"nofollow noopener\" target=\"_blank\"><\/p>\n<p>\n            Les ogs\u00e5<\/p>\n<p>            Europower: Viermie-ansatte er redde for \u00e5 miste sjefen sin\n        <\/p>\n<p>  <\/a><br \/>\n  Varsel<\/p>\n<p>Meldingen kommer etter at det er kjent gjennom flere medier at flere medarbeidere har sendt varsel til konsernledelsen om det de mener er kritikkverdige forhold i selskapet. Flere har sluttet den siste tiden og mye tyder p\u00e5 at de skal ha fratr\u00e5dt sine stillinger i etterkant av dette.<\/p>\n<p>  <a href=\"https:\/\/www.retten.no\/5-44-1109953\" class=\"related-teaser has-image article--c-MkAkR\" rel=\"nofollow noopener\" target=\"_blank\"><\/p>\n<p>    <img decoding=\"async\" width=\"155\"  loading=\"lazy\"  src=\"https:\/\/www.europesays.com\/no\/wp-content\/uploads\/2026\/04\/IMG_1891.jpeg\" alt=\"\" class=\"brick-c-cFOWSL\" style=\"\"\/><\/p>\n<p>\n            Les ogs\u00e5<\/p>\n<p>            Varslinger og oppsigelser i Ren R\u00f8ros: Fra \u00abGreat Place to Work\u00bb til internt br\u00e5k\n        <\/p>\n<p>  <\/a><\/p>\n","protected":false},"excerpt":{"rendered":"Ren R\u00f8ros informerer om at nettsjef Lars Hofstad har fratr\u00e5dt sin stilling. Dette melder selskapet i en knapp&hellip;\n","protected":false},"author":2,"featured_media":213769,"comment_status":"","ping_status":"","sticky":false,"template":"","format":"standard","meta":{"footnotes":"","_share_on_mastodon":"0"},"categories":[56],"tags":[6891,465,36,60,61,62,30,28,29,3848,3847,1510,20514],"class_list":["post-213768","post","type-post","status-publish","format-standard","has-post-thumbnail","category-naeringsliv","tag-arbeidskonflikt","tag-arbeidsliv","tag-art","tag-business","tag-economy","tag-naeringsliv","tag-no","tag-norge","tag-norway","tag-ren-roros","tag-roros","tag-story","tag-viermie"],"share_on_mastodon":{"url":"https:\/\/pubeurope.com\/@no\/116413488715464980","error":""},"_links":{"self":[{"href":"https:\/\/www.europesays.com\/no\/wp-json\/wp\/v2\/posts\/213768","targetHints":{"allow":["GET"]}}],"collection":[{"href":"https:\/\/www.europesays.com\/no\/wp-json\/wp\/v2\/posts"}],"about":[{"href":"https:\/\/www.europesays.com\/no\/wp-json\/wp\/v2\/types\/post"}],"author":[{"embeddable":true,"href":"https:\/\/www.europesays.com\/no\/wp-json\/wp\/v2\/users\/2"}],"replies":[{"embeddable":true,"href":"https:\/\/www.europesays.com\/no\/wp-json\/wp\/v2\/comments?post=213768"}],"version-history":[{"count":0,"href":"https:\/\/www.europesays.com\/no\/wp-json\/wp\/v2\/posts\/213768\/revisions"}],"wp:featuredmedia":[{"embeddable":true,"href":"https:\/\/www.europesays.com\/no\/wp-json\/wp\/v2\/media\/213769"}],"wp:attachment":[{"href":"https:\/\/www.europesays.com\/no\/wp-json\/wp\/v2\/media?parent=213768"}],"wp:term":[{"taxonomy":"category","embeddable":true,"href":"https:\/\/www.europesays.com\/no\/wp-json\/wp\/v2\/categories?post=213768"},{"taxonomy":"post_tag","embeddable":true,"href":"https:\/\/www.europesays.com\/no\/wp-json\/wp\/v2\/tags?post=213768"}],"curies":[{"name":"wp","href":"https:\/\/api.w.org\/{rel}","templated":true}]}}