{"id":21416,"date":"2025-08-29T12:50:14","date_gmt":"2025-08-29T12:50:14","guid":{"rendered":"https:\/\/www.europesays.com\/no\/21416\/"},"modified":"2025-08-29T12:50:14","modified_gmt":"2025-08-29T12:50:14","slug":"sandnessjoen-sentrum-fullt-hus-for-toril-pa-hjemmebane-har-fatt-noen-spennende-muligheter","status":"publish","type":"post","link":"https:\/\/www.europesays.com\/no\/21416\/","title":{"rendered":"Sandnessj\u00f8en, Sentrum | Fullt hus for Toril p\u00e5 hjemmebane: \u2013 Har f\u00e5tt noen spennende muligheter"},"content":{"rendered":"\n<p>\u2013 Det er artig \u00e5 se at det kommer s\u00e5 mange, og s\u00e5 er det jo artig \u00e5 lage litt ekstra ut av det, med b\u00e5de fest og musikk, smiler Toril Bonsaksen.<\/p>\n<p>Hun er kunstner, og er kjent b\u00e5de p\u00e5 Helgeland og i Norge. Verkene henne er kj\u00f8pt av b\u00e5de Nasjonalmuseet og Nordenfjelske kunstindustrimuseum. Torsdag kveld kunne helgelendingene som hadde tatt turen til Kulturbadet f\u00e5 oppleve kunsten hennes.<\/p>\n<p>\u2013 Jeg har v\u00e6rt veldig heldig og f\u00e5tt noen spennende muligheter, sier hun, og legger til:<\/p>\n<p>\u2013 Likevel er det alltid skummelt \u00e5 stille ut p\u00e5 hjemmebane.<\/p>\n<p>   <img decoding=\"async\" width=\"5343\" height=\"4007\" fetchpriority=\"low\"  loading=\"lazy\"  src=\"https:\/\/www.europesays.com\/no\/wp-content\/uploads\/2025\/08\/uten+navn+%282+av+5%29.jpg\" alt=\"Utstilling Toril Bonsaksen\" class=\"brick-c-cFOWSL\" style=\"--brick-image-ratio: 5343 \/ 4007;\"\/><\/p>\n<p>    VARIERT: Utstillingen best\u00e5r av ulike verker der metall-kunstner Toril har tatt utgangspunkt i naturen.<br \/>\n    Foto: Stine-Marte W. Konradsen\n  <\/p>\n<p>   <img decoding=\"async\" width=\"3774\" height=\"2830\" fetchpriority=\"low\"  loading=\"lazy\"  src=\"https:\/\/www.europesays.com\/no\/wp-content\/uploads\/2025\/08\/uten+navn+%281+av+5%29.jpg\" alt=\"Utstilling Toril Bonsaksen\" class=\"brick-c-cFOWSL\" style=\"--brick-image-ratio: 3774 \/ 2830;\"\/><\/p>\n<p>    UNDERHOLDT: Rita R. Skogsholm framf\u00f8rte sangen \u00abV\u00e5r beste dag\u00bb av Erik Bye. Den som kjenner sangen, vet at den inneholder strofen \u00abKom og lytt\u00bb, som klinger bra med tittelen p\u00e5 Torils utstilling.<br \/>\n    Foto: Stine-Marte W. Konradsen\n  <\/p>\n<p>  \u2013 Ekstra stas<\/p>\n<p>Sammen med to andre lokale kunstnere, Kari Elfstedt og Ina Otzko, driver Toril organisasjonen ArtBase Helgeland 66\u00b0N, som blant annet kuraterer utstillinger. Dette er f\u00f8rste gang Toril har hele galleriet i Kulturbadet for seg selv.<\/p>\n<p>Til stede for \u00e5 \u00f8nske velkommen var b\u00e5de kultursjef Odd Arnold Skogsholm, og nyansatt i biblioteket og galleriet; kunstner Elisabeth Petch.<\/p>\n<p>\u2013 Det er ordentlig fint \u00e5 v\u00e6re her, og ekstra stas n\u00e5r det er en av v\u00e5re egne som stiller ut, sa hun.<\/p>\n<p>Temaet for Torils utstilling er \u00abKom og lytt til havet\u00bb. Her under s\u00f8ker hun hvordan havet, og naturen rundt oss, forandres i m\u00f8te med menneskelig p\u00e5virkning og klimaendringer. Gjennom installasjoner og skulpturer laget av tang, sj\u00f8fugl og patinerte naturelementer, inviterer hun publikum til \u00e5 lytte: til havets spr\u00e5k, til uro, og til \u00f8kosystemenes skj\u00f8re balanse.<\/p>\n<p>   <img decoding=\"async\" width=\"5272\" height=\"3954\" fetchpriority=\"low\"  loading=\"lazy\"  src=\"https:\/\/www.europesays.com\/no\/wp-content\/uploads\/2025\/08\/uten+navn+%284+av+5%29.jpg\" alt=\"Utstilling Toril Bonsaksen\" class=\"brick-c-cFOWSL\" style=\"--brick-image-ratio: 5272 \/ 3954;\"\/><\/p>\n<p>    IMPONERT: Venninnene Anne Kathrine G\u00e5rdvik (t.v.) og Ingrid Benjaminsen var begeistret for Torils kunst.<br \/>\n    Foto: Stine-Marte W. Konradsen\n  <\/p>\n<p>  \u2013 Fokuset appelerer<\/p>\n<p>Blant de som hadde tatt turen for \u00e5 se utstillingen, var Anne Kathrine G\u00e5rdvik og Ingrid Benjaminsen.<\/p>\n<p>\u2013 Jeg har ikke v\u00e6rt god til \u00e5 g\u00e5 p\u00e5 slike utstillinger tidligere, men er glad jeg kom hit i dag. Det vekker noe i oss n\u00e5r vi st\u00e5r og studerer denne kunsten som tar utgangspunkt i naturen vi har her, sier hun.<\/p>\n<p>Det var venninna mi som dro meg med, smiler Ingrid, og gir ordet til Anne Kathrine:<\/p>\n<p>\u2013 Det er helt fantastisk \u00e5 se hva Toril har laget. Fokuset hennes appellerer veldig til meg, da jeg er opptatt av havet og fugler. Jeg tror en utstilling som dette kan v\u00e6re bevisstgj\u00f8rende, og minne oss om hvor viktig det er \u00e5 ta vare p\u00e5 naturen, sier hun.<\/p>\n<p>Utstillingen er tilgjengelig for publikum fram til 4. oktober.<\/p>\n<p>  <a href=\"https:\/\/www.isandnessjoen.no\/5-108-131888\" class=\"related-teaser has-image default-story-teaser article--c-eRUmMG article--c-eRUmMG-jKCPdD-design-default\" rel=\"nofollow noopener\" target=\"_blank\"><\/p>\n<p>    <img decoding=\"async\" loading=\"lazy\"  src=\"https:\/\/www.europesays.com\/no\/wp-content\/uploads\/2025\/08\/Toril+Bonsaksen+%281+av+1%29.jpg\" alt=\"\" class=\"brick-c-cFOWSL\" style=\"\"\/><\/p>\n<p>\n            Les ogs\u00e5<\/p>\n<p>              Som 30-\u00e5ring gjorde Toril en endring i livet: \u2013 Visste at det ville bli t\u00f8ft\n        <\/p>\n<p>  <\/a><\/p>\n<p>  <a href=\"https:\/\/www.isandnessjoen.no\/5-108-136114\" class=\"related-teaser has-image default-story-teaser article--c-eRUmMG article--c-eRUmMG-jKCPdD-design-default\" rel=\"nofollow noopener\" target=\"_blank\"><\/p>\n<p>    <img decoding=\"async\" loading=\"lazy\"  src=\"https:\/\/www.europesays.com\/no\/wp-content\/uploads\/2025\/08\/Visuell+kunst+%283+av+4%29.jpg\" alt=\"\" class=\"brick-c-cFOWSL\" style=\"\"\/><\/p>\n<p>\n            Les ogs\u00e5<\/p>\n<p>              Flokker til det popul\u00e6re tilbudet: \u2013 Ventelista er h\u00f8yere enn noen gang\n        <\/p>\n<p>  <\/a><\/p>\n","protected":false},"excerpt":{"rendered":"\u2013 Det er artig \u00e5 se at det kommer s\u00e5 mange, og s\u00e5 er det jo artig \u00e5&hellip;\n","protected":false},"author":2,"featured_media":21417,"comment_status":"","ping_status":"","sticky":false,"template":"","format":"standard","meta":{"footnotes":""},"categories":[10],"tags":[36,20,21,24,25,15,410,22,23,13,30,28,29,14,16,1953,285,1510,26,27],"class_list":{"0":"post-21416","1":"post","2":"type-post","3":"status-publish","4":"format-standard","5":"has-post-thumbnail","7":"category-norge","8":"tag-art","9":"tag-breaking-news","10":"tag-breakingnews","11":"tag-featured-news","12":"tag-featurednews","13":"tag-headlines","14":"tag-kultur","15":"tag-latest-news","16":"tag-latestnews","17":"tag-news","18":"tag-no","19":"tag-norge","20":"tag-norway","21":"tag-nyheter","22":"tag-overskrifter","23":"tag-sandnessjoen","24":"tag-sentrum","25":"tag-story","26":"tag-top-stories","27":"tag-topstories"},"share_on_mastodon":{"url":"","error":""},"_links":{"self":[{"href":"https:\/\/www.europesays.com\/no\/wp-json\/wp\/v2\/posts\/21416","targetHints":{"allow":["GET"]}}],"collection":[{"href":"https:\/\/www.europesays.com\/no\/wp-json\/wp\/v2\/posts"}],"about":[{"href":"https:\/\/www.europesays.com\/no\/wp-json\/wp\/v2\/types\/post"}],"author":[{"embeddable":true,"href":"https:\/\/www.europesays.com\/no\/wp-json\/wp\/v2\/users\/2"}],"replies":[{"embeddable":true,"href":"https:\/\/www.europesays.com\/no\/wp-json\/wp\/v2\/comments?post=21416"}],"version-history":[{"count":0,"href":"https:\/\/www.europesays.com\/no\/wp-json\/wp\/v2\/posts\/21416\/revisions"}],"wp:featuredmedia":[{"embeddable":true,"href":"https:\/\/www.europesays.com\/no\/wp-json\/wp\/v2\/media\/21417"}],"wp:attachment":[{"href":"https:\/\/www.europesays.com\/no\/wp-json\/wp\/v2\/media?parent=21416"}],"wp:term":[{"taxonomy":"category","embeddable":true,"href":"https:\/\/www.europesays.com\/no\/wp-json\/wp\/v2\/categories?post=21416"},{"taxonomy":"post_tag","embeddable":true,"href":"https:\/\/www.europesays.com\/no\/wp-json\/wp\/v2\/tags?post=21416"}],"curies":[{"name":"wp","href":"https:\/\/api.w.org\/{rel}","templated":true}]}}