{"id":21418,"date":"2025-08-29T12:57:16","date_gmt":"2025-08-29T12:57:16","guid":{"rendered":"https:\/\/www.europesays.com\/no\/21418\/"},"modified":"2025-08-29T12:57:16","modified_gmt":"2025-08-29T12:57:16","slug":"vaervarsel-vaer-har-gunstig-plassering-nord-for-det-elskede-skille-og-da-blir-det-comeback-for-sommeren","status":"publish","type":"post","link":"https:\/\/www.europesays.com\/no\/21418\/","title":{"rendered":"V\u00e6rvarsel, V\u00e6r | Har gunstig plassering nord for det \u00abelskede skille\u00bb, og da blir det comeback for sommeren"},"content":{"rendered":"\n<p>\u00abMidt-Norge har en gunstig plassering i den atmosf\u00e6riske sirkulasjonen p\u00e5 v\u00e5re breddegrader denne helgen\u00bb. Det skriver Meteorologene i dagens v\u00e6roppdatering.<\/p>\n<p>Og Helgeland kan trygt regnes som en del av Midt-Norge. Det er ventet 20\u201325 grader i denne delen av landet, da det kommer varm kontinental luft fra s\u00f8r\u00f8st.<\/p>\n<p>S\u00e5 godv\u00e6ret som har v\u00e6rt denne uka, ser ut til \u00e5 fortsette inn i Verket-helga og vel s\u00e5 det.<\/p>\n<p>If\u00f8lge yr.no kan Mo i Rana regne med 18\u201320 grader p\u00e5 det varmeste, fint v\u00e6r, en del sol og nesten vindstille til og med mandag. F\u00f8rst fra tirsdag kan det ventes litt regn, men temperaturene skal holde seg og det skal fortsatt v\u00e6re tiln\u00e6rmet vindstille.<\/p>\n<p>Det klare v\u00e6rskillet i Norge g\u00e5r fra Stad og Dovre, som Meteorologene omtaler som deres \u00abelskede skille\u00bb. Enkelt oppsummert. S\u00f8r for skillet: ustadig. Nord for skillet: comeback for sommeren.<\/p>\n<p>Les mer om: artikkelemnene<\/p>\n","protected":false},"excerpt":{"rendered":"\u00abMidt-Norge har en gunstig plassering i den atmosf\u00e6riske sirkulasjonen p\u00e5 v\u00e5re breddegrader denne helgen\u00bb. Det skriver Meteorologene i&hellip;\n","protected":false},"author":2,"featured_media":21419,"comment_status":"","ping_status":"","sticky":false,"template":"","format":"standard","meta":{"footnotes":""},"categories":[10],"tags":[36,20,21,24,25,15,22,23,3589,13,30,28,29,14,16,1510,26,27,553,3588],"class_list":{"0":"post-21418","1":"post","2":"type-post","3":"status-publish","4":"format-standard","5":"has-post-thumbnail","7":"category-norge","8":"tag-art","9":"tag-breaking-news","10":"tag-breakingnews","11":"tag-featured-news","12":"tag-featurednews","13":"tag-headlines","14":"tag-latest-news","15":"tag-latestnews","16":"tag-meteorologene","17":"tag-news","18":"tag-no","19":"tag-norge","20":"tag-norway","21":"tag-nyheter","22":"tag-overskrifter","23":"tag-story","24":"tag-top-stories","25":"tag-topstories","26":"tag-vaer","27":"tag-vaervarsel"},"share_on_mastodon":{"url":"","error":""},"_links":{"self":[{"href":"https:\/\/www.europesays.com\/no\/wp-json\/wp\/v2\/posts\/21418","targetHints":{"allow":["GET"]}}],"collection":[{"href":"https:\/\/www.europesays.com\/no\/wp-json\/wp\/v2\/posts"}],"about":[{"href":"https:\/\/www.europesays.com\/no\/wp-json\/wp\/v2\/types\/post"}],"author":[{"embeddable":true,"href":"https:\/\/www.europesays.com\/no\/wp-json\/wp\/v2\/users\/2"}],"replies":[{"embeddable":true,"href":"https:\/\/www.europesays.com\/no\/wp-json\/wp\/v2\/comments?post=21418"}],"version-history":[{"count":0,"href":"https:\/\/www.europesays.com\/no\/wp-json\/wp\/v2\/posts\/21418\/revisions"}],"wp:featuredmedia":[{"embeddable":true,"href":"https:\/\/www.europesays.com\/no\/wp-json\/wp\/v2\/media\/21419"}],"wp:attachment":[{"href":"https:\/\/www.europesays.com\/no\/wp-json\/wp\/v2\/media?parent=21418"}],"wp:term":[{"taxonomy":"category","embeddable":true,"href":"https:\/\/www.europesays.com\/no\/wp-json\/wp\/v2\/categories?post=21418"},{"taxonomy":"post_tag","embeddable":true,"href":"https:\/\/www.europesays.com\/no\/wp-json\/wp\/v2\/tags?post=21418"}],"curies":[{"name":"wp","href":"https:\/\/api.w.org\/{rel}","templated":true}]}}