{"id":21438,"date":"2025-08-29T13:26:09","date_gmt":"2025-08-29T13:26:09","guid":{"rendered":"https:\/\/www.europesays.com\/no\/21438\/"},"modified":"2025-08-29T13:26:09","modified_gmt":"2025-08-29T13:26:09","slug":"seks-personer-siktet-etter-drapsforsok-i-stavanger","status":"publish","type":"post","link":"https:\/\/www.europesays.com\/no\/21438\/","title":{"rendered":"Seks personer siktet etter drapsfors\u00f8k i Stavanger"},"content":{"rendered":"\n<p class=\"_lead_1bvmi_2 _lead_xtcu6_50 layout-component text-serif-m layout-normal text-serif-l layout-component layout-wide layout-padded _wide_17hqh_1 layout-padded\">Det er to unge menn, to mindre\u00e5rige gutter og to mindre\u00e5rige jenter. <\/p>\n<ul aria-hidden=\"true\" class=\"_images_1y6fe_106\">\n<li><a class=\"_link_1y6fe_111\" href=\"https:\/\/www.vg.no\/forfatter\/marie-dreyer-bakken\" style=\"z-index:1\" title=\"Marie Dreyer Bakken\" rel=\"nofollow noopener\" target=\"_blank\"><img alt=\"Bilde av Marie Dreyer Bakken\" class=\"_image_1y6fe_88\" fetchpriority=\"low\" loading=\"lazy\" decoding=\"async\" itemprop=\"image\"  src=\"https:\/\/www.europesays.com\/no\/wp-content\/uploads\/2025\/08\/1756473968_760_a58fd05d-9a13-4704-bd0c-ffb8040bb859\"  width=\"480\"\/><\/a><\/li>\n<\/ul>\n<p> Oppdatert fredag 29. august kl. 15:08     <\/p>\n<p class=\"_paragraph_1bvmi_4 _paragraph_xtcu6_10 layout-component text-serif-m layout-normal text-serif-m layout-padded\">Det skriver politiet i en oppdatering fredag ettermiddag. <\/p>\n<p class=\"_paragraph_1bvmi_4 _paragraph_xtcu6_10 layout-component text-serif-m layout-normal text-serif-m layout-padded\">\u2013 To er varetektsfengslet, og i tillegg ble en framstilt for varetektsfengsling i S\u00f8r-Rogaland tingrett i dag. Vi venter fremdeles p\u00e5 kjennelsen, sier politiadvokat Fredrik Martin Soma.<\/p>\n<p class=\"_paragraph_1bvmi_4 _paragraph_xtcu6_10 layout-component text-serif-m layout-normal text-serif-m layout-padded\">De tre andre er ikke varetektsfengslet. <\/p>\n<p class=\"_paragraph_1bvmi_4 _paragraph_xtcu6_10 layout-component text-serif-m layout-normal text-serif-m layout-padded\"><strong class=\"_strong_1bvmi_25\">\u2013 Slik politiet ser saken n\u00e5 forventer vi ikke flere p\u00e5gripelsen.<\/strong><\/p>\n<p class=\"_paragraph_1bvmi_4 _paragraph_xtcu6_10 layout-component text-serif-m layout-normal text-serif-m layout-padded\">Det var tidligere denne uken <a href=\"https:\/\/www.vg.no\/nyheter\/i\/kw7dev\/mindreaarig-gutt-utsatt-for-alvorlig-voldshendelse-i-stavanger\" data-track-element-type=\"Link\" data-track-id=\"link:kw7dev\" class=\"_link_1bvmi_39\" rel=\"nofollow noopener\" target=\"_blank\">en mindre\u00e5rig gutt ble p\u00e5f\u00f8rt stikkskader i Stavanger<\/a>. F\u00f8rst ble to personer p\u00e5grepet og siktet for drapsfors\u00f8k og grovt ran. <\/p>\n<p class=\"_paragraph_1bvmi_4 _paragraph_xtcu6_10 layout-component text-serif-m layout-normal text-serif-m layout-padded\">Senere har politiet p\u00e5grepet flere personer. <\/p>\n<p class=\"_paragraph_1bvmi_4 _paragraph_xtcu6_10 layout-component text-serif-m layout-normal text-serif-m layout-padded\">Gutten som ble funnet ble tatt h\u00e5nd om p\u00e5 Byterminalen i <a href=\"https:\/\/www.vg.no\/tag\/stavanger?utm_source=vg-article&amp;utm_medium=auto-tagger&amp;utm_campaign=8qgLW2\" class=\"_link_1bvmi_39\" rel=\"nofollow noopener\" target=\"_blank\">Stavanger<\/a>, men den innledende etterforskningen viste at voldshendelsen skal ha skjedd et annet sted i byen. <\/p>\n<p>    <img decoding=\"async\" alt=\"Tips oss illustrasjon\" width=\"62px\" height=\"auto\" src=\"https:\/\/www.europesays.com\/no\/wp-content\/uploads\/2025\/08\/1754784428_95_W9avJzE.png\"\/>    <\/p>\n<p class=\"title-serif-s\">Har du tips til oss?<\/p>\n<p class=\"text-sans-m\">Send oss informasjon, bilder eller video<\/p>\n<p>  <a href=\"https:\/\/www.vg.no\/tips-oss\" rel=\"nofollow noopener\" target=\"_blank\"> Tips oss <\/a>      <\/p>\n","protected":false},"excerpt":{"rendered":"Det er to unge menn, to mindre\u00e5rige gutter og to mindre\u00e5rige jenter. Oppdatert fredag 29. august kl. 15:08&hellip;\n","protected":false},"author":2,"featured_media":21439,"comment_status":"","ping_status":"","sticky":false,"template":"","format":"standard","meta":{"footnotes":""},"categories":[10],"tags":[31,20,21,24,25,15,22,23,13,30,28,29,14,16,1306,26,27,490],"class_list":{"0":"post-21438","1":"post","2":"type-post","3":"status-publish","4":"format-standard","5":"has-post-thumbnail","7":"category-norge","8":"tag-breaking","9":"tag-breaking-news","10":"tag-breakingnews","11":"tag-featured-news","12":"tag-featurednews","13":"tag-headlines","14":"tag-latest-news","15":"tag-latestnews","16":"tag-news","17":"tag-no","18":"tag-norge","19":"tag-norway","20":"tag-nyheter","21":"tag-overskrifter","22":"tag-stavanger","23":"tag-top-stories","24":"tag-topstories","25":"tag-varetektsfengsling"},"share_on_mastodon":{"url":"","error":""},"_links":{"self":[{"href":"https:\/\/www.europesays.com\/no\/wp-json\/wp\/v2\/posts\/21438","targetHints":{"allow":["GET"]}}],"collection":[{"href":"https:\/\/www.europesays.com\/no\/wp-json\/wp\/v2\/posts"}],"about":[{"href":"https:\/\/www.europesays.com\/no\/wp-json\/wp\/v2\/types\/post"}],"author":[{"embeddable":true,"href":"https:\/\/www.europesays.com\/no\/wp-json\/wp\/v2\/users\/2"}],"replies":[{"embeddable":true,"href":"https:\/\/www.europesays.com\/no\/wp-json\/wp\/v2\/comments?post=21438"}],"version-history":[{"count":0,"href":"https:\/\/www.europesays.com\/no\/wp-json\/wp\/v2\/posts\/21438\/revisions"}],"wp:featuredmedia":[{"embeddable":true,"href":"https:\/\/www.europesays.com\/no\/wp-json\/wp\/v2\/media\/21439"}],"wp:attachment":[{"href":"https:\/\/www.europesays.com\/no\/wp-json\/wp\/v2\/media?parent=21438"}],"wp:term":[{"taxonomy":"category","embeddable":true,"href":"https:\/\/www.europesays.com\/no\/wp-json\/wp\/v2\/categories?post=21438"},{"taxonomy":"post_tag","embeddable":true,"href":"https:\/\/www.europesays.com\/no\/wp-json\/wp\/v2\/tags?post=21438"}],"curies":[{"name":"wp","href":"https:\/\/api.w.org\/{rel}","templated":true}]}}