{"id":214426,"date":"2026-04-16T21:23:00","date_gmt":"2026-04-16T21:23:00","guid":{"rendered":"https:\/\/www.europesays.com\/no\/214426\/"},"modified":"2026-04-16T21:23:00","modified_gmt":"2026-04-16T21:23:00","slug":"offentlige-midler-pendling-eks-radmann-trond-i-ny-kontrovers-burde-vaert-avklart-pa-forhand","status":"publish","type":"post","link":"https:\/\/www.europesays.com\/no\/214426\/","title":{"rendered":"Offentlige midler, Pendling | Eks-r\u00e5dmann Trond i ny kontrovers: \u2013 Burde v\u00e6rt avklart p\u00e5 forh\u00e5nd"},"content":{"rendered":"\n<p>Den tidligere r\u00e5dmannen i T\u00f8nsberg, Trond Stenhaug, er igjen i s\u00f8kelyset. N\u00e5 gjelder det hans rolle som kommunedirekt\u00f8r i Sortland.<\/p>\n<p>If\u00f8lge VG har kommunen dekket en reise for Stenhaugs voksne datter. Reisen ble f\u00f8rt som en pendlerreise, men skulle i realiteten v\u00e6rt privat.<\/p>\n<p><b>\u2013 Dette var en feil og regningen skulle ikke v\u00e6rt utbetalt, skriver ordf\u00f8rer Grete Ellingsen i Sortland kommune til <a href=\"https:\/\/www.vg.no\/nyheter\/i\/Exx5vl\/hoeyre-topp-grete-ellingsen-godkjente-at-sortland-kommune-skulle-betalte-for-en-privat-reise-til-kommunedirektoerens-datter\" rel=\"Follow nofollow noopener\" target=\"_blank\">VG<\/a>.<\/b><\/p>\n<p>Stenhaug opplyser til VG at han vil betale tilbake bel\u00f8pet.<\/p>\n<p>  <a href=\"https:\/\/www.tb.no\/5-76-2361503\" class=\"related-teaser has-image article--c-MkAkR\" rel=\"nofollow noopener\" target=\"_blank\"><\/p>\n<p>    <img decoding=\"async\" width=\"155\"  loading=\"lazy\"  src=\"https:\/\/www.europesays.com\/no\/wp-content\/uploads\/2026\/04\/ll_kraft_til___se_framover.jpg\" alt=\"\" class=\"brick-c-cFOWSL\" style=\"\"\/><\/p>\n<p>\n            Les ogs\u00e5<\/p>\n<p>            Trond Stenhaug f\u00e5r toppjobb i Sortland: \u2013 Har v\u00e6rt \u00e5pen om alt\n        <\/p>\n<p>  <\/a><br \/>\n  Mente reisen var innenfor avtalen<\/p>\n<p>Reisen gjaldt en tur mellom Bergen og Sandefjord sommeren 2025. Kommunedirekt\u00f8ren har i sin arbeidsavtale rett p\u00e5 pendlerreiser mellom hjemmet i T\u00f8nsberg og arbeidsstedet i nord.<\/p>\n<p>Til VG forklarer han at han vurderte det slik at datterens reise kunne inng\u00e5 i denne ordningen i henhold til arbeidsavtalen, som en del av det han kaller \u00abpendlerkvoten\u00bb.<\/p>\n<p>Han erkjenner samtidig at dette burde v\u00e6rt avklart med arbeidsgiver p\u00e5 forh\u00e5nd.<\/p>\n<p><b>\u2013 I ettertid ser jeg at en slik tolkning burde v\u00e6rt avklart med arbeidsgiver p\u00e5 forh\u00e5nd, skriver Stenhaug.<\/b><\/p>\n<p>Ordf\u00f8reren forklarer at hun ikke oppfattet at reiseregningen gjaldt direkt\u00f8rens datter da hun godkjente den.<\/p>\n<p>   <img decoding=\"async\" width=\"1200\" height=\"673\" fetchpriority=\"low\"  loading=\"lazy\"  src=\"https:\/\/www.europesays.com\/no\/wp-content\/uploads\/2026\/04\/DSC_5809.jpeg\" alt=\"\" class=\"brick-c-cFOWSL\" style=\"--brick-image-ratio: 1200 \/ 673;\"\/><\/p>\n<p>      BR\u00c5K: Ordf\u00f8rer Grete Ellingsen og kommunedirekt\u00f8r Trond Stenhaug avbildet under et kommunestyrem\u00f8te.<br \/>\n      Foto: Emil Johan Karlsen\n    <\/p>\n<p>  <a href=\"https:\/\/www.tb.no\/5-76-573019\" class=\"related-teaser has-image article--c-MkAkR\" rel=\"nofollow noopener\" target=\"_blank\"><\/p>\n<p>    <img decoding=\"async\" width=\"155\"  loading=\"lazy\"  src=\"https:\/\/www.europesays.com\/no\/wp-content\/uploads\/2026\/04\/a8716b37-1a83-458a-adc8-02434966dff5+%282%29.jpg\" alt=\"\" class=\"brick-c-cFOWSL\" style=\"\"\/><\/p>\n<p>\n            Les ogs\u00e5<\/p>\n<p>            Tidligere T\u00f8nsberg-r\u00e5dmann d\u00f8mt for svindel med r\u00e5dyre klokker: \u2013 Jeg gjorde en feil, og det er beklagelig\n        <\/p>\n<p>  <\/a><br \/>\n  Omstridt avgang fra T\u00f8nsberg<\/p>\n<p>F\u00f8r Stenhaug fikk jobben som kommunedirekt\u00f8r i Sortland, ble han tilbudt jobb som generalsekret\u00e6r i Norges speiderforbund. F\u00f8r han skulle tiltre i stillingen, gjorde speiderne helomvending. <strong>Etter det T\u00f8nsbergs Blad kjenner til, skal Stenhaug ikke ha informert tilstrekkelig om ulike forhold knyttet til gj\u00f8rem\u00e5l av privat karakter og opplysninger knyttet til tidligere arbeidsforhold. Han fikk ikke den jobben likevel.<\/strong><\/p>\n<p>  <a href=\"https:\/\/www.tb.no\/5-76-368258\" class=\"related-teaser has-image article--c-MkAkR\" rel=\"nofollow noopener\" target=\"_blank\"><\/p>\n<p>    <img decoding=\"async\" width=\"155\"  loading=\"lazy\"  src=\"https:\/\/www.europesays.com\/no\/wp-content\/uploads\/2026\/04\/1776374580_696_a8716b37-1a83-458a-adc8-02434966dff5+%282%29.jpg\" alt=\"\" class=\"brick-c-cFOWSL\" style=\"\"\/><\/p>\n<p>\n            Les ogs\u00e5<\/p>\n<p>            Trond Stenhaug blir ikke generalsekret\u00e6r i speiderforbundet\n        <\/p>\n<p>  <\/a><\/p>\n<p>Trond Stenhaug var r\u00e5dmann i T\u00f8nsberg fram til 2011. Avgangen skjedde etter en periode med uenighet om blant annet l\u00f8nns og ferieordninger. Stenhaug <strong>ble kritisert for \u00e5 ha instruert kommunens l\u00f8nningskontor for \u00e5 utbetale seg l\u00f8nn for ikke uttatt ferie. Kommuneledelsen mente dette var lovstridig.<\/strong><\/p>\n<p><b>Det oppsto diskusjon om hvordan avtaler var praktisert, og saken utviklet seg til en konflikt mellom administrasjonen og kommunens ledelse. Begge parter hadde ulike oppfatninger av hva som var korrekt h\u00e5ndtering.<\/b><\/p>\n<p>Etter forhandlinger fikk Stenhaug innvilget en lengre studiepermisjon med full l\u00f8nn. Permisjonen varte i n\u00e6rmere ett \u00e5r.<\/p>\n<p>Da perioden var over, valgte han \u00e5 si opp stillingen. Han kom dermed ikke tilbake til r\u00e5dhuset i T\u00f8nsberg.<\/p>\n<p><b>Stenhaug har senere uttalt at han forholdt seg til inng\u00e5tte avtaler, mens det fra annet hold i kommunen ble reist sp\u00f8rsm\u00e5l ved b\u00e5de praksisen og prosessen.<\/b><\/p>\n<p>  <a href=\"https:\/\/www.tb.no\/5-76-629240\" class=\"related-teaser has-image article--c-MkAkR\" rel=\"nofollow noopener\" target=\"_blank\"><\/p>\n<p>    <img decoding=\"async\" width=\"155\"  loading=\"lazy\"  src=\"https:\/\/www.europesays.com\/no\/wp-content\/uploads\/2026\/04\/3f1c04fe-ecf8-478d-8855-9f6063e0c447.bin.jpeg\" alt=\"\" class=\"brick-c-cFOWSL\" style=\"\"\/><\/p>\n<p>\n            Les ogs\u00e5<\/p>\n<p>            \u2013 Bruker all kraft til \u00e5 se framover\n        <\/p>\n<p>  <\/a><br \/>\n  Tidligere dom i T\u00f8nsberg<\/p>\n<p>I 2015 ble Stenhaug d\u00f8mt i T\u00f8nsberg tingrett i en sak som gjaldt feil oppgitt verdi ved import av eksklusive klokker.<\/p>\n<p><b>Verdien p\u00e5 flere klokker var oppgitt langt lavere enn det reelle kj\u00f8pet, noe som f\u00f8rte til unndratt merverdiavgift. Han ble d\u00f8mt til samfunnsstraff etter at saken ble behandlet som en tilst\u00e5elsessak.<\/b><\/p>\n<p>Stenhaug har i ettertid v\u00e6rt \u00e5pen om forholdet og sagt at han har l\u00e6rt av saken.<\/p>\n<p>  <a href=\"https:\/\/www.tb.no\/5-76-571861\" class=\"related-teaser has-image article--c-MkAkR\" rel=\"nofollow noopener\" target=\"_blank\"><\/p>\n<p>    <img decoding=\"async\" width=\"155\"  loading=\"lazy\"  src=\"https:\/\/www.europesays.com\/no\/wp-content\/uploads\/2026\/04\/aeef18f5-80ea-4fc7-a9e2-bc63b4ee71c6+%282%29.jpg\" alt=\"\" class=\"brick-c-cFOWSL\" style=\"\"\/><\/p>\n<p>\n            Les ogs\u00e5<\/p>\n<p>            Trond Stenhaug er ansatt som r\u00e5dmann i Eidskog. Ansettelsesprosessen ble refset av opposisjonen.\n        <\/p>\n<p>  <\/a><br \/>\n  Varsler ny gjennomgang<\/p>\n<p>Den ferske VG-saken omfatter ogs\u00e5 Stenhaugs bruk av kommunale midler til utstyr. If\u00f8lge VG har kommunen brukt over 100.000 kroner p\u00e5 datautstyr til direkt\u00f8ren p\u00e5 to \u00e5r.<\/p>\n<p>Ordf\u00f8rer Ellingsen varsler n\u00e5 en gjennomgang.<\/p>\n<p>\u2013 Det skal v\u00e6re et n\u00f8kternt og behovsbasert niv\u00e5 p\u00e5 slikt utstyr, sier hun til <a href=\"https:\/\/www.vg.no\/nyheter\/i\/Exx5vl\/hoeyre-topp-grete-ellingsen-godkjente-at-sortland-kommune-skulle-betalte-for-en-privat-reise-til-kommunedirektoerens-datter\" rel=\"Follow nofollow noopener\" target=\"_blank\">VG<\/a>.<\/p>\n<p>T\u00f8nsbergs Blad har fors\u00f8kt \u00e5 f\u00e5 en kommentar fra Stenhaug, men har ikke f\u00e5tt svar.<\/p>\n","protected":false},"excerpt":{"rendered":"Den tidligere r\u00e5dmannen i T\u00f8nsberg, Trond Stenhaug, er igjen i s\u00f8kelyset. N\u00e5 gjelder det hans rolle som kommunedirekt\u00f8r&hellip;\n","protected":false},"author":2,"featured_media":214427,"comment_status":"","ping_status":"","sticky":false,"template":"","format":"standard","meta":{"footnotes":"","_share_on_mastodon":"0"},"categories":[10],"tags":[36,20,21,24,25,15,20545,22,23,13,30,28,29,14,20544,16,9514,7812,1510,26,27,431],"class_list":["post-214426","post","type-post","status-publish","format-standard","has-post-thumbnail","category-norge","tag-art","tag-breaking-news","tag-breakingnews","tag-featured-news","tag-featurednews","tag-headlines","tag-it-utstyr","tag-latest-news","tag-latestnews","tag-news","tag-no","tag-norge","tag-norway","tag-nyheter","tag-offentlige-midler","tag-overskrifter","tag-pendling","tag-sortland-kommune","tag-story","tag-top-stories","tag-topstories","tag-tonsberg"],"share_on_mastodon":{"url":"https:\/\/pubeurope.com\/@no\/116416491677594354","error":""},"_links":{"self":[{"href":"https:\/\/www.europesays.com\/no\/wp-json\/wp\/v2\/posts\/214426","targetHints":{"allow":["GET"]}}],"collection":[{"href":"https:\/\/www.europesays.com\/no\/wp-json\/wp\/v2\/posts"}],"about":[{"href":"https:\/\/www.europesays.com\/no\/wp-json\/wp\/v2\/types\/post"}],"author":[{"embeddable":true,"href":"https:\/\/www.europesays.com\/no\/wp-json\/wp\/v2\/users\/2"}],"replies":[{"embeddable":true,"href":"https:\/\/www.europesays.com\/no\/wp-json\/wp\/v2\/comments?post=214426"}],"version-history":[{"count":0,"href":"https:\/\/www.europesays.com\/no\/wp-json\/wp\/v2\/posts\/214426\/revisions"}],"wp:featuredmedia":[{"embeddable":true,"href":"https:\/\/www.europesays.com\/no\/wp-json\/wp\/v2\/media\/214427"}],"wp:attachment":[{"href":"https:\/\/www.europesays.com\/no\/wp-json\/wp\/v2\/media?parent=214426"}],"wp:term":[{"taxonomy":"category","embeddable":true,"href":"https:\/\/www.europesays.com\/no\/wp-json\/wp\/v2\/categories?post=214426"},{"taxonomy":"post_tag","embeddable":true,"href":"https:\/\/www.europesays.com\/no\/wp-json\/wp\/v2\/tags?post=214426"}],"curies":[{"name":"wp","href":"https:\/\/api.w.org\/{rel}","templated":true}]}}