{"id":21473,"date":"2025-08-29T13:52:17","date_gmt":"2025-08-29T13:52:17","guid":{"rendered":"https:\/\/www.europesays.com\/no\/21473\/"},"modified":"2025-08-29T13:52:17","modified_gmt":"2025-08-29T13:52:17","slug":"venter-kraftig-usa-fall-finansavisen","status":"publish","type":"post","link":"https:\/\/www.europesays.com\/no\/21473\/","title":{"rendered":"Venter kraftig USA-fall | Finansavisen"},"content":{"rendered":"<p>Torsdag viste ferske tall en uventet h\u00f8y vekst for amerikansk BNP i andre kvartal. Fredag meldte hverdagen seg igjen: \u00d8konomene venter et klart vekstfall i b\u00e5de tredje og fjerde kvartal i \u00e5r.\u00a0 En viktig grunn er at toll\u00f8kningene vil ramme forbrukerne.<\/p>\n<p><b>Etter en vekst p\u00e5 1,4 prosent (\u00e5rlig rate) i gjennomsnitt gjennom f\u00f8rste halv\u00e5r, venter \u00f8konomene i Bloombergs rundsp\u00f8rring et fall til bare 1,1 prosent resten av \u00e5ret. Dette er et markant fall fra andre kvartal, da BNP-veksten tilsvarte 3,3 prosent.<\/b><\/p>\n<p>Privat forbruk vil tynges og ender trolig p\u00e5 1,1 prosent \u00e5rsvekst b\u00e5de i tredje og fjerde kvartal, tror de.<\/p>\n<p class=\"subhead\" data-element-type=\"subhead\" data-element-label=\"Mellomtittel\">H\u00f8yere inflasjon<\/p>\n<p>F\u00e5 timer f\u00f8r PCE-m\u00e5lingen av inflasjonen i juli, viser rundsp\u00f8rringen at \u00f8konomene venter h\u00f8yere (CPI-)inflasjon, som vil n\u00e5 3,2 prosent f\u00f8r jul.<\/p>\n<p>\u00d8konomene tror p\u00e5 gradvis lavere inflasjon neste \u00e5r, men fortsatt langt h\u00f8yere enn Feds inflasjonsm\u00e5l p\u00e5 2,0 prosent. Unders\u00f8kelsen viser at \u00f8konomene tror p\u00e5 et klart gjennomslag fra \u00f8kt toll til \u00f8kt inflasjon, og at effekten vil vare en stund.<\/p>\n<p class=\"subhead\" data-element-type=\"subhead\" data-element-label=\"Mellomtittel\">H\u00f8yere ledighet<\/p>\n<p>Ved sin Jackson Hole-tale forrige uke viste til Fed-sjef Jerome Powell til godt synlige utslag fra \u00f8kt toll til inflasjonen, selv om han understreket at det meste av dette trolig ville v\u00e6re forbig\u00e5ende. Powell la s\u00e5 stor vekt p\u00e5 svake utsikter for arbeidsmarkedet at det skinte igjennom at Fed etter alt \u00e5 d\u00f8mme kutter renten ved septemberm\u00f8tet.<\/p>\n<p>Bloomberg-unders\u00f8kelsen viser at \u00f8konomene tror ledigheten vil \u00f8ke til 4,4 prosent i \u00e5r, og s\u00e5 holder seg der neste \u00e5r.\u00a0<\/p>\n<p><b>De tror imidlertid ikke p\u00e5 en br\u00e5brems for amerikansk \u00f8konomi. Bare 32 prosent tror p\u00e5 en resesjon det neste \u00e5ret, den laveste andelen p\u00e5 et halv\u00e5r.<\/b><\/p>\n","protected":false},"excerpt":{"rendered":"Torsdag viste ferske tall en uventet h\u00f8y vekst for amerikansk BNP i andre kvartal. Fredag meldte hverdagen seg&hellip;\n","protected":false},"author":2,"featured_media":21474,"comment_status":"","ping_status":"","sticky":false,"template":"","format":"standard","meta":{"footnotes":""},"categories":[56],"tags":[60,55,61,62,30,28,29,210],"class_list":{"0":"post-21473","1":"post","2":"type-post","3":"status-publish","4":"format-standard","5":"has-post-thumbnail","7":"category-naeringsliv","8":"tag-business","9":"tag-donald-trump","10":"tag-economy","11":"tag-naeringsliv","12":"tag-no","13":"tag-norge","14":"tag-norway","15":"tag-scott-bessent"},"share_on_mastodon":{"url":"","error":""},"_links":{"self":[{"href":"https:\/\/www.europesays.com\/no\/wp-json\/wp\/v2\/posts\/21473","targetHints":{"allow":["GET"]}}],"collection":[{"href":"https:\/\/www.europesays.com\/no\/wp-json\/wp\/v2\/posts"}],"about":[{"href":"https:\/\/www.europesays.com\/no\/wp-json\/wp\/v2\/types\/post"}],"author":[{"embeddable":true,"href":"https:\/\/www.europesays.com\/no\/wp-json\/wp\/v2\/users\/2"}],"replies":[{"embeddable":true,"href":"https:\/\/www.europesays.com\/no\/wp-json\/wp\/v2\/comments?post=21473"}],"version-history":[{"count":0,"href":"https:\/\/www.europesays.com\/no\/wp-json\/wp\/v2\/posts\/21473\/revisions"}],"wp:featuredmedia":[{"embeddable":true,"href":"https:\/\/www.europesays.com\/no\/wp-json\/wp\/v2\/media\/21474"}],"wp:attachment":[{"href":"https:\/\/www.europesays.com\/no\/wp-json\/wp\/v2\/media?parent=21473"}],"wp:term":[{"taxonomy":"category","embeddable":true,"href":"https:\/\/www.europesays.com\/no\/wp-json\/wp\/v2\/categories?post=21473"},{"taxonomy":"post_tag","embeddable":true,"href":"https:\/\/www.europesays.com\/no\/wp-json\/wp\/v2\/tags?post=21473"}],"curies":[{"name":"wp","href":"https:\/\/api.w.org\/{rel}","templated":true}]}}