{"id":21488,"date":"2025-08-29T14:08:15","date_gmt":"2025-08-29T14:08:15","guid":{"rendered":"https:\/\/www.europesays.com\/no\/21488\/"},"modified":"2025-08-29T14:08:15","modified_gmt":"2025-08-29T14:08:15","slug":"na-granskes-israelske-lederes-uttalelser-med-lupe","status":"publish","type":"post","link":"https:\/\/www.europesays.com\/no\/21488\/","title":{"rendered":"N\u00e5 granskes israelske lederes uttalelser med lupe."},"content":{"rendered":"\n<p class=\"_paragraph_1bvmi_4 _paragraph_xtcu6_10 layout-component text-serif-m layout-normal text-serif-m layout-padded\">Nylig lekket et lydopptak av tidligere generalmajor i IDF, Aharon Haliva, til israelske <a href=\"https:\/\/edition.cnn.com\/2025\/08\/18\/middleeast\/gaza-deaths-necessary-former-israel-intel-chief-leaked-recording-intl\" class=\"_link_1bvmi_39\" rel=\"nofollow noopener\" target=\"_blank\">Kanal 12.<\/a><\/p>\n<p class=\"_paragraph_1bvmi_4 _paragraph_xtcu6_10 layout-component text-serif-m layout-normal text-serif-m layout-padded\">Haliva var sjef for Israels milit\u00e6re etterretning under Hamas-angrepet p\u00e5 Israel 7. oktober 2023, og var i stillingen fram til april 2024, da han gikk av.<\/p>\n<p class=\"_paragraph_1bvmi_4 _paragraph_xtcu6_10 layout-component text-serif-m layout-normal text-serif-m layout-padded\">I opptaket, som trolig er fra v\u00e5ren 2025, halvannet \u00e5r inn i krigen, sa han:<\/p>\n<blockquote class=\"_quote_1bvmi_6 _quote_xtcu6_53 layout-component text-serif-m layout-normal text-serif-m layout-padded\"><p>\u00abFor alt som skjedde p\u00e5 7. oktober, for hver person 7. oktober, s\u00e5 m\u00e5 50 palestinere d\u00f8.\u00bb<\/p><\/blockquote>\n<blockquote class=\"_quote_1bvmi_6 _quote_xtcu6_53 layout-component text-serif-m layout-normal text-serif-m layout-padded\"><p>\u00abDet spiller ingen rolle om de er barn\u00bb. <\/p><\/blockquote>\n<blockquote class=\"_quote_1bvmi_6 _quote_xtcu6_53 layout-component text-serif-m layout-normal text-serif-m layout-padded\"><p>\u00abDet faktum at det er 50.000 d\u00f8de i Gaza er n\u00f8dvendig &#8230;\u00bb<\/p><\/blockquote>\n<p><img decoding=\"async\" alt=\"Bilde av Aharon Haliva\" class=\"_image_ygndg_42\" height=\"32\" itemprop=\"image\" loading=\"lazy\"  src=\"https:\/\/www.europesays.com\/no\/wp-content\/uploads\/2025\/08\/9c7c0380-0ad2-4415-a2d9-82afa34cab49\"  width=\"40\"\/><strong class=\"_name_ygndg_51 title-serif-xs\">Aharon Haliva<\/strong><\/p>\n<p class=\"_paragraph_1bvmi_4 text-sans-m _description_ygndg_56\">Tidligere generalmajor i IDF. Uttalt i 2025. <\/p>\n<p class=\"_paragraph_1bvmi_4 _paragraph_xtcu6_10 layout-component text-serif-m layout-normal text-serif-m layout-padded\">Sitatene til IDF-toppen er det siste eksempelet i en lang rekke sitater av israelske ledere i ulike maktposisjoner, som har skapt nasjonale og internasjonale reaksjoner.<\/p>\n<p class=\"_paragraph_1bvmi_4 _paragraph_xtcu6_10 layout-component text-serif-m layout-normal text-serif-m layout-padded\"><strong class=\"_strong_1bvmi_25\">VG har samlet flere av dem, og snakket med internasjonale og israelske eksperter om den ekstreme ordbruken.<\/strong><\/p>\n<p class=\"_paragraph_1bvmi_4 _paragraph_xtcu6_10 layout-component text-serif-m layout-normal text-serif-m layout-padded\">\u2013 Disse uttalelsene vil bli n\u00f8kkelbevis mot Israel og individuelle milit\u00e6re ledere i kommende rettssaker i Den internasjonale straffedomstolen (ICCICCEn domstol som etterforsker og d\u00f8mmer personer for internasjonale forbrytelser som folkemord, krigsforbrytelser og forbrytelser mot menneskeheten.) og Den internasjonale domstolen (ICJICJ En domstol som l\u00f8ser tvister mellom stater og gir r\u00e5dgivende uttalelser om folkerettslige sp\u00f8rsm\u00e5l.).<\/p>\n<p class=\"_paragraph_1bvmi_4 _paragraph_xtcu6_10 layout-component text-serif-m layout-normal text-serif-m layout-padded\">Det sier Melanie O\u00b4Brien, president i Den internasjonale foreningen av folkemords-forskere til VG.<\/p>\n<p class=\"_paragraph_1bvmi_4 _paragraph_xtcu6_10 layout-component text-serif-m layout-normal text-serif-m layout-padded\">\u2013 \u00abForkastelig\u00bb og \u00abwoke-agenda til venstreside-europeere\u00bb svarer mannen som har <a href=\"https:\/\/www.haaretz.com\/israel-news\/2022-12-15\/ty-article-magazine\/.premium\/meet-the-mind-behind-israeli-far-rights-victorious-campaign\/00000185-1115-d374-a1ad-b9bd47450000\" class=\"_link_1bvmi_39\" rel=\"nofollow noopener\" target=\"_blank\">f\u00e5tt \u00e6ren for ytre-h\u00f8yres inntog<\/a> i Israels regjering \u2013 og beskriver Gaza som et \u00abuhyrlig samfunn\u00bb. <\/p>\n<p class=\"_paragraph_1bvmi_4 _paragraph_xtcu6_10 layout-component text-serif-m layout-normal text-serif-m layout-padded\">Den 9. desember 1948 vedtok FNs generalforsamling en historisk konvensjon: \u00abKonvensjon\u00a0om forhindring og avstraffelse av forbrytelsen folkemord\u00bb.<\/p>\n<p class=\"_paragraph_1bvmi_4 _paragraph_xtcu6_10 layout-component text-serif-m layout-normal text-serif-m layout-padded\">Folkemordkonvensjonen hadde til hensikt \u00e5 forby og forhindre handlinger lignende de Nazi-Tyskland hadde beg\u00e5tt mot j\u00f8dene og andre grupper under andre verdenskrig. <\/p>\n<p class=\"_paragraph_1bvmi_4 _paragraph_xtcu6_10 layout-component text-serif-m layout-normal text-serif-m layout-padded\">Folkemord, slik det ble definert i konvensjonen, skulle aldri skje igjen.<\/p>\n<p><img alt=\"FN-konvensjonen mot folkemord signeres, 1948.  Foto: UN Photo\/MB\" class=\"_image_qp4xg_65 layout-component layout-normal\" data-fullscreen- data-track-element-type=\"Article image fullscreen\" data-track-name=\"ImageFullscreen\" decoding=\"async\" loading=\"lazy\" height=\"873\" itemprop=\"image\"  src=\"https:\/\/www.europesays.com\/no\/wp-content\/uploads\/2025\/08\/46f3d786-5841-464b-9bd3-b712ffce8d61\"  style=\"object-position:0% 0%\" width=\"1164\"\/>FN-konvensjonen mot folkemord signeres, 1948.  Foto: UN Photo\/MB<\/p>\n<p class=\"_paragraph_1bvmi_4 _paragraph_xtcu6_10 layout-component text-serif-m layout-normal text-serif-m layout-padded\">N\u00e5, 77 \u00e5r senere, er konvensjon brennaktuell i sosiale medier, p\u00e5 debattscener, i demonstrasjonstog \u2013 og ikke minst i politikken.<\/p>\n<p class=\"_paragraph_1bvmi_4 _paragraph_xtcu6_10 layout-component text-serif-m layout-normal text-serif-m layout-padded\">Etter snart to \u00e5r med krig i Gaza \u00f8ker omfanget av anerkjente menneskerettighetsorganisasjoner og ledende folkerettsforskere som mener at Israel beg\u00e5r et folkemord mot det palestinske folket i Gaza. <\/p>\n<p>Definisjon av folkemord<\/p>\n<p class=\"_paragraph_1bvmi_4 _paragraph_xtcu6_10 _paragraph_16v91_10 layout-component text-serif-m layout-normal text-sans-m layout-padded\">* FNs folkemordkonvensjonen definerer\u00a0folkemord\u00a0som handlinger beg\u00e5tt for helt eller delvis \u00e5 \u00f8delegge en nasjonal, etnisk, rasemessig eller religi\u00f8s gruppe.<\/p>\n<p class=\"_paragraph_1bvmi_4 _paragraph_xtcu6_10 _paragraph_16v91_10 layout-component text-serif-m layout-normal text-sans-m layout-padded\">F\u00f8lgende handlinger inng\u00e5r i definisjonen:<\/p>\n<p class=\"_paragraph_1bvmi_4 _paragraph_xtcu6_10 _paragraph_16v91_10 layout-component text-serif-m layout-normal text-sans-m layout-padded\">* \u00e5 drepe medlemmer av gruppen<\/p>\n<p class=\"_paragraph_1bvmi_4 _paragraph_xtcu6_10 _paragraph_16v91_10 layout-component text-serif-m layout-normal text-sans-m layout-padded\">* \u00e5 utsette medlemmer av gruppen for legemlig eller sjelelig skade<\/p>\n<p class=\"_paragraph_1bvmi_4 _paragraph_xtcu6_10 _paragraph_16v91_10 layout-component text-serif-m layout-normal text-sans-m layout-padded\">* \u00e5 bevisst utsette gruppen for levevilk\u00e5r som tar sikte p\u00e5 \u00e5 bidra til dens fysiske \u00f8deleggelse helt eller delvis.<\/p>\n<p class=\"_paragraph_1bvmi_4 _paragraph_xtcu6_10 _paragraph_16v91_10 layout-component text-serif-m layout-normal text-sans-m layout-padded\">* \u00e5 p\u00e5tvinge tiltak som tar sikte p\u00e5 \u00e5 forhindre f\u00f8dsler innen gruppen<\/p>\n<p class=\"_paragraph_1bvmi_4 _paragraph_xtcu6_10 _paragraph_16v91_10 layout-component text-serif-m layout-normal text-sans-m layout-padded\">* med makt overf\u00f8re barn fra en gruppe til en annen<\/p>\n<p class=\"_paragraph_1bvmi_4 _paragraph_xtcu6_10 _paragraph_16v91_10 layout-component text-serif-m layout-normal text-sans-m layout-padded\">* F\u00f8r det kan sl\u00e5s fast at\u00a0folkemord\u00a0finner sted, m\u00e5 det ogs\u00e5 kunne p\u00e5vises at dette er hensikten.<\/p>\n<p class=\"_paragraph_1bvmi_4 _paragraph_xtcu6_10 _paragraph_16v91_10 layout-component text-serif-m layout-normal text-sans-m layout-padded\">* Stater som har undertegnet konvensjonen, er forpliktet til \u00e5 forhindre\u00a0folkemord\u00a0og bidra til at de skyldige straffes.<\/p>\n<p class=\"_paragraph_1bvmi_4 _paragraph_xtcu6_10 _paragraph_16v91_10 layout-component text-serif-m layout-normal text-sans-m layout-padded\">Kilde:\u00a0<a href=\"https:\/\/www.un.org\/en\/genocideprevention\/documents\/atrocity-crimes\/Doc.1_Convention%20on%20the%20Prevention%20and%20Punishment%20of%20the%20Crime%20of%20Genocide.pdf\" class=\"_link_1bvmi_39\" rel=\"nofollow noopener\" target=\"_blank\">FN<\/a>,\u00a0<a href=\"https:\/\/www.regjeringen.no\/contentassets\/45f187cd4368443fb8a5f934ff87e61a\/gjennomgang-av-norges-forpliktelser-etter-folkemordkonvensjonen-i-lys-av-sor-afrikas-sak-mot-israel-for-icj.pdf\" class=\"_link_1bvmi_39\" rel=\"nofollow noopener\" target=\"_blank\">UD<\/a>, NTB<\/p>\n<p>Vis mer<\/p>\n<p class=\"_paragraph_1bvmi_4 _paragraph_xtcu6_10 layout-component text-serif-m layout-normal text-serif-m layout-padded\">Det har israelske ledere selv nektet for og avvist gang p\u00e5 gang. <\/p>\n<p class=\"_paragraph_1bvmi_4 _paragraph_xtcu6_10 layout-component text-serif-m layout-normal text-serif-m layout-padded\">De mener krigf\u00f8ringen og \u00f8deleggelsene er n\u00f8dvendige for \u00e5 forsvare Israel og dets folk mot Hamas.<\/p>\n<p class=\"_paragraph_1bvmi_4 _paragraph_xtcu6_10 layout-component text-serif-m layout-normal text-serif-m layout-padded\">For juridisk \u00e5 kunne bevise folkemord, holder det ikke med enorme \u00f8deleggelser og <a href=\"https:\/\/www.theguardian.com\/world\/ng-interactive\/2025\/aug\/21\/revealed-israeli-militarys-own-data-indicates-civilian-death-rate-of-83-in-gaza-war\" class=\"_link_1bvmi_39\" rel=\"nofollow noopener\" target=\"_blank\">sv\u00e6rt h\u00f8y d\u00f8dsrate blant sivile<\/a> alene. Det m\u00e5 ogs\u00e5 kunne bevises at en krigende part har til hensikt \u00e5 gjennomf\u00f8re folkemord. <\/p>\n<p class=\"_paragraph_1bvmi_4 _paragraph_xtcu6_10 layout-component text-serif-m layout-normal text-serif-m layout-padded\"><strong class=\"_strong_1bvmi_25\">Ordene fra makthavere, fra krigens start og frem til i dag, kan dermed bli avgj\u00f8rende:<\/strong><\/p>\n<blockquote class=\"_quote_1bvmi_6 _quote_xtcu6_53 layout-component text-serif-m layout-normal text-serif-m layout-padded\"><p>\u00abJeg har beordret en fullstendig beleiring. Ingen str\u00f8m, ingen mat, ingen drivstoff. Vi kjemper mot menneskelige dyr.\u00bb<\/p><\/blockquote>\n<p><img decoding=\"async\" alt=\"Bilde av Yoav Gallant\" class=\"_image_ygndg_42\" height=\"29\" itemprop=\"image\" loading=\"lazy\"  src=\"https:\/\/www.europesays.com\/no\/wp-content\/uploads\/2025\/08\/a7510ce0-80b6-4a9d-8af8-a9537036cd7d\"  width=\"40\"\/><strong class=\"_name_ygndg_51 title-serif-xs\">Yoav Gallant<\/strong><\/p>\n<p class=\"_paragraph_1bvmi_4 text-sans-m _description_ygndg_56\">Tidligere forsvarsminister. Uttalt 9. oktober 2023. <\/p>\n<p class=\"_paragraph_1bvmi_4 _paragraph_xtcu6_10 layout-component text-serif-m layout-normal text-serif-m layout-padded\">Dette sa dav\u00e6rende forsvarsminister <a href=\"https:\/\/www.timesofisrael.com\/liveblog_entry\/defense-minister-announces-complete-siege-of-gaza-no-power-food-or-fuel\/\" class=\"_link_1bvmi_39\" rel=\"nofollow noopener\" target=\"_blank\">9. oktober 2023<\/a>, to dager etter Hamas-angrepet som drepte 1200 mennesker i Israel.<\/p>\n<p class=\"_paragraph_1bvmi_4 _paragraph_xtcu6_10 layout-component text-serif-m layout-normal text-serif-m layout-padded\">Siden da er minst 60.000 palestinere blitt drept inne i Gaza.<\/p>\n<p class=\"_paragraph_1bvmi_4 _paragraph_xtcu6_10 layout-component text-serif-m layout-normal text-serif-m layout-padded\">VG har kontaktet Yoav Gallant om uttalelsen, men ikke f\u00e5tt svar. Gallant, som er etterlyst av Den internasjonale straffedomstolen (ICC) sammen med Benjamin Netanyahu, har en rekke ganger forsvart Israels fremferd i Gaza og hans egne uttalelser.<\/p>\n<blockquote class=\"_quote_1bvmi_6 _quote_xtcu6_53 layout-component text-serif-m layout-normal text-serif-m layout-padded\"><p>\u00abHele Gaza vil bli j\u00f8disk\u00bb.<\/p><\/blockquote>\n<p><img decoding=\"async\" alt=\"Bilde av Amihai Eliyahu\" class=\"_image_ygndg_42\" height=\"60\" itemprop=\"image\" loading=\"lazy\"  src=\"https:\/\/www.europesays.com\/no\/wp-content\/uploads\/2025\/08\/73e8336c-852a-4de0-ad75-a016e82f2955\"  width=\"40\"\/><strong class=\"_name_ygndg_51 title-serif-xs\">Amihai Eliyahu<\/strong><\/p>\n<p class=\"_paragraph_1bvmi_4 text-sans-m _description_ygndg_56\">Kulturarvminister. Uttalt 24. juli 2025.<\/p>\n<p class=\"_paragraph_1bvmi_4 _paragraph_xtcu6_10 layout-component text-serif-m layout-normal text-serif-m layout-padded\">Det uttalte ministeren i <a href=\"https:\/\/www.jpost.com\/israel-news\/article-862117\" class=\"_link_1bvmi_39\" rel=\"nofollow noopener\" target=\"_blank\">sommer<\/a>. <\/p>\n<p class=\"_paragraph_1bvmi_4 _paragraph_xtcu6_10 layout-component text-serif-m layout-normal text-serif-m layout-padded\">Ministeren har ogs\u00e5 uttalt at det \u00e5 slippe en atombombe over Gazastripen kan ogs\u00e5 v\u00e6re en mulighet. <\/p>\n<p class=\"_paragraph_1bvmi_4 _paragraph_xtcu6_10 layout-component text-serif-m layout-normal text-serif-m layout-padded\">Uttalelsene til Eliyahu <a href=\"https:\/\/www.timesofisrael.com\/far-right-minister-says-nuking-gaza-an-option-pm-suspends-him-from-cabinet-meetings\/\" class=\"_link_1bvmi_39\" rel=\"nofollow noopener\" target=\"_blank\">falt 5. november<\/a> 2023, da han mente at det kunne v\u00e6re et alternativ \u00e5 slippe en atombombe over Gazastripen. <\/p>\n<p class=\"_paragraph_1bvmi_4 _paragraph_xtcu6_10 layout-component text-serif-m layout-normal text-serif-m layout-padded\">Ministeren har ogs\u00e5 etter dette v\u00e6rt en forkjemper for at israelere skal innta og fullt ut okkupere hele Gaza. <\/p>\n<p class=\"_paragraph_1bvmi_4 _paragraph_xtcu6_10 layout-component text-serif-m layout-normal text-serif-m layout-padded\">VG har kontaktet kontoret til Amihai Eliyahu, men har ikke f\u00e5tt svar. Uttalelsen skapte raskt sterke reaksjoner, og Eliyahu hevdet i ettertid at omtalen av kun atomv\u00e5pen \u00abvar metaforisk\u00bb.<\/p>\n<p><img alt=\"Skadede pasienter p\u00e5 al-Awda-sykehuset i Gaza.   Foto: EYAD BABA \/ AFP \/ NTB\" class=\"_image_qp4xg_65 layout-component layout-normal\" data-fullscreen- data-track-element-type=\"Article image fullscreen\" data-track-name=\"ImageFullscreen\" decoding=\"async\" loading=\"lazy\" height=\"3991\" itemprop=\"image\"  src=\"https:\/\/www.europesays.com\/no\/wp-content\/uploads\/2025\/08\/84d1e041-0511-48ab-9fcd-34091de23705\"  style=\"object-position:0% 0%\" width=\"5321\"\/>Skadede pasienter p\u00e5 al-Awda-sykehuset i Gaza.   Foto: EYAD BABA \/ AFP \/ NTB<\/p>\n<blockquote class=\"_quote_1bvmi_6 _quote_xtcu6_53 layout-component text-serif-m layout-normal text-serif-m layout-padded\"><p>\u00abDe b\u00f8r knuses, sulte i hjel, og ikke gjenopplives med humanit\u00e6r hjelp.\u00bb<\/p><\/blockquote>\n<p><img decoding=\"async\" alt=\"Bilde av Itamar Ben-Gvir\" class=\"_image_ygndg_42\" height=\"27\" itemprop=\"image\" loading=\"lazy\"  src=\"https:\/\/www.europesays.com\/no\/wp-content\/uploads\/2025\/08\/27688c91-d08b-4e61-8ebf-8fd34c74bf62\"  width=\"40\"\/><strong class=\"_name_ygndg_51 title-serif-xs\">Itamar Ben-Gvir<\/strong><\/p>\n<p class=\"_paragraph_1bvmi_4 text-sans-m _description_ygndg_56\">Nasjonal sikkerhetsminister. Uttalt 8. juli 2025.<\/p>\n<p class=\"_paragraph_1bvmi_4 _paragraph_xtcu6_10 layout-component text-serif-m layout-normal text-serif-m layout-padded\">Uttalelsen fra ministeren, som befinner seg p\u00e5 ytre h\u00f8yre fl\u00f8y i israelsk politikk, kom mens den israelske blokaden hindret matforsyninger \u00e5 n\u00e5 sivilbefolkningen. <\/p>\n<p class=\"_paragraph_1bvmi_4 _paragraph_xtcu6_10 layout-component text-serif-m layout-normal text-serif-m layout-padded\"><a href=\"https:\/\/www.timesofisrael.com\/liveblog_entry\/ben-gvir-calls-on-netanyahu-to-bring-home-doha-negotiators-we-need-to-starve-hamas-to-death\" class=\"_link_1bvmi_39\" rel=\"nofollow noopener\" target=\"_blank\">Uttalelsene<\/a> ble gitt i omtale om Hamas samtidig som det var fredsforhandlinger med gruppen. Ben-Gvir \u00f8nsket at det israelske forhandlingsteamet skulle bringes hjem. <\/p>\n<p class=\"_paragraph_1bvmi_4 _paragraph_xtcu6_10 layout-component text-serif-m layout-normal text-serif-m layout-padded\">VG har kontaktet talspersonen til Ben-Gvir, men har ikke mottatt svar. Tross sanksjoner fra vestlige land mot ham, har ordbruken fortsatt gjennom de siste to \u00e5rene.<\/p>\n<blockquote class=\"_quote_1bvmi_6 _quote_xtcu6_53 layout-component text-serif-m layout-normal text-serif-m layout-padded\"><p>\u00abVi \u00f8delegger flere og flere hjem. Folket i Gaza vil ikke ha noe sted \u00e5 returnere til og deres eneste \u00f8nske vil v\u00e6re \u00e5 emigrere til utlandet. Dette er det uunng\u00e5elige utfallet.\u00bb<\/p><\/blockquote>\n<p><img decoding=\"async\" alt=\"Bilde av Benjamin Netanyahu\" class=\"_image_ygndg_42\" height=\"27\" itemprop=\"image\" loading=\"lazy\"  src=\"https:\/\/www.europesays.com\/no\/wp-content\/uploads\/2025\/08\/d1a0e184-10e0-485a-8195-207f81e82460\"  width=\"40\"\/><strong class=\"_name_ygndg_51 title-serif-xs\">Benjamin Netanyahu<\/strong><\/p>\n<p class=\"_paragraph_1bvmi_4 text-sans-m _description_ygndg_56\">Statsminister. Uttalt 12. mai 2025. <\/p>\n<p class=\"_paragraph_1bvmi_4 _paragraph_xtcu6_10 layout-component text-serif-m layout-normal text-serif-m layout-padded\">Dette er ordene Benjamin Netanyahu skal sagt i et lukket m\u00f8te i KnessetKnessetDet israelske parlamentet, som er landets lovgivende forsamling. tidligere i \u00e5r, if\u00f8lge <a href=\"https:\/\/www.timesofisrael.com\/liveblog_entry\/pm-said-to-tell-mks-israel-destroying-homes-in-gaza-so-palestinians-have-nowhere-else-to-go-but-outside-the-strip\/\" class=\"_link_1bvmi_39\" rel=\"nofollow noopener\" target=\"_blank\">israelske medier.<\/a><\/p>\n<p class=\"_paragraph_1bvmi_4 _paragraph_xtcu6_10 layout-component text-serif-m layout-normal text-serif-m layout-padded\">VG har kontaktet det israelske statsministerkontoret, men har ikke mottatt svar. <\/p>\n<blockquote class=\"_quote_1bvmi_6 _quote_xtcu6_53 layout-component text-serif-m layout-normal text-serif-m layout-padded\"><p>\u00abVi m\u00e5 skille ut barna og kvinnene og drepe de voksne i Gaza. Vi er altfor hensynsfulle.\u00bb<\/p><\/blockquote>\n<p><img decoding=\"async\" alt=\"Bilde av Nissim Vaturi\" class=\"_image_ygndg_42\" height=\"59\" itemprop=\"image\" loading=\"lazy\"  src=\"https:\/\/www.europesays.com\/no\/wp-content\/uploads\/2025\/08\/85ab4ae1-1dbc-45b4-b572-f77ccce96bd4\"  width=\"40\"\/><strong class=\"_name_ygndg_51 title-serif-xs\">Nissim Vaturi<\/strong><\/p>\n<p class=\"_paragraph_1bvmi_4 text-sans-m _description_ygndg_56\">Visepresident i Knesset. Uttalt 23. februar 2025.<\/p>\n<p class=\"_paragraph_1bvmi_4 _paragraph_xtcu6_10 layout-component text-serif-m layout-normal text-serif-m layout-padded\">Dette uttalte Vaturi i et <a href=\"https:\/\/www.inn.co.il\/news\/662252\" class=\"_link_1bvmi_39\" rel=\"nofollow noopener\" target=\"_blank\">israelsk radiointervju <\/a>i februar i \u00e5r, der han ogs\u00e5 fulgte opp med \u00e5 si at \u00abingen i hele verden \u00f8nsker de sivile i Gaza, alle presser dem inn i Israel, fordi de vet at de er avskum og undermennesker\u00bb. <\/p>\n<p class=\"_paragraph_1bvmi_4 _paragraph_xtcu6_10 layout-component text-serif-m layout-normal text-serif-m layout-padded\">Vaturi har ogs\u00e5, if\u00f8lge den israelske avisen Haaretz, sagt at \u00abGaza m\u00e5 brenne\u00bb. 7. oktober, 2023, skrev han ogs\u00e5: \u00abVi er s\u00e5 samlet rundt ett m\u00e5l \u2013 \u00e5 fjerne Gazastripen fra jordens overflate\u00bb.<\/p>\n<p class=\"_paragraph_1bvmi_4 _paragraph_xtcu6_10 layout-component text-serif-m layout-normal text-serif-m layout-padded\">VG har kontaktet ham for en kommentar, men har ikke f\u00e5tt svar.<\/p>\n<p class=\"_paragraph_1bvmi_4 _paragraph_xtcu6_10 layout-component text-serif-m layout-normal text-serif-m layout-padded\">Men overfor israelsk radio har han forsvart oppforingen om \u00e5 la Gaza brenne, med \u00e5 si: \u00abJeg tror ikke det er noen uskyldige sivile der\u00bb<\/p>\n<blockquote class=\"_quote_1bvmi_6 _quote_xtcu6_53 layout-component text-serif-m layout-normal text-serif-m layout-padded\"><p>\u00abGaza vil bli fullstendig \u00f8delagt innen f\u00e5 m\u00e5neder, og vi vil kunne erkl\u00e6re seier.\u00bb<\/p><\/blockquote>\n<p><img decoding=\"async\" alt=\"Bilde av Bezalel Smotrich\" class=\"_image_ygndg_42\" height=\"27\" itemprop=\"image\" loading=\"lazy\"  src=\"https:\/\/www.europesays.com\/no\/wp-content\/uploads\/2025\/08\/32e74052-7bc6-4ee0-b3a1-4fdc7780c3f8\"  width=\"40\"\/><strong class=\"_name_ygndg_51 title-serif-xs\">Bezalel Smotrich<\/strong><\/p>\n<p class=\"_paragraph_1bvmi_4 text-sans-m _description_ygndg_56\">Finansminister. Uttalt 6. mai 2025. <\/p>\n<p class=\"_paragraph_1bvmi_4 _paragraph_xtcu6_10 layout-component text-serif-m layout-normal text-serif-m layout-padded\">Det uttalte finansministeren <a href=\"https:\/\/www.theguardian.com\/world\/2025\/may\/06\/hamas-israel-hunger-war-in-gaza\" class=\"_link_1bvmi_39\" rel=\"nofollow noopener\" target=\"_blank\">6. mai<\/a>, like etter at planen om \u00e5 erobre hele Gaza ble godkjent.<\/p>\n<p class=\"_paragraph_1bvmi_4 _paragraph_xtcu6_10 layout-component text-serif-m layout-normal text-serif-m layout-padded\">VG har kontaktet kontoret til Smotrich, men har ikke f\u00e5tt svar. <\/p>\n<p class=\"_paragraph_1bvmi_4 _paragraph_xtcu6_10 layout-component text-serif-m layout-normal text-serif-m layout-padded\">Forrige helg sa Smotrich videre:<\/p>\n<p class=\"_paragraph_1bvmi_4 _paragraph_xtcu6_10 layout-component text-serif-m layout-normal text-serif-m layout-padded\">\u00abDen som ikke evakuerer, ikke la dem. Null vann, null elektrisitet, de kan d\u00f8 av sult eller overgi seg. Dette er hva vi vil &#8230;\u00bb<\/p>\n<p class=\"_paragraph_1bvmi_4 _paragraph_xtcu6_10 layout-component text-serif-m layout-normal text-serif-m layout-padded\">Flere palestinere <a href=\"https:\/\/www.vg.no\/nyheter\/i\/al61b4\/israel-inntar-gaza-by-som-aa-vente-paa-doeden\" data-track-element-type=\"Link\" data-track-id=\"link:al61b4\" class=\"_link_1bvmi_39\" rel=\"nofollow noopener\" target=\"_blank\">VG snakker med<\/a> inne i Gaza by forteller at de ikke har krefter igjen til \u00e5 flykte nok en gang. De har bestemt seg for \u00e5 bli i byen.<\/p>\n<p><img alt=\"Foto: BASHAR TALEB \/ AFP \/ NTB\" class=\"_image_qp4xg_65 layout-component layout-fullscreen\" data-fullscreen- data-track-element-type=\"Article image fullscreen\" data-track-name=\"ImageFullscreen\" decoding=\"async\" loading=\"lazy\" height=\"3872\" itemprop=\"image\"  src=\"https:\/\/www.europesays.com\/no\/wp-content\/uploads\/2025\/08\/94b94429-881e-4f2b-8b53-3ae6769993ad\"  style=\"object-position:52.410468319559236% 50.878099173553714%\" width=\"5808\"\/>Foto: BASHAR TALEB \/ AFP \/ NTB\u2013 Oppfordrer til folkemord<\/p>\n<p class=\"_paragraph_1bvmi_4 _paragraph_xtcu6_10 layout-component text-serif-m layout-normal text-serif-m layout-padded\">I juli konkluderte Israels eldste menneskerettighetsorganisasjonen, B&#8217;Tselem, at Israel beg\u00e5r folkemord i Gaza.<\/p>\n<p class=\"_paragraph_1bvmi_4 _paragraph_xtcu6_10 layout-component text-serif-m layout-normal text-serif-m layout-padded\">Den faktiske situasjonen p\u00e5 bakken i Gaza, er avgj\u00f8rende i begrunnelsen, men det samme er uttalelsene du leser her.<\/p>\n<p class=\"_paragraph_1bvmi_4 _paragraph_xtcu6_10 layout-component text-serif-m layout-normal text-serif-m layout-padded\">\u2013 Ordbruken er sv\u00e6rt tydelig, og oppfordrer \u00e5pent til folkemord, til utslettelse, til \u00e5 slette Gaza, til hevn mot hele befolkningen og mer, det sier talsperson Yair Dvir i B\u2019Tselem i et intervju med VG.<\/p>\n<p><img decoding=\"async\" alt=\"Bilde av Yair Dvir\" class=\"_image_ygndg_42\" height=\"47\" itemprop=\"image\" loading=\"lazy\"  src=\"https:\/\/www.europesays.com\/no\/wp-content\/uploads\/2025\/08\/9b12eb5a-605d-4320-bb6f-d938b1d4ff47\"  width=\"40\"\/><strong class=\"_name_ygndg_51 title-serif-xs\">Yair Dvir<\/strong><\/p>\n<p class=\"_paragraph_1bvmi_4 text-sans-m _description_ygndg_56\">Talsperson i B\u2019Tselem<\/p>\n<p class=\"_paragraph_1bvmi_4 _paragraph_xtcu6_10 layout-component text-serif-m layout-normal text-serif-m layout-padded\">Han sier at uttalelsene \u00abuten tvil\u00bb vil bli brukt i en eventuell fremtidig rettssak mot Netanyahu i Den internasjonale domstolen i Haag.<\/p>\n<p class=\"_paragraph_1bvmi_4 _paragraph_xtcu6_10 layout-component text-serif-m layout-normal text-serif-m layout-padded\">\u2013 N\u00e5r man ser hvordan disse uttalelsene ikke bare forble ord, men ble til en klar politikk med bevisst og systematisk skade mot hele Gazas befolkning \u2013 systematisk sult, vilk\u00e5rlige bombinger, tvangsforflytning og mer \u2013 blir det \u00e5penbart at intensjonen var helt tydelig fra starten og fortsatt er det i dag, sier han. <\/p>\n<p class=\"_paragraph_1bvmi_4 _paragraph_xtcu6_10 layout-component text-serif-m layout-normal text-serif-m layout-padded\">Han har en klar teori p\u00e5 hvorfor israelske ledere fortsetter \u00e5 uttale seg p\u00e5 denne m\u00e5ten:<\/p>\n<p class=\"_paragraph_1bvmi_4 _paragraph_xtcu6_10 layout-component text-serif-m layout-normal text-serif-m layout-padded\">\u2013 De tror de aldri vil bli holdt ansvarlige. <\/p>\n<p class=\"_paragraph_1bvmi_4 _paragraph_xtcu6_10 layout-component text-serif-m layout-normal text-serif-m layout-padded\">Dvir mener flere av de israelske politikerne er stolte av det Israel har gjort i Gaza.<\/p>\n<p class=\"_paragraph_1bvmi_4 _paragraph_xtcu6_10 layout-component text-serif-m layout-normal text-serif-m layout-padded\">\u2013 De ser ingen grunn til \u00e5 skjule en slik stolthet.<\/p>\n<p><img decoding=\"async\" alt=\"Bilde av Nevo Cohen \" class=\"_image_ygndg_42\" height=\"87\" itemprop=\"image\" loading=\"lazy\"  src=\"https:\/\/www.europesays.com\/no\/wp-content\/uploads\/2025\/08\/45944ebb-554f-4790-9235-d2bfeab608fd\"  width=\"40\"\/><strong class=\"_name_ygndg_51 title-serif-xs\">Nevo Cohen <\/strong><\/p>\n<p class=\"_paragraph_1bvmi_4 text-sans-m _description_ygndg_56\">Politisk r\u00e5dgiver<\/p>\n<p>\u00abWoke-agendaen til venstreside-europeere\u00bb<\/p>\n<p class=\"_paragraph_1bvmi_4 _paragraph_xtcu6_10 layout-component text-serif-m layout-normal text-serif-m layout-padded\">Nevo Cohen jobber som politisk r\u00e5dgiver i Israel, og har av den sv\u00e6rt omstridte politikeren Ben Gvir selv <a href=\"https:\/\/www.haaretz.com\/israel-news\/2022-12-15\/ty-article-magazine\/.premium\/meet-the-mind-behind-israeli-far-rights-victorious-campaign\/00000185-1115-d374-a1ad-b9bd47450000\" class=\"_link_1bvmi_39\" rel=\"nofollow noopener\" target=\"_blank\">f\u00e5tt \u00e6ren<\/a> for \u00e5 ha brakt sikkerhetsministeren til makten.<\/p>\n<p class=\"_paragraph_1bvmi_4 _paragraph_xtcu6_10 layout-component text-serif-m layout-normal text-serif-m layout-padded\">Cohen st\u00f8tter Israels fremferd i Gaza.<\/p>\n<p class=\"_paragraph_1bvmi_4 _paragraph_xtcu6_10 layout-component text-serif-m layout-normal text-serif-m layout-padded\">VG har stilt ham flere sp\u00f8rsm\u00e5l om uttalelsene presentert i denne artikkelen, og hvordan han mener de blir sett p\u00e5 innad i Israel. <\/p>\n<p class=\"_paragraph_1bvmi_4 _paragraph_xtcu6_10 layout-component text-serif-m layout-normal text-serif-m layout-padded\">\u2013 Ingen i Israel \u00f8nsker \u00e5 se at uskyldige blir skadet. Noen av disse uttalelsene ble gitt i dagene n\u00e5r Israels eksistens ble truet, og Hamas-terrorister drepte og lynsjet israelere. <\/p>\n<p class=\"_paragraph_1bvmi_4 _paragraph_xtcu6_10 layout-component text-serif-m layout-normal text-serif-m layout-padded\">Men han sier at det israelske lederskapet ikke kan ignorere at \u00abp\u00e5 v\u00e5r grense har Hamas bygd et grufullt samfunn\u00bb. Han mener videre at Europa m\u00e5 g\u00e5 i seg selv, f\u00f8r de kritiserer Israel.<\/p>\n<p class=\"_paragraph_1bvmi_4 _paragraph_xtcu6_10 layout-component text-serif-m layout-normal text-serif-m layout-padded\"><strong class=\"_strong_1bvmi_25\">\u2013 Israelere syns det er forkastelig at woke-agendaen til noen venstreside-europeere, som ford\u00f8mmer Israels selvforsvar, glemmer at europeere drepte millioner av j\u00f8der i Tyskland. <\/strong><\/p>\n<p><img alt=\"SPLITTET: Mange israelere er splittet i synet p\u00e5 krigen. Dette bildet er fra en pro-israel-markering i Canada, 7. oktober, 2024.  Foto: Ryan Remiorz \/ Pa Photos \/ NTB\" class=\"_image_qp4xg_65 layout-component layout-normal\" data-fullscreen- data-track-element-type=\"Article image fullscreen\" data-track-name=\"ImageFullscreen\" decoding=\"async\" loading=\"lazy\" height=\"4894\" itemprop=\"image\"  src=\"https:\/\/www.europesays.com\/no\/wp-content\/uploads\/2025\/08\/cbfac799-3646-4c6a-9008-9b03637ae93c\"  style=\"object-position:0% 0%\" width=\"6522\"\/>SPLITTET: Mange israelere er splittet i synet p\u00e5 krigen. Dette bildet er fra en pro-israel-markering i Canada, 7. oktober, 2024.  Foto: Ryan Remiorz \/ Pa Photos \/ NTBFolkemordsekspert: Konsekvent m\u00f8nster<\/p>\n<p class=\"_paragraph_1bvmi_4 _paragraph_xtcu6_10 layout-component text-serif-m layout-normal text-serif-m layout-padded\">Melanie O&#8217;Brien er president i International Association of Genocide Scholars, er uenig med Cohen og andre israelerne som tar lederne i forsvar.<\/p>\n<p class=\"_paragraph_1bvmi_4 _paragraph_xtcu6_10 layout-component text-serif-m layout-normal text-serif-m layout-padded\">Hun mener israelske politiske og milit\u00e6re lederes uttalelser viser to aspekter ved folkemord.<\/p>\n<p><img alt=\"Et barn behandles etter en israelsk angrep mot flyktningleiren Nuseirat i sentrale Gaza i juli.  Foto: EYAD BABA \/ AFP \/ NTB\" class=\"_image_qp4xg_65 layout-component layout-normal\" data-fullscreen- data-track-element-type=\"Article image fullscreen\" data-track-name=\"ImageFullscreen\" decoding=\"async\" loading=\"lazy\" height=\"3648\" itemprop=\"image\"  src=\"https:\/\/www.europesays.com\/no\/wp-content\/uploads\/2025\/08\/23d90ce9-5c15-4ff1-8ab3-8f41985c1ee3\"  style=\"object-position:0% 0%\" width=\"5472\"\/>Et barn behandles etter en israelsk angrep mot flyktningleiren Nuseirat i sentrale Gaza i juli.  Foto: EYAD BABA \/ AFP \/ NTB<\/p>\n<p class=\"_paragraph_1bvmi_4 _paragraph_xtcu6_10 layout-component text-serif-m layout-normal text-serif-m layout-padded\">\u2013 F\u00f8rst og fremst er slike uttalelser oppvigling til folkemord, som direkte oppfordrer til vold mot palestinere. For det andre demonstrerer de intensjonen om \u00e5 beg\u00e5 folkemord gjennom direkte uttalelser om \u00e5 drepe palestinere: At det ikke spiller noen rolle om palestinere d\u00f8r, og hvordan de b\u00f8r sultes i hjel, sier O&#8217;Brien til VG.<\/p>\n<p class=\"_paragraph_1bvmi_4 _paragraph_xtcu6_10 layout-component text-serif-m layout-normal text-serif-m layout-padded\">Hun peker p\u00e5 et klart m\u00f8nster av dehumanisering av palestinere. O&#8217;Brien mener uttalelsene vil v\u00e6re n\u00f8kkelbevis mot Israel i internasjonale domstolssaker.<\/p>\n<p class=\"_paragraph_1bvmi_4 _paragraph_xtcu6_10 layout-component text-serif-m layout-normal text-serif-m layout-padded\">\u2013 Med et s\u00e5 konsekvent m\u00f8nster over lang tid, demonstrerer det at intensjonen er \u00e5 drepe palestinere, sier hun.<\/p>\n<p> <img decoding=\"async\" alt=\"Kyrre Lien\" class=\"_image_8qg3d_185\" src=\"https:\/\/www.europesays.com\/no\/wp-content\/uploads\/2025\/08\/1756476494_435_4bd4fafe-13b9-4b5b-a584-2321d2512207\" width=\"480\"\/>Amund Bakke Foss<\/p>\n<p class=\"text-sans-s\">Utenriksjournalist<\/p>\n<p><img decoding=\"async\" alt=\"Amund Bakke Foss\" class=\"_image_8qg3d_185\" src=\"https:\/\/www.europesays.com\/no\/wp-content\/uploads\/2025\/08\/1756476495_445_b1c0513a-25cc-4ed8-a6d1-f2cd16e8f69e\" width=\"480\"\/>     <\/p>\n","protected":false},"excerpt":{"rendered":"Nylig lekket et lydopptak av tidligere generalmajor i IDF, Aharon Haliva, til israelske Kanal 12. Haliva var sjef&hellip;\n","protected":false},"author":2,"featured_media":21489,"comment_status":"","ping_status":"","sticky":false,"template":"","format":"standard","meta":{"footnotes":""},"categories":[12],"tags":[20,21,24,25,15,1243,22,23,13,30,28,29,14,16,26,27,42,43,44,45],"class_list":{"0":"post-21488","1":"post","2":"type-post","3":"status-publish","4":"format-standard","5":"has-post-thumbnail","7":"category-verden","8":"tag-breaking-news","9":"tag-breakingnews","10":"tag-featured-news","11":"tag-featurednews","12":"tag-headlines","13":"tag-israel-palestina","14":"tag-latest-news","15":"tag-latestnews","16":"tag-news","17":"tag-no","18":"tag-norge","19":"tag-norway","20":"tag-nyheter","21":"tag-overskrifter","22":"tag-top-stories","23":"tag-topstories","24":"tag-verden","25":"tag-world","26":"tag-world-news","27":"tag-worldnews"},"share_on_mastodon":{"url":"","error":""},"_links":{"self":[{"href":"https:\/\/www.europesays.com\/no\/wp-json\/wp\/v2\/posts\/21488","targetHints":{"allow":["GET"]}}],"collection":[{"href":"https:\/\/www.europesays.com\/no\/wp-json\/wp\/v2\/posts"}],"about":[{"href":"https:\/\/www.europesays.com\/no\/wp-json\/wp\/v2\/types\/post"}],"author":[{"embeddable":true,"href":"https:\/\/www.europesays.com\/no\/wp-json\/wp\/v2\/users\/2"}],"replies":[{"embeddable":true,"href":"https:\/\/www.europesays.com\/no\/wp-json\/wp\/v2\/comments?post=21488"}],"version-history":[{"count":0,"href":"https:\/\/www.europesays.com\/no\/wp-json\/wp\/v2\/posts\/21488\/revisions"}],"wp:featuredmedia":[{"embeddable":true,"href":"https:\/\/www.europesays.com\/no\/wp-json\/wp\/v2\/media\/21489"}],"wp:attachment":[{"href":"https:\/\/www.europesays.com\/no\/wp-json\/wp\/v2\/media?parent=21488"}],"wp:term":[{"taxonomy":"category","embeddable":true,"href":"https:\/\/www.europesays.com\/no\/wp-json\/wp\/v2\/categories?post=21488"},{"taxonomy":"post_tag","embeddable":true,"href":"https:\/\/www.europesays.com\/no\/wp-json\/wp\/v2\/tags?post=21488"}],"curies":[{"name":"wp","href":"https:\/\/api.w.org\/{rel}","templated":true}]}}