{"id":215001,"date":"2026-04-17T13:45:28","date_gmt":"2026-04-17T13:45:28","guid":{"rendered":"https:\/\/www.europesays.com\/no\/215001\/"},"modified":"2026-04-17T13:45:28","modified_gmt":"2026-04-17T13:45:28","slug":"stor-skogbrannfare-namdalen-advarer-mot-stor-skogbrannfare","status":"publish","type":"post","link":"https:\/\/www.europesays.com\/no\/215001\/","title":{"rendered":"Stor skogbrannfare, Namdalen | Advarer mot stor skogbrannfare"},"content":{"rendered":"\n<p><b>NAMDALEN:<\/b> \u2013 Lokalt stor gress- og lyngbrannfare i sn\u00f8frie omr\u00e5der inntil det kommer nedb\u00f8r av betydning, melder Meteorologisk institutt i det oppdaterte farevarselet som er sendt ut torsdag ettermiddag.<\/p>\n<p>Farevarselet er hevet fra gult til oransje. Oransje farevarsel sendes ut \u00abn\u00e5r konsekvensene vil bli omfattende for mange mennesker\u00bb.<\/p>\n<p>Meteorologisk institutt viser til at skogbrannfaren er stor, og at vegetasjonen kan antennes sv\u00e6rt lett.<\/p>\n<p>\u2013 Veldig store omr\u00e5der kan bli ber\u00f8rt. Ikke bruk \u00e5pen ild. F\u00f8lg instruksjoner fra lokale myndigheter, if\u00f8lge Meteorologisk institutt.<\/p>\n<p>Skummel kombinasjon<\/p>\n<p>\u2013 Folk m\u00e5 utvise enda st\u00f8rre forsiktighet ved bruk av \u00e5pen ild, sier Nikolay Vatne, leder forebyggende i Namsos brann og redning.<\/p>\n<p>\u2013 De m\u00e5 ogs\u00e5 ta innover seg ansvaret som p\u00e5ligger den som tenner p\u00e5. N\u00e5 er det st\u00f8rre sjanse for at et b\u00e5l kan f\u00f8re til brann.<\/p>\n<p>Han peker p\u00e5 at kombinasjonen t\u00f8rt terreng og vind er skummel.<\/p>\n<p>\u2013 Den kombinasjonen er vi veldig redd, sier Vatne.<\/p>\n<p>Han forteller at det kan f\u00f8re til gnister som flyr av g\u00e5rde.<\/p>\n<p>Brannsjef H\u00e5vard S\u00e6ther i Namsos forteller at brannvesenet har rykket ut p\u00e5 \u00aben del\u00bb tilfeller den siste tida. Han peker p\u00e5 to \u00e5rsaker til at det kan g\u00e5 galt.<\/p>\n<p>\u2013 Man tror b\u00e5let er slokket helt. Men s\u00e5 er det ikke det likevel. Gl\u00f8rne kan g\u00e5 dypt ned i terrenget. Samtidig kan gl\u00f8r bli tatt av vinden og spre seg i skogen.<\/p>\n<p>\u2013 Utvise s\u00e6rdeles forsiktighet<\/p>\n<p>\u2013 Hvilket r\u00e5d har dere til namdalingene?<\/p>\n<p>\u2013 R\u00e5det er som tidligere; utvise s\u00e6rdeles forsiktighet ved bruk av ild, svarer Nikolay Vatne.<\/p>\n<p>Han viser til at det generelle b\u00e5lforbudet har tr\u00e5dt i kraft.<\/p>\n<p>\u2013 Men det betyr ikke at det aldri er lov til \u00e5 gj\u00f8re opp ild, understreker han.<\/p>\n<p>\u2013 Det er ikke noe i vegen for \u00e5 tenne et b\u00e5l, hvis man for eksempel befinner seg i et omr\u00e5de med sn\u00f8, som i R\u00f8yrvik. Men det handler om forholdene p\u00e5 plassene.<\/p>\n<p>Brannsjef S\u00e6ther peker p\u00e5 at det handler om sunn fornuft.<\/p>\n<p>\u2013 Men er man i tvil: Ikke tenn opp!<\/p>\n<p>\u2013 Det hender vi f\u00e5r telefoner fra folk om de kan tenne opp n\u00e5r det bl\u00e5ser. Svaret er: Ikke tenn b\u00e5l, tilf\u00f8yer Vatne.<\/p>\n<p>P\u00e5 grunn av det oppjusterte farevarselet er skogbrannhelikopteret i beredskap p\u00e5 V\u00e6rnes.<\/p>\n<p>P\u00e5 sp\u00f8rsm\u00e5l om Namsos brann og redning \u00f8ker bemanninga p\u00e5 grunn av den \u00f8kte brannfaren, svarer brannsjefen f\u00f8lgende:<\/p>\n<p>\u2013 Det eksisterer et samarbeid mellom brannvesen lokalt om \u00e5 hjelpe hverandre om det er behov for det. Det er ikke s\u00e5nn at vi har flere p\u00e5 vakt. Men det blir kalt ut folk ved behov.<\/p>\n","protected":false},"excerpt":{"rendered":"NAMDALEN: \u2013 Lokalt stor gress- og lyngbrannfare i sn\u00f8frie omr\u00e5der inntil det kommer nedb\u00f8r av betydning, melder Meteorologisk&hellip;\n","protected":false},"author":2,"featured_media":215002,"comment_status":"","ping_status":"","sticky":false,"template":"","format":"standard","meta":{"footnotes":"","_share_on_mastodon":"0"},"categories":[10],"tags":[36,20,21,24,25,15,22,23,1202,3158,13,30,28,29,14,16,20583,1510,26,27],"class_list":["post-215001","post","type-post","status-publish","format-standard","has-post-thumbnail","category-norge","tag-art","tag-breaking-news","tag-breakingnews","tag-featured-news","tag-featurednews","tag-headlines","tag-latest-news","tag-latestnews","tag-meteorologisk-institutt","tag-namdalen","tag-news","tag-no","tag-norge","tag-norway","tag-nyheter","tag-overskrifter","tag-stor-skogbrannfare","tag-story","tag-top-stories","tag-topstories"],"share_on_mastodon":{"url":"https:\/\/pubeurope.com\/@no\/116420354191777023","error":""},"_links":{"self":[{"href":"https:\/\/www.europesays.com\/no\/wp-json\/wp\/v2\/posts\/215001","targetHints":{"allow":["GET"]}}],"collection":[{"href":"https:\/\/www.europesays.com\/no\/wp-json\/wp\/v2\/posts"}],"about":[{"href":"https:\/\/www.europesays.com\/no\/wp-json\/wp\/v2\/types\/post"}],"author":[{"embeddable":true,"href":"https:\/\/www.europesays.com\/no\/wp-json\/wp\/v2\/users\/2"}],"replies":[{"embeddable":true,"href":"https:\/\/www.europesays.com\/no\/wp-json\/wp\/v2\/comments?post=215001"}],"version-history":[{"count":0,"href":"https:\/\/www.europesays.com\/no\/wp-json\/wp\/v2\/posts\/215001\/revisions"}],"wp:featuredmedia":[{"embeddable":true,"href":"https:\/\/www.europesays.com\/no\/wp-json\/wp\/v2\/media\/215002"}],"wp:attachment":[{"href":"https:\/\/www.europesays.com\/no\/wp-json\/wp\/v2\/media?parent=215001"}],"wp:term":[{"taxonomy":"category","embeddable":true,"href":"https:\/\/www.europesays.com\/no\/wp-json\/wp\/v2\/categories?post=215001"},{"taxonomy":"post_tag","embeddable":true,"href":"https:\/\/www.europesays.com\/no\/wp-json\/wp\/v2\/tags?post=215001"}],"curies":[{"name":"wp","href":"https:\/\/api.w.org\/{rel}","templated":true}]}}