{"id":21510,"date":"2025-08-29T14:29:08","date_gmt":"2025-08-29T14:29:08","guid":{"rendered":"https:\/\/www.europesays.com\/no\/21510\/"},"modified":"2025-08-29T14:29:08","modified_gmt":"2025-08-29T14:29:08","slug":"per-arne-totland-om-fritz-wedel-jarlsberg-superkjendis","status":"publish","type":"post","link":"https:\/\/www.europesays.com\/no\/21510\/","title":{"rendered":"(+) Per Arne Totland om Fritz Wedel Jarlsberg: \u2013 Superkjendis"},"content":{"rendered":"\n<p class=\"_lead_1bvmi_2 _lead_xtcu6_50 layout-component text-serif-m layout-normal text-serif-l layout-component layout-wide layout-padded _wide_17hqh_1 layout-padded\">Fritz Wedel Jarlsberg var som et vandrende revynummer. En selvopptatt skrytepave skvalpende full av champagne og seg selv. Samtidig var den \u00e5pent homofile baronen Norges viktigste mann \u2013 som skaffet landet et kongehus og suverenitet over Svalbard.<\/p>\n<p><img alt=\"EKSENTRISK ARISTOKRAT: Fritz Wedel Jarlsberg if\u00f8rt ministeruniformen som Norges sendemann. Bildet er tatt like f\u00f8r han m\u00e5tte evakuere Paris etter krigsutbruddet i 1940 og g\u00e5 i eksil i n\u00f8ytrale Portugal.  Foto: WJA\" class=\"_image_qp4xg_65 layout-component layout-wide\" data-fullscreen- data-track-element-type=\"Article image fullscreen\" data-track-name=\"ImageFullscreen\" fetchpriority=\"high\" decoding=\"sync\" loading=\"eager\" height=\"3545\" itemprop=\"image\"  src=\"https:\/\/www.europesays.com\/no\/wp-content\/uploads\/2025\/08\/de2e9234-898a-4f3e-9b84-d24b96c5a046\"  style=\"object-position:0% 0%\" width=\"3942\"\/>EKSENTRISK ARISTOKRAT: Fritz Wedel Jarlsberg if\u00f8rt ministeruniformen som Norges sendemann. Bildet er tatt like f\u00f8r han m\u00e5tte evakuere Paris etter krigsutbruddet i 1940 og g\u00e5 i eksil i n\u00f8ytrale Portugal.  Foto: WJA<\/p>\n<ul aria-hidden=\"true\" class=\"_images_1y6fe_106\">\n<li><a class=\"_link_1y6fe_111\" href=\"https:\/\/www.vg.no\/forfatter\/yngve-kvistad\" style=\"z-index:2\" title=\"Yngve Kvistad\" rel=\"nofollow noopener\" target=\"_blank\"><img alt=\"Bilde av Yngve Kvistad\" class=\"_image_1y6fe_88\" fetchpriority=\"low\" loading=\"lazy\" decoding=\"async\" itemprop=\"image\"  src=\"https:\/\/www.europesays.com\/no\/wp-content\/uploads\/2025\/08\/1756477747_481_e064fa68-a4f4-4185-8846-0cea163ada68\"  width=\"480\"\/><\/a><\/li>\n<li><a class=\"_link_1y6fe_111\" href=\"https:\/\/www.vg.no\/forfatter\/mattis-sandblad-foto\" style=\"z-index:1\" title=\"Mattis Sandblad (foto)\" rel=\"nofollow noopener\" target=\"_blank\"><img alt=\"Bilde av Mattis Sandblad (foto)\" class=\"_image_1y6fe_88\" fetchpriority=\"low\" loading=\"lazy\" decoding=\"async\" itemprop=\"image\"  src=\"https:\/\/www.europesays.com\/no\/wp-content\/uploads\/2025\/08\/1756477748_642_7455a515-0db1-4245-b708-b7bde86f8dc1\"  width=\"480\"\/><\/a><\/li>\n<\/ul>\n<p> Oppdatert fredag 29. august kl. 16:04     <\/p>\n<p class=\"_paragraph_1bvmi_4 _paragraph_xtcu6_10 layout-component text-serif-m layout-normal text-serif-m layout-padded\">\u2013 Det er knapt noen overdrivelse \u00e5 si at Fritz var narraktig. Mange oppfattet ham som en klovn, humrer Per Arne Totland. <\/p>\n<p class=\"_paragraph_1bvmi_4 _paragraph_xtcu6_10 layout-component text-serif-m layout-normal text-serif-m layout-padded\">Etter 18 m\u00e5neders dypdykk i et kuri\u00f8st liv og en eiendommelig karriere er han p\u00e5 fornavn med den eksentriske aristokraten.<\/p>\n<p class=\"_paragraph_1bvmi_4 _paragraph_xtcu6_10 layout-component text-serif-m layout-normal text-serif-m layout-padded\">Han som ga sitt private hjem, Skaugum, i bryllupsgave til kronprinsparet. En delikat transaksjon, som for \u00f8vrig ikke var helt slik som ettertiden har fremstilt den, if\u00f8lge en ny bok.<\/p>\n<p class=\"_paragraph_1bvmi_4 _paragraph_xtcu6_10 layout-component text-serif-m layout-normal text-serif-m layout-padded\">Hva som skjedde da Fritz Wedel Jarlsberg i 1929 skrev til kong Haakon \u00abfor \u00e5 skjenke [sitt] gods til dette lykkelige paret\u00bb \u2013 og kongen takket nei \u2013 kommer vi tilbake til.<\/p>\n","protected":false},"excerpt":{"rendered":"Fritz Wedel Jarlsberg var som et vandrende revynummer. En selvopptatt skrytepave skvalpende full av champagne og seg selv.&hellip;\n","protected":false},"author":2,"featured_media":21511,"comment_status":"","ping_status":"","sticky":false,"template":"","format":"standard","meta":{"footnotes":""},"categories":[12],"tags":[3596,150,20,21,3597,24,25,15,1803,22,23,13,30,28,29,14,16,1644,26,27,42,43,44,45],"class_list":{"0":"post-21510","1":"post","2":"type-post","3":"status-publish","4":"format-standard","5":"has-post-thumbnail","7":"category-verden","8":"tag-adel","9":"tag-bok","10":"tag-breaking-news","11":"tag-breakingnews","12":"tag-diplomati","13":"tag-featured-news","14":"tag-featurednews","15":"tag-headlines","16":"tag-kongehuset","17":"tag-latest-news","18":"tag-latestnews","19":"tag-news","20":"tag-no","21":"tag-norge","22":"tag-norway","23":"tag-nyheter","24":"tag-overskrifter","25":"tag-svalbard","26":"tag-top-stories","27":"tag-topstories","28":"tag-verden","29":"tag-world","30":"tag-world-news","31":"tag-worldnews"},"share_on_mastodon":{"url":"","error":""},"_links":{"self":[{"href":"https:\/\/www.europesays.com\/no\/wp-json\/wp\/v2\/posts\/21510","targetHints":{"allow":["GET"]}}],"collection":[{"href":"https:\/\/www.europesays.com\/no\/wp-json\/wp\/v2\/posts"}],"about":[{"href":"https:\/\/www.europesays.com\/no\/wp-json\/wp\/v2\/types\/post"}],"author":[{"embeddable":true,"href":"https:\/\/www.europesays.com\/no\/wp-json\/wp\/v2\/users\/2"}],"replies":[{"embeddable":true,"href":"https:\/\/www.europesays.com\/no\/wp-json\/wp\/v2\/comments?post=21510"}],"version-history":[{"count":0,"href":"https:\/\/www.europesays.com\/no\/wp-json\/wp\/v2\/posts\/21510\/revisions"}],"wp:featuredmedia":[{"embeddable":true,"href":"https:\/\/www.europesays.com\/no\/wp-json\/wp\/v2\/media\/21511"}],"wp:attachment":[{"href":"https:\/\/www.europesays.com\/no\/wp-json\/wp\/v2\/media?parent=21510"}],"wp:term":[{"taxonomy":"category","embeddable":true,"href":"https:\/\/www.europesays.com\/no\/wp-json\/wp\/v2\/categories?post=21510"},{"taxonomy":"post_tag","embeddable":true,"href":"https:\/\/www.europesays.com\/no\/wp-json\/wp\/v2\/tags?post=21510"}],"curies":[{"name":"wp","href":"https:\/\/api.w.org\/{rel}","templated":true}]}}