{"id":21512,"date":"2025-08-29T14:30:12","date_gmt":"2025-08-29T14:30:12","guid":{"rendered":"https:\/\/www.europesays.com\/no\/21512\/"},"modified":"2025-08-29T14:30:12","modified_gmt":"2025-08-29T14:30:12","slug":"vefsn-trafikk-reagerte-pa-hoy-vannstrale-opp-fra-bakken-ingen-vannledninger-er-gravd-av","status":"publish","type":"post","link":"https:\/\/www.europesays.com\/no\/21512\/","title":{"rendered":"Vefsn, Trafikk | Reagerte p\u00e5 h\u00f8y vannstr\u00e5le opp fra bakken: \u2013 Ingen vannledninger er gravd av"},"content":{"rendered":"\n<p>Fredag fikk Helgelendingen tips om at noen hadde gravd over ei vannledning p\u00e5 Olderskog. Tipseren hadde blant annet f\u00e5tt med seg at det sto en h\u00f8y vannstr\u00e5le opp fra bakken.<\/p>\n<p>Men alt hadde sin naturlige forklaring.<\/p>\n<p>\u2013 Det er ingen vannledningen som er gravd av, forteller arbeiderne p\u00e5 omr\u00e5det.<\/p>\n<p>Vannspruten kom rett og slett da en r\u00f8rlegger i forbindelse med at en r\u00f8rlegger stoppet vannet i gata.<\/p>\n<p>\u00c5rsaken til at gatene graves opp er at det skal byttes vann og avl\u00f8p i omr\u00e5det, f\u00f8r det videre f\u00f8lges opp med veioppbygging og ny gatebelysning.<\/p>\n<p>\u2013 R\u00f8rene i omr\u00e5det er fra 1950-tallet, og vi har hatt mye problemer med vannlekkasjer og r\u00f8rbrudd p\u00e5 avl\u00f8p. S\u00e5 det er absolutt p\u00e5 tide \u00e5 f\u00e5 jobben gjort, sa Per Inge Str\u00f8m til Helgelendingen i forbindelse med en sak fra omr\u00e5det i v\u00e5r.<\/p>\n<p>H\u00e5pet er at de skal v\u00e6re ferdige med mesteparten av jobben i november.<\/p>\n<p>  <a href=\"https:\/\/www.helg.no\/5-24-1050665\" class=\"related-teaser has-image default-story-teaser article--c-eRUmMG article--c-eRUmMG-jKCPdD-design-default\" rel=\"nofollow noopener\" target=\"_blank\"><\/p>\n<p>    <img decoding=\"async\" loading=\"lazy\"  src=\"https:\/\/www.europesays.com\/no\/wp-content\/uploads\/2025\/08\/1756477812_879_VO-1.jpg\" alt=\"\" class=\"brick-c-cFOWSL\" style=\"\"\/><\/p>\n<p>\n            Les ogs\u00e5<\/p>\n<p>              Ble utsatt i \u00e5tte m\u00e5neder, men n\u00e5 starter jobben for fullt: \u2013 Vi har hatt mye problemer i omr\u00e5det\n        <\/p>\n<p>  <\/a><\/p>\n<p>Les mer om: artikkelemnene<\/p>\n","protected":false},"excerpt":{"rendered":"Fredag fikk Helgelendingen tips om at noen hadde gravd over ei vannledning p\u00e5 Olderskog. Tipseren hadde blant annet&hellip;\n","protected":false},"author":2,"featured_media":21513,"comment_status":"","ping_status":"","sticky":false,"template":"","format":"standard","meta":{"footnotes":""},"categories":[10],"tags":[465,36,20,21,24,25,15,22,23,13,30,28,29,14,3598,16,1510,26,27,224,1507,1203],"class_list":{"0":"post-21512","1":"post","2":"type-post","3":"status-publish","4":"format-standard","5":"has-post-thumbnail","7":"category-norge","8":"tag-arbeidsliv","9":"tag-art","10":"tag-breaking-news","11":"tag-breakingnews","12":"tag-featured-news","13":"tag-featurednews","14":"tag-headlines","15":"tag-latest-news","16":"tag-latestnews","17":"tag-news","18":"tag-no","19":"tag-norge","20":"tag-norway","21":"tag-nyheter","22":"tag-olderskog","23":"tag-overskrifter","24":"tag-story","25":"tag-top-stories","26":"tag-topstories","27":"tag-trafikk","28":"tag-vann-og-avlop","29":"tag-vefsn"},"share_on_mastodon":{"url":"","error":""},"_links":{"self":[{"href":"https:\/\/www.europesays.com\/no\/wp-json\/wp\/v2\/posts\/21512","targetHints":{"allow":["GET"]}}],"collection":[{"href":"https:\/\/www.europesays.com\/no\/wp-json\/wp\/v2\/posts"}],"about":[{"href":"https:\/\/www.europesays.com\/no\/wp-json\/wp\/v2\/types\/post"}],"author":[{"embeddable":true,"href":"https:\/\/www.europesays.com\/no\/wp-json\/wp\/v2\/users\/2"}],"replies":[{"embeddable":true,"href":"https:\/\/www.europesays.com\/no\/wp-json\/wp\/v2\/comments?post=21512"}],"version-history":[{"count":0,"href":"https:\/\/www.europesays.com\/no\/wp-json\/wp\/v2\/posts\/21512\/revisions"}],"wp:featuredmedia":[{"embeddable":true,"href":"https:\/\/www.europesays.com\/no\/wp-json\/wp\/v2\/media\/21513"}],"wp:attachment":[{"href":"https:\/\/www.europesays.com\/no\/wp-json\/wp\/v2\/media?parent=21512"}],"wp:term":[{"taxonomy":"category","embeddable":true,"href":"https:\/\/www.europesays.com\/no\/wp-json\/wp\/v2\/categories?post=21512"},{"taxonomy":"post_tag","embeddable":true,"href":"https:\/\/www.europesays.com\/no\/wp-json\/wp\/v2\/tags?post=21512"}],"curies":[{"name":"wp","href":"https:\/\/api.w.org\/{rel}","templated":true}]}}