{"id":21516,"date":"2025-08-29T14:32:11","date_gmt":"2025-08-29T14:32:11","guid":{"rendered":"https:\/\/www.europesays.com\/no\/21516\/"},"modified":"2025-08-29T14:32:11","modified_gmt":"2025-08-29T14:32:11","slug":"fotball-idrett-fotballens-dobbelstandard-guttene-satser-jentene-ma-sta-pa-sidelinja","status":"publish","type":"post","link":"https:\/\/www.europesays.com\/no\/21516\/","title":{"rendered":"Fotball, Idrett | Fotballens dobbelstandard: Guttene satser, jentene m\u00e5 st\u00e5 p\u00e5 sidelinja"},"content":{"rendered":"\n<p>Mens guttene f\u00e5r egne akademilag med m\u00e5lrettet satsing og tydelige utviklingsl\u00f8p, er tilbudene for jenter fragmenterte og ofte avhengig av enkeltpersoners engasjement.<\/p>\n<p>TIL akademiets form\u00e5l sier det tydelig: \u00ab\u00e5 utvikle nordnorske spillere til \u00e5 bli toppfotballspillere\u00bb. Kall en spade for en spade \u2013 her menes det guttespillere. Ingen omtale av jentespillere, ingen akademiordning for jenter, ingen satsing i samme skala. Nordlys sin reportasje om akademilaget illustrerer dette: den handler kun om guttene, og om hvem som har sl\u00e5tt gjennom eller ikke. Av guttene.<\/p>\n<p><b>Hvor er jentenes akademilag, deres utviklingsl\u00f8p, deres satsing? N\u00e5r mediene og klubbene kun adresserer guttene, sender vi et klart signal: jenter er ikke prioritert.<\/b><\/p>\n<p>P\u00e5 turneringsniv\u00e5 ser vi samme problem: turneringer er \u00e5pne for b\u00e5de gutter og jenter, men guttenes lag fyller raskt opp plassene. Jentelagene bruker lengre tid p\u00e5 \u00e5 samle spillere \u2013 fordi de er i mindretall \u2013 og f\u00e5r ofte beskjed om at turneringen er full. Nok en gang marginaliseres jentene, ikke p\u00e5 grunn av manglende interesse, men fordi guttene dominerer tilbudet.<\/p>\n<p>  <a href=\"https:\/\/www.nordnorskdebatt.no\/5-124-383489\" class=\"related-teaser has-image default-opinion-teaser article--c-eRUmMG article--c-eRUmMG-jKCPdD-design-default\" rel=\"nofollow noopener\" target=\"_blank\"><\/p>\n<p>    <img decoding=\"async\" loading=\"lazy\"  src=\"https:\/\/www.europesays.com\/no\/wp-content\/uploads\/2025\/08\/b269c7e8-6e19-4dac-928e-8295875d906f.bin\" alt=\"\" class=\"brick-c-cFOWSL\" style=\"\"\/><\/p>\n<p>\n            Les ogs\u00e5<\/p>\n<p>              N\u00e5r skal kvinner i idretten f\u00e5 den plassen vi fortjener?\n        <\/p>\n<p>  <\/a><\/p>\n<p>N\u00e5r det gjelder utstyr og synlighet, f\u00f8lger m\u00f8nsteret. Ada Hegerberg, k\u00e5ret til verdens beste fotballspiller, har ingen tilgjengelig drakt, plakat eller merch \u00e5 kj\u00f8pe i Norge \u2013 et nasjonalt eksempel p\u00e5 manglende satsing p\u00e5 jenter. Lokalt ser vi samme tendens: TILs nettbutikk viser kun herrelagets A-lagspillere som modeller for drakter.<\/p>\n<p><b>Krokelvdalen IL har tatt ansvar og kj\u00f8pt inn hijab til de jentene som \u00f8nsker det, for \u00e5 sikre inkludering i fotballkamp uavhengig av religion, kultur eller \u00f8konomi. Men dette er ikke standardisert hos alle klubber.<\/b><\/p>\n<p>Man kan reflektere over hvor mange jenter som ikke spiller fotball \u2013 eller driver med annen idrett \u2013 fordi de ikke har hijab som holder godt nok p\u00e5 h\u00e5ret under kamp, eller fordi de mangler mot, \u00f8konomi eller ressurser til \u00e5 sp\u00f8rre treneren om hjelp eller kj\u00f8pe en selv.<\/p>\n<p><b>Det er p\u00e5 tide at klubbene, mediene og fotballen tar jenter p\u00e5 alvor. Vi trenger synlige rollemodeller, reelle utviklingsmuligheter, draktsett, utstyr og banetid som matcher guttenes.<\/b><\/p>\n<p>For jenter som vil, m\u00e5 tilbudet v\u00e6re like stort, synlig og tilgjengelig.<\/p>\n<p>Hvis vi virkelig vil at flere jenter skal spille fotball, m\u00e5 klubber og medier slutte \u00e5 gj\u00f8re guttene til normen og jentene til et tilleggsfenomen.<\/p>\n","protected":false},"excerpt":{"rendered":"Mens guttene f\u00e5r egne akademilag med m\u00e5lrettet satsing og tydelige utviklingsl\u00f8p, er tilbudene for jenter fragmenterte og ofte&hellip;\n","protected":false},"author":2,"featured_media":21517,"comment_status":"","ping_status":"","sticky":false,"template":"","format":"standard","meta":{"footnotes":""},"categories":[59],"tags":[36,92,2211,3599,539,30,28,29,1533,83,82],"class_list":{"0":"post-21516","1":"post","2":"type-post","3":"status-publish","4":"format-standard","5":"has-post-thumbnail","7":"category-sport","8":"tag-art","9":"tag-fotball","10":"tag-idrett","11":"tag-krokelvdalen-il","12":"tag-likestilling","13":"tag-no","14":"tag-norge","15":"tag-norway","16":"tag-opinion","17":"tag-sport","18":"tag-sports"},"share_on_mastodon":{"url":"","error":""},"_links":{"self":[{"href":"https:\/\/www.europesays.com\/no\/wp-json\/wp\/v2\/posts\/21516","targetHints":{"allow":["GET"]}}],"collection":[{"href":"https:\/\/www.europesays.com\/no\/wp-json\/wp\/v2\/posts"}],"about":[{"href":"https:\/\/www.europesays.com\/no\/wp-json\/wp\/v2\/types\/post"}],"author":[{"embeddable":true,"href":"https:\/\/www.europesays.com\/no\/wp-json\/wp\/v2\/users\/2"}],"replies":[{"embeddable":true,"href":"https:\/\/www.europesays.com\/no\/wp-json\/wp\/v2\/comments?post=21516"}],"version-history":[{"count":0,"href":"https:\/\/www.europesays.com\/no\/wp-json\/wp\/v2\/posts\/21516\/revisions"}],"wp:featuredmedia":[{"embeddable":true,"href":"https:\/\/www.europesays.com\/no\/wp-json\/wp\/v2\/media\/21517"}],"wp:attachment":[{"href":"https:\/\/www.europesays.com\/no\/wp-json\/wp\/v2\/media?parent=21516"}],"wp:term":[{"taxonomy":"category","embeddable":true,"href":"https:\/\/www.europesays.com\/no\/wp-json\/wp\/v2\/categories?post=21516"},{"taxonomy":"post_tag","embeddable":true,"href":"https:\/\/www.europesays.com\/no\/wp-json\/wp\/v2\/tags?post=21516"}],"curies":[{"name":"wp","href":"https:\/\/api.w.org\/{rel}","templated":true}]}}