{"id":215363,"date":"2026-04-17T23:51:17","date_gmt":"2026-04-17T23:51:17","guid":{"rendered":"https:\/\/www.europesays.com\/no\/215363\/"},"modified":"2026-04-17T23:51:17","modified_gmt":"2026-04-17T23:51:17","slug":"siste-nytt-nyhetsmeldinger-moss-avis-3","status":"publish","type":"post","link":"https:\/\/www.europesays.com\/no\/215363\/","title":{"rendered":"Siste nytt: Nyhetsmeldinger &#8211; Moss Avis"},"content":{"rendered":"<ol>\n<li><a href=\"https:\/\/news.google.com\/rss\/articles\/CBMidEFVX3lxTFA3UlpXSXFEQ0szVTM3UzQ3V3NYOXpMbHlueDdfN0RVbkNycURJQzVQcmZndkhZS05Ib1FSenJ3QWFtcS1qQ3Z1RVFZMV9JZEQzNjdjLXM1SThrOEFsYlJHYzZyZk9uaHNmdjVleE1ITjdtWXV6?oc=5\" target=\"_blank\" rel=\"nofollow noopener\">Siste nytt: Nyhetsmeldinger<\/a>&nbsp;&nbsp;Moss Avis<\/li>\n<li><a href=\"https:\/\/news.google.com\/rss\/articles\/CBMimAFBVV95cUxQbFc1dE9sYTlaNkhrV0ZSUnNTLVJRS2pfS3pWcGhZV294aHRNajlmOGdDQzZGOGdGWU1WOXJCcjV1LWxyX050bGFpM2pFcWs4eldaS0hRVmduLXBXQUFKRjhQd3haNUZubVdrcUZmM0RUTEY5WTJNY3VBdnFFb1BtNmN6WDFPdGV6cGh3RUVPVE9qU3FBYTFUVQ?oc=5\" target=\"_blank\" rel=\"nofollow noopener\">Ber folk v\u00e6re forsiktige: \u2013 Respekter b\u00e5lforbudet<\/a>&nbsp;&nbsp;adressa.no<\/li>\n<li><a href=\"https:\/\/news.google.com\/rss\/articles\/CBMiqgFBVV95cUxNbVBWby1lWXp1ZmtQVXNaLVBDVkN2V3FobmdzLVpNVHVBaHY3SjFBeFI1cEpyQmtpa1RqSjNFNTdqeTlMdG43RjJuU19sMm1iSVRIMUl0Sm1GWUlwTEtleHRDQm5iMUpHdTVuWnBzbHMyVzFWTkQyVEYxdTVJQzBlUlFLODA5QmhrdWFzSnlyZlVJNzJrVkZyWU5CdXoyYXBPX2swNF9Qd3Ixdw?oc=5\" target=\"_blank\" rel=\"nofollow noopener\">Eit ekstra brannhelikopter blir sett i beredskap p\u00e5 Vigra i Giske i helga<\/a>&nbsp;&nbsp;NRK<\/li>\n<li><a href=\"https:\/\/news.google.com\/rss\/articles\/CBMilwFBVV95cUxNQUZIM3dMT1dQUmpLWFU2Z2EyYVVQMHJxY3NwanltY0VaVU51UkVROWF2NUFZWEZvc3lQYW9VcTJ0d19MaGJIQVpqYlRhS0lPTTlhUjlrdzd0VU1XWkRuZ0d1d0ZicVFuYy1MZEh5aF9SeHByR1F5R3M0ZWFHRFdtOGhPdF9EQlppZE5YaFctX1R0NTNQMXZZ?oc=5\" target=\"_blank\" rel=\"nofollow noopener\">Oppfordrer til b\u00e5lvett: \u2013 Uforsvarlig \u00e5 tenne p\u00e5 noe n\u00e5<\/a>&nbsp;&nbsp;opp.no<\/li>\n<li><a href=\"https:\/\/news.google.com\/rss\/articles\/CBMiggFBVV95cUxNbVI1YzkwckI1d0pKcVVPZnNhRWNjMktlMlVyckhoa095UU1iTVY2OU15eFEzMG1jWmFTaXNoQWl4UVNPODJIdFFLbzB3T19wZHFaUmtnREpSc1gxVERRTVVfQUF2dTNWOHZHQU9La2E4eUQ4aS13YkFScm1oT3NDdENR?oc=5\" target=\"_blank\" rel=\"nofollow noopener\">Oppjusterer farevarsel: Stor skogbrannfare<\/a>&nbsp;&nbsp;Tr\u00f8nder-Avisa<\/li>\n<\/ol>\n","protected":false},"excerpt":{"rendered":"Siste nytt: Nyhetsmeldinger&nbsp;&nbsp;Moss Avis Ber folk v\u00e6re forsiktige: \u2013 Respekter b\u00e5lforbudet&nbsp;&nbsp;adressa.no Eit ekstra brannhelikopter blir sett i beredskap&hellip;\n","protected":false},"author":2,"featured_media":10505,"comment_status":"","ping_status":"","sticky":false,"template":"","format":"standard","meta":{"footnotes":"","_share_on_mastodon":"0"},"categories":[10],"tags":[36,20,21,24,25,15,22,23,116,13,30,28,29,20611,14,20610,16,1510,26,27],"class_list":["post-215363","post","type-post","status-publish","format-standard","has-post-thumbnail","category-norge","tag-art","tag-breaking-news","tag-breakingnews","tag-featured-news","tag-featurednews","tag-headlines","tag-latest-news","tag-latestnews","tag-moss","tag-news","tag-no","tag-norge","tag-norway","tag-notiser","tag-nyheter","tag-nyhetsmeldinger","tag-overskrifter","tag-story","tag-top-stories","tag-topstories"],"share_on_mastodon":{"url":"https:\/\/pubeurope.com\/@no\/116422736928496565","error":""},"_links":{"self":[{"href":"https:\/\/www.europesays.com\/no\/wp-json\/wp\/v2\/posts\/215363","targetHints":{"allow":["GET"]}}],"collection":[{"href":"https:\/\/www.europesays.com\/no\/wp-json\/wp\/v2\/posts"}],"about":[{"href":"https:\/\/www.europesays.com\/no\/wp-json\/wp\/v2\/types\/post"}],"author":[{"embeddable":true,"href":"https:\/\/www.europesays.com\/no\/wp-json\/wp\/v2\/users\/2"}],"replies":[{"embeddable":true,"href":"https:\/\/www.europesays.com\/no\/wp-json\/wp\/v2\/comments?post=215363"}],"version-history":[{"count":0,"href":"https:\/\/www.europesays.com\/no\/wp-json\/wp\/v2\/posts\/215363\/revisions"}],"wp:featuredmedia":[{"embeddable":true,"href":"https:\/\/www.europesays.com\/no\/wp-json\/wp\/v2\/media\/10505"}],"wp:attachment":[{"href":"https:\/\/www.europesays.com\/no\/wp-json\/wp\/v2\/media?parent=215363"}],"wp:term":[{"taxonomy":"category","embeddable":true,"href":"https:\/\/www.europesays.com\/no\/wp-json\/wp\/v2\/categories?post=215363"},{"taxonomy":"post_tag","embeddable":true,"href":"https:\/\/www.europesays.com\/no\/wp-json\/wp\/v2\/tags?post=215363"}],"curies":[{"name":"wp","href":"https:\/\/api.w.org\/{rel}","templated":true}]}}