{"id":215371,"date":"2026-04-18T00:13:10","date_gmt":"2026-04-18T00:13:10","guid":{"rendered":"https:\/\/www.europesays.com\/no\/215371\/"},"modified":"2026-04-18T00:13:10","modified_gmt":"2026-04-18T00:13:10","slug":"royken-asker-mann-omkom-i-mc-ulykke","status":"publish","type":"post","link":"https:\/\/www.europesays.com\/no\/215371\/","title":{"rendered":"R\u00f8yken, Asker | Mann omkom i MC-ulykke"},"content":{"rendered":"\n<p><b>R\u00d8YKEN: <\/b>En mann i 30-\u00e5rene omkom etter en MC-ulykke langs Spikkestadveien fredag kveld.<\/p>\n<p>Den f\u00f8rste meldingen om ulykken kom klokken 19:39.<\/p>\n<p>Klokken 19:52 meldte politiets operasjonsleder Anders Aas at det p\u00e5gikk hjerte- og lungeredning av MC-f\u00f8reren.<\/p>\n<p>Omkom<\/p>\n<p>Ca. et par timer senere meldte Aas at f\u00f8rerens liv ikke sto til \u00e5 redde.<\/p>\n<p>P\u00e5r\u00f8rende er varslet om d\u00f8dsfallet.<\/p>\n<p>   <img decoding=\"async\" width=\"2048\" height=\"1536\" fetchpriority=\"low\"  loading=\"lazy\"  src=\"https:\/\/www.europesays.com\/no\/wp-content\/uploads\/2026\/04\/mc2_1.jpg\" alt=\"\" class=\"brick-c-cFOWSL\" style=\"--brick-image-ratio: 2048 \/ 1536;\"\/><\/p>\n<p>      N\u00f8detatene p\u00e5 stedet etter MC-ulykken p\u00e5 Spikkestadveien.<br \/>\n      Foto: Maria Akselvoll\n    <\/p>\n<p>If\u00f8lge politiet viser de innledende unders\u00f8kelsene at det kun er den aktuelle MC-en og f\u00f8reren som var involvert i ulykken.<\/p>\n<p><b>Akkurat hva som er \u00e5rsaken er fredag kveld ukjent, men if\u00f8lge Aas kan det tyde p\u00e5 at MC-f\u00f8reren har kj\u00f8rt inn i autovernet p\u00e5 stedet.<\/b><\/p>\n<p>   <img decoding=\"async\" width=\"2048\" height=\"1536\" fetchpriority=\"low\"  loading=\"lazy\"  src=\"https:\/\/www.europesays.com\/no\/wp-content\/uploads\/2026\/04\/668615472_4479739658969692_201047069482824019_n.jpg\" alt=\"\" class=\"brick-c-cFOWSL\" style=\"--brick-image-ratio: 2048 \/ 1536;\"\/><\/p>\n<p>      Politiets innsatsleder p\u00e5 stedet, Steinar Syversen.<br \/>\n      Foto: Reidar Folkedal\n    <\/p>\n<p>P\u00e5 stedet fortalte Steinar Syversen, politiets leder p\u00e5 stedet, at brannvesenet var de f\u00f8rste n\u00f8detatene p\u00e5 stedet etter at meldingen om ulykken kom inn.<\/p>\n<p><b>\u2013 N\u00e5 etterforsker vi spor og gj\u00f8r avh\u00f8r p\u00e5 stedet, sa han fredag kveld.<\/b><\/p>\n<p>Det var if\u00f8lge Syversen forbipasserende som f\u00f8rst ringte n\u00f8detatene og fikk veiledning derfra.<\/p>\n<p>\u2013 H\u00f8rte et smell<\/p>\n<p>Drammens Tidende har snakket med noen naboer som bor rett i n\u00e6rheten av ulykkesstedet.<\/p>\n<p><b>\u2013 Vi h\u00f8rte et smell og kom raskt p\u00e5 stedet og pr\u00f8vde \u00e5 hjelpe, forteller de.<\/b><\/p>\n<p>   <img decoding=\"async\" width=\"2048\" height=\"1536\" fetchpriority=\"low\"  loading=\"lazy\"  src=\"https:\/\/www.europesays.com\/no\/wp-content\/uploads\/2026\/04\/mc1.jpg\" alt=\"\" class=\"brick-c-cFOWSL\" style=\"--brick-image-ratio: 2048 \/ 1536;\"\/><\/p>\n<p>   <img decoding=\"async\" width=\"2048\" height=\"1536\" fetchpriority=\"low\"  loading=\"lazy\"  src=\"https:\/\/www.europesays.com\/no\/wp-content\/uploads\/2026\/04\/657066018_2446247072494105_4891408701489737557_n+%281%29.jpg\" alt=\"\" class=\"brick-c-cFOWSL\" style=\"--brick-image-ratio: 2048 \/ 1536;\"\/><\/p>\n<p>      Politiet var ogs\u00e5 i lufta over ulykkesstedet fredag kveld.<br \/>\n      Foto: Reidar Folkedal\n    <\/p>\n","protected":false},"excerpt":{"rendered":"R\u00d8YKEN: En mann i 30-\u00e5rene omkom etter en MC-ulykke langs Spikkestadveien fredag kveld. Den f\u00f8rste meldingen om ulykken&hellip;\n","protected":false},"author":2,"featured_media":210855,"comment_status":"","ping_status":"","sticky":false,"template":"","format":"standard","meta":{"footnotes":"","_share_on_mastodon":"0"},"categories":[5],"tags":[36,996,20,21,24,25,15,19,22,23,17,18,13,30,28,29,14,16,13340,1510,26,27,224],"class_list":["post-215371","post","type-post","status-publish","format-standard","has-post-thumbnail","category-overskrifter","tag-art","tag-asker","tag-breaking-news","tag-breakingnews","tag-featured-news","tag-featurednews","tag-headlines","tag-hovedoppslag","tag-latest-news","tag-latestnews","tag-main-news","tag-mainnews","tag-news","tag-no","tag-norge","tag-norway","tag-nyheter","tag-overskrifter","tag-royken","tag-story","tag-top-stories","tag-topstories","tag-trafikk"],"share_on_mastodon":{"url":"https:\/\/pubeurope.com\/@no\/116422823808669602","error":""},"_links":{"self":[{"href":"https:\/\/www.europesays.com\/no\/wp-json\/wp\/v2\/posts\/215371","targetHints":{"allow":["GET"]}}],"collection":[{"href":"https:\/\/www.europesays.com\/no\/wp-json\/wp\/v2\/posts"}],"about":[{"href":"https:\/\/www.europesays.com\/no\/wp-json\/wp\/v2\/types\/post"}],"author":[{"embeddable":true,"href":"https:\/\/www.europesays.com\/no\/wp-json\/wp\/v2\/users\/2"}],"replies":[{"embeddable":true,"href":"https:\/\/www.europesays.com\/no\/wp-json\/wp\/v2\/comments?post=215371"}],"version-history":[{"count":0,"href":"https:\/\/www.europesays.com\/no\/wp-json\/wp\/v2\/posts\/215371\/revisions"}],"wp:featuredmedia":[{"embeddable":true,"href":"https:\/\/www.europesays.com\/no\/wp-json\/wp\/v2\/media\/210855"}],"wp:attachment":[{"href":"https:\/\/www.europesays.com\/no\/wp-json\/wp\/v2\/media?parent=215371"}],"wp:term":[{"taxonomy":"category","embeddable":true,"href":"https:\/\/www.europesays.com\/no\/wp-json\/wp\/v2\/categories?post=215371"},{"taxonomy":"post_tag","embeddable":true,"href":"https:\/\/www.europesays.com\/no\/wp-json\/wp\/v2\/tags?post=215371"}],"curies":[{"name":"wp","href":"https:\/\/api.w.org\/{rel}","templated":true}]}}