{"id":21540,"date":"2025-08-29T14:53:18","date_gmt":"2025-08-29T14:53:18","guid":{"rendered":"https:\/\/www.europesays.com\/no\/21540\/"},"modified":"2025-08-29T14:53:18","modified_gmt":"2025-08-29T14:53:18","slug":"sametingsvalget-2025-sametinget-kan-bli-dodt-lop-pa-sametinget","status":"publish","type":"post","link":"https:\/\/www.europesays.com\/no\/21540\/","title":{"rendered":"Sametingsvalget 2025, Sametinget | Kan bli d\u00f8dt l\u00f8p p\u00e5 Sametinget"},"content":{"rendered":"\n<p>Samtidig f\u00e5r Nordkalottfolket (Nkf) ogs\u00e5 historisk h\u00f8y oppslutning p\u00e5 31 prosent. Nkf har vokst, i store rykk, de siste \u00e5rene. Ved forrige sametingsvalg fikk Nkf 18,5 prosent oppslutning.<\/p>\n<p>Arbeiderpartiet g\u00e5r tilbake fra forrige valg og havner <a href=\"https:\/\/www.nrk.no\/sapmi\/siste-maling-for-sametingsvalget_-nsr-har-ikke-vaert-storre-pa-over-30-ar-1.17545791\" rel=\"nofollow noopener\" target=\"_blank\">i denne m\u00e5lingen p\u00e5 12 prosent. <\/a><\/p>\n<p><b>\u2013 Vi har sett at NSR og Nordkalottfolket har v\u00e6rt sv\u00e6rt jevne p\u00e5 meningsm\u00e5lingene hele \u00e5ret, men det er et markant skift denne gangen. NSR er signifikant h\u00f8yere enn Nordkalottfolket, sier Norstats tallknuser Mads Motr\u00f8en til NRK.<\/b><\/p>\n<p>NRK har ogs\u00e5 regnet ut en mandatfordeling som gir NSR 19 representanter og Nordkalottfolket 16, noe som inneb\u00e6rer et mulig tett maktspill etter valget.<\/p>\n<p>M\u00e5lingen viser ogs\u00e5 at andelen velgere som enn\u00e5 ikke har bestemt seg, har falt fra 34 til 19 prosent siden juli. Dette kan bety at flere velgere som har v\u00e6rt p\u00e5 gjerdet, har bestemt seg for NSR eller Nordkalottfolket.<\/p>\n<p>  <a href=\"https:\/\/www.nordnorskdebatt.no\/5-124-384412\" class=\"related-teaser has-image default-opinion-teaser article--c-eRUmMG article--c-eRUmMG-jKCPdD-design-default\" rel=\"nofollow noopener\" target=\"_blank\"><\/p>\n<p>    <img decoding=\"async\" loading=\"lazy\"  src=\"https:\/\/www.europesays.com\/no\/wp-content\/uploads\/2025\/08\/NTB_o0-1OoU3pkM.jpg\" alt=\"\" class=\"brick-c-cFOWSL\" style=\"\"\/><\/p>\n<p>\n            Les ogs\u00e5<\/p>\n<p>              Nord-Norge ser R\u00f8dt\n        <\/p>\n<p>  <\/a><\/p>\n<p><b>Imens ser Arbeiderpartiet ut til \u00e5 f\u00e5 et svakere valg enn f\u00f8r.<\/b><\/p>\n<p>Likevel kan Ap fortsatt f\u00e5 avgj\u00f8rende innflytelse p\u00e5 Sametinget. Det kan bestemme om NSR eller Nordkalottfolket f\u00e5r flertall. Slik det ligger an n\u00e5, kan Ap f\u00e5 tre mandater.<\/p>\n<p>Velger de \u00e5 samarbeide med Nkf kan det bli et d\u00f8dt l\u00f8p p\u00e5 Sametinget. Senterpartiets Dan H\u00e5vard Johnsen kan skifte balansen til Nkf\u2019s fordel. Senterpartiet samarbeider i dag med NSR, noe Johnsen vil snu.<\/p>\n<p><b>Det er viktig \u00e5 nevne at NRK har beregnet mandatfordelingen ut fra et relativt lite utvalg respondenter, noe som gir st\u00f8rre usikkerhet i tallene.<\/b><\/p>\n<p>Men det er mye som tyder p\u00e5 at b\u00e5de NKF og NSR kan gj\u00f8re et historisk godt valg i \u00e5r. Hvem som f\u00e5r makta kan avhenge av Arbeiderpartiet, og de sm\u00e5 partiene p\u00e5 Sametinget.<\/p>\n<p>  <a href=\"https:\/\/www.nordnorskdebatt.no\/5-124-384702\" class=\"related-teaser has-image default-opinion-teaser article--c-eRUmMG article--c-eRUmMG-jKCPdD-design-default\" rel=\"nofollow noopener\" target=\"_blank\"><\/p>\n<p>    <img decoding=\"async\" loading=\"lazy\"  src=\"https:\/\/www.europesays.com\/no\/wp-content\/uploads\/2025\/08\/Skjermbilde+2025-08-28+132252.png\" alt=\"\" class=\"brick-c-cFOWSL\" style=\"\"\/><\/p>\n<p>\n            Les ogs\u00e5<\/p>\n<p>              \u00abAlle\u00bb vil ha Jonas\n        <\/p>\n<p>  <\/a><\/p>\n","protected":false},"excerpt":{"rendered":"Samtidig f\u00e5r Nordkalottfolket (Nkf) ogs\u00e5 historisk h\u00f8y oppslutning p\u00e5 31 prosent. Nkf har vokst, i store rykk, de&hellip;\n","protected":false},"author":2,"featured_media":21541,"comment_status":"","ping_status":"","sticky":false,"template":"","format":"standard","meta":{"footnotes":""},"categories":[5],"tags":[499,36,20,21,24,25,15,19,22,23,17,18,13,30,3605,28,29,3604,14,1533,16,1488,3436,26,27],"class_list":{"0":"post-21540","1":"post","2":"type-post","3":"status-publish","4":"format-standard","5":"has-post-thumbnail","7":"category-overskrifter","8":"tag-arbeiderpartiet","9":"tag-art","10":"tag-breaking-news","11":"tag-breakingnews","12":"tag-featured-news","13":"tag-featurednews","14":"tag-headlines","15":"tag-hovedoppslag","16":"tag-latest-news","17":"tag-latestnews","18":"tag-main-news","19":"tag-mainnews","20":"tag-news","21":"tag-no","22":"tag-nordkalottfolket","23":"tag-norge","24":"tag-norway","25":"tag-nsr","26":"tag-nyheter","27":"tag-opinion","28":"tag-overskrifter","29":"tag-sametinget","30":"tag-sametingsvalget-2025","31":"tag-top-stories","32":"tag-topstories"},"share_on_mastodon":{"url":"","error":""},"_links":{"self":[{"href":"https:\/\/www.europesays.com\/no\/wp-json\/wp\/v2\/posts\/21540","targetHints":{"allow":["GET"]}}],"collection":[{"href":"https:\/\/www.europesays.com\/no\/wp-json\/wp\/v2\/posts"}],"about":[{"href":"https:\/\/www.europesays.com\/no\/wp-json\/wp\/v2\/types\/post"}],"author":[{"embeddable":true,"href":"https:\/\/www.europesays.com\/no\/wp-json\/wp\/v2\/users\/2"}],"replies":[{"embeddable":true,"href":"https:\/\/www.europesays.com\/no\/wp-json\/wp\/v2\/comments?post=21540"}],"version-history":[{"count":0,"href":"https:\/\/www.europesays.com\/no\/wp-json\/wp\/v2\/posts\/21540\/revisions"}],"wp:featuredmedia":[{"embeddable":true,"href":"https:\/\/www.europesays.com\/no\/wp-json\/wp\/v2\/media\/21541"}],"wp:attachment":[{"href":"https:\/\/www.europesays.com\/no\/wp-json\/wp\/v2\/media?parent=21540"}],"wp:term":[{"taxonomy":"category","embeddable":true,"href":"https:\/\/www.europesays.com\/no\/wp-json\/wp\/v2\/categories?post=21540"},{"taxonomy":"post_tag","embeddable":true,"href":"https:\/\/www.europesays.com\/no\/wp-json\/wp\/v2\/tags?post=21540"}],"curies":[{"name":"wp","href":"https:\/\/api.w.org\/{rel}","templated":true}]}}