{"id":21561,"date":"2025-08-29T15:30:26","date_gmt":"2025-08-29T15:30:26","guid":{"rendered":"https:\/\/www.europesays.com\/no\/21561\/"},"modified":"2025-08-29T15:30:26","modified_gmt":"2025-08-29T15:30:26","slug":"anna-aahjem-sk-brann-2025-skulle-vaere-anna-aahjems-ar-sa-gikk-absolutt-alt-i-grus","status":"publish","type":"post","link":"https:\/\/www.europesays.com\/no\/21561\/","title":{"rendered":"Anna aahjem, SK Brann | 2025 skulle v\u00e6re Anna Aahjems \u00e5r. S\u00e5 gikk absolutt alt i grus."},"content":{"rendered":"\n<p><b>Milano, Italia (BA):<\/b> Du husker kanskje det som skjedde under f\u00f8rste kamp mot Kolbotn en aprildag p\u00e5 Stadion i \u00e5r? Det er i alle fall noe Anna Aahjem helst vil glemme.<\/p>\n<p>F\u00f8r pause rakk hun \u00e5 score m\u00e5l, <a href=\"https:\/\/www.ba.no\/brann-sin-malmaskin-har-roket-korsbandet-anna-aahjem-ute-i-lengre-tid\/s\/5-8-2996603\" rel=\"Follow nofollow noopener\" target=\"_blank\">men noen minutter senere ble himmel til helvete.<\/a> Aahjem gikk i bakken med store smerter i h\u00f8yre kne.<\/p>\n<p>\u2013 Jeg visste med en gang hva som skjedde. Signe (Gaupset) var den f\u00f8rste som kom bort til meg, jeg husker jeg umiddelbart sa \u00abdet er korsb\u00e5ndet\u00bb. Likevel kjente jeg det i magen da jeg <a href=\"https:\/\/www.ba.no\/brann-sin-malmaskin-har-roket-korsbandet-anna-aahjem-ute-i-lengre-tid\/s\/5-8-2996603\" rel=\"Follow nofollow noopener\" target=\"_blank\">fikk den endelige beskjeden<\/a>, forteller hun til BA.<\/p>\n<p>   <img decoding=\"async\" width=\"2688\" height=\"1792\" fetchpriority=\"low\"  loading=\"lazy\"  src=\"https:\/\/www.europesays.com\/no\/wp-content\/uploads\/2025\/08\/DSC_8813__1_.jpg\" alt=\"Toppserien fotball, Brann damene m\u00f8ter Kolbotn p\u00e5 Brann Stadion \" class=\"brick-c-cFOWSL\" style=\"--brick-image-ratio: 2688 \/ 1792;\"\/><\/p>\n<p>    Signe Gaupset var f\u00f8rstemann som l\u00f8p bort til Aahjem da hun l\u00e5 p\u00e5 bakken. S\u00e5 hjalp hun lagvenninnen av banen.<br \/>\n    Foto: Skjalg Ekeland\n  <\/p>\n<p>Hun har ikke snakket s\u00e5 mye om det som skjedde. Ikke i offentligheten i alle fall. Mens lagvenninnene restituerer p\u00e5 spillerhotellet i Milano, tar Aahjem seg tid til en prat. Selv om det smerter \u00e5 rive opp i s\u00e5rene fra april.<\/p>\n<p>\u2013 H\u00e5pte p\u00e5 s\u00e5 mye<\/p>\n<p>I hotell-lobbyen g\u00e5r det flere lag forbi. Brann deler spillerhotell med b\u00e5de Braga, Valur, Sporting og flere andre lag som er i byen akkurat n\u00e5.<\/p>\n<p>   <img decoding=\"async\" width=\"5230\" height=\"3484\" fetchpriority=\"low\"  loading=\"lazy\"  src=\"https:\/\/www.europesays.com\/no\/wp-content\/uploads\/2025\/08\/2340+%282%29.jpg\" alt=\"SK Brann kvinner miniturnering kvalifisering til UEFA Champions League i Milano KONAMI Youth Development Centre\" class=\"brick-c-cFOWSL\" style=\"--brick-image-ratio: 5230 \/ 3484;\"\/><\/p>\n<p>    Her kommer Valur inn p\u00e5 spillerhotellet de deler med Brann.<br \/>\n    Foto: Emil Weatherhead Breistein\n  <\/p>\n<p>I et stille hj\u00f8rne forteller Aahjem om at hun brukte noen dager p\u00e5 \u00e5 v\u00e6re lei seg, f\u00f8r hun innstilte seg p\u00e5 at det holdt. Hun m\u00e5tte l\u00f8fte blikket og se videre.<\/p>\n<p>Det har likevel v\u00e6rt tungt for hun som var og forh\u00e5pentligvis gjenoppst\u00e5r som Branns m\u00e5ldronning. I v\u00e5r har skadelisten til Brann v\u00e6rt lang, men i sommer har en etter en vendt tilbake.<\/p>\n<p>\u2013 Det gj\u00f8r at jeg kjenner ekstra p\u00e5 det n\u00e5. Tidligere i \u00e5r var jeg sammen med flere i gymmen, men n\u00e5 er det bare meg. Selvsagt er det veldig bra at vi har f\u00e5 skader i laget, det er jeg glad for, men det blir ogs\u00e5 en tyngre jobb for meg, forteller 25-\u00e5ringen.<\/p>\n<p>   <img decoding=\"async\" width=\"8256\" height=\"5504\" fetchpriority=\"low\"  loading=\"lazy\"  src=\"https:\/\/www.europesays.com\/no\/wp-content\/uploads\/2025\/08\/2338.jpg\" alt=\"SK Brann kvinner miniturnering kvalifisering til UEFA Champions League i Milano KONAMI Youth Development Centre\" class=\"brick-c-cFOWSL\" style=\"--brick-image-ratio: 8256 \/ 5504;\"\/><\/p>\n<p>    Hun er glad lagvenninnene er tilbake fra skade, men det betyr ogs\u00e5 at hun blir mer alene i rehabiliteringen.<br \/>\n    Foto: Emil Weatherhead Breistein\n  <\/p>\n<p><b>Ikke bare blir hun mer alene i rehabiliteringen, det smerter ogs\u00e5 at 2025 skulle bli Aahjems st\u00f8rste \u00e5r i karrieren hittil.<\/b><\/p>\n<p>\u2013 Jeg f\u00f8lte denne sesongen skulle v\u00e6re mitt neste steg. Jeg h\u00e5pte p\u00e5 en tredje toppscorertittel p\u00e5 rad, for det hadde v\u00e6rt enormt kult og jeg kommer kanskje ikke i den posisjonen igjen noen gang. Jeg s\u00e5 virkelig frem til Champions League-kvalifiseringen, og s\u00e5 h\u00e5pte jeg at jeg skulle v\u00e6re n\u00e6r et landslagsuttak, sier hun.<\/p>\n<blockquote class=\"brick-c-kLSvcb theme-white\">\n<p class=\"blockquote-text\">Det er mye jeg gjerne skulle v\u00e6rt med p\u00e5, men jeg har sl\u00e5tt meg til ro med situasjonen min og tenker at jeg ikke kan gj\u00f8re noe med det. Alt jeg gledet meg til i \u00e5r, har jeg pr\u00f8vd \u00e5 forskyve til neste \u00e5r.<\/p>\n<\/blockquote>\n<p>    Kvartfinaleklare Anna<\/p>\n<p>Som regel m\u00e5 hun trene alene, enten i gymmen eller p\u00e5 banen ved siden av de andre. Hun har hatt noen ball\u00f8kter hvor hun f\u00e5r v\u00e6re med p\u00e5 enkelte \u00f8velser, men \u00e5 spille kamp igjen skjer ikke p\u00e5 lenge.<\/p>\n<p>\u2013 Jeg vil ikke forhaste meg, og vet at jeg ikke rekker noe av denne sesongen uansett. M\u00e5let er \u00e5 v\u00e6re klar til sesongoppkj\u00f8ringen neste \u00e5r, sier Aahjem som dermed kan v\u00e6re tilbake i mars 2026.<\/p>\n<p>   <img decoding=\"async\" width=\"4386\" height=\"2922\" fetchpriority=\"low\"  loading=\"lazy\"  src=\"https:\/\/www.europesays.com\/no\/wp-content\/uploads\/2025\/08\/2359.jpg\" alt=\"SK Brann kvinner miniturnering kvalifisering til UEFA Champions League i Milano KONAMI Youth Development Centre\" class=\"brick-c-cFOWSL\" style=\"--brick-image-ratio: 4386 \/ 2922;\"\/><\/p>\n<p>    Arret forteller om operasjonen Anna m\u00e5tte gjennom i v\u00e5r.<br \/>\n    Foto: Emil Weatherhead Breistein\n  <\/p>\n<p>Ironisk nok \u2013 det var i mars 2024 at Aahjem kunne spille Champions League for Brann, selv om hun signerte fra nytt\u00e5r. Uefa-reglene sier at nye spillere ikke kan delta i gruppespillet, men m\u00e5 vente til finalerundene. Det betyr at Aahjem m\u00e5tte se to av Branns Champions League-kamper fra tribunen, mens hun endelig kunne pr\u00f8ve seg i kvartfinalen mot Barcelona.<\/p>\n<p>Skulle Brann klare \u00e5 kvalifisere seg til Champions League i \u00e5r, blir saken den samme for Aahjem. Finalerundene begynner i mars, og Aahjem h\u00e5per laget hennes klarer \u00e5 kjempe seg s\u00e5 langt at hun igjen f\u00e5r sjansen i Europas gjeveste klubbturnering.<\/p>\n<p>   <img decoding=\"async\" width=\"5854\" height=\"3903\" fetchpriority=\"low\"  loading=\"lazy\"  src=\"https:\/\/www.europesays.com\/no\/wp-content\/uploads\/2025\/08\/DSC_8374_kopi.jpg\" alt=\"UEFA Womens Champions League, kvartfinale Barcelona - Brann p\u00e5 Johan Cruyff stadion i Barcelona. &#10;&#10;17 Anna Aahjem\" class=\"brick-c-cFOWSL\" style=\"--brick-image-ratio: 5854 \/ 3903;\"\/><\/p>\n<p>    Aahjem har ikke glemt at hun holdt p\u00e5 \u00e5 score i kvartfinalen mot Barcelona p\u00e5 Johan Cruyff stadion i Barcelona.<br \/>\n    Foto: Skjalg Ekeland\n  <\/p>\n<p>\u2013 Jeg husker det var dritkjipt sist, at jeg var klar for \u00e5 spille, men ikke fikk lov. S\u00e5nn er reglene, men jeg skulle virkelig \u00f8nske jeg fikk spille fra start denne gangen. Det er nok noe helt annet enn \u00e5 komme inn mot slutten, sier hun.<\/p>\n<p>  <a href=\"https:\/\/www.ba.no\/5-8-3136389\" class=\"related-teaser has-image default-story-teaser article--c-eRUmMG article--c-eRUmMG-jKCPdD-design-default\" rel=\"nofollow noopener\" target=\"_blank\"><\/p>\n<p>    <img decoding=\"async\" loading=\"lazy\"  src=\"https:\/\/www.europesays.com\/no\/wp-content\/uploads\/2025\/08\/1756481426_65_EWB_3607.jpg\" alt=\"\" class=\"brick-c-cFOWSL\" style=\"\"\/><\/p>\n<p>\n            Les ogs\u00e5<\/p>\n<p>              Her st\u00e5r Brann-trenerne og \u00abspionerer\u00bb\n        <\/p>\n<p>  <\/a><br \/>\n  \u2013 Litt utenfor gruppen<\/p>\n<p>Aahjem synes selv hun har taklet skaden bra. Hun har sl\u00e5tt seg til ro med at hun ikke kan gj\u00f8re annet enn \u00e5 vente og trene forsiktig. Likevel er det \u00e9n ting som har v\u00e6rt vanskelig.<\/p>\n<p>\u2013 I en skadeperiode blir man automatisk litt utenfor gruppen. Man tar ikke del i hverdagen p\u00e5 feltet, og blir generelt litt isolert og utenfor. Derfor betyr det mye at jeg f\u00e5r v\u00e6re med p\u00e5 denne turen, for da f\u00f8ler jeg ikke at jeg g\u00e5r glipp av s\u00e5 mye selv om jeg gjerne ville spilt.<\/p>\n<p>\u2013 Er de flinke til \u00e5 passe p\u00e5 deg?<\/p>\n<p>\u2013 Ja, det er en helt fantastisk gruppe. Jeg kunne ikke v\u00e6rt p\u00e5 en bedre plass, det var jo gruppen som ville ha meg med hit. Vi st\u00e5r utrolig sterkt som et lag, og det betyr mye for meg, sier spissen.<\/p>\n<p>   <img decoding=\"async\" width=\"5392\" height=\"3592\" fetchpriority=\"low\"  loading=\"lazy\"  src=\"https:\/\/www.europesays.com\/no\/wp-content\/uploads\/2025\/08\/2395.jpg\" alt=\"SK Brann kvinner miniturnering kvalifisering til UEFA Champions League i Milano KONAMI Youth Development Centre&#10;Brann - Inter Milan 2-1\" class=\"brick-c-cFOWSL\" style=\"--brick-image-ratio: 5392 \/ 3592;\"\/><\/p>\n<p>    Etter Inter Milan-kampen l\u00f8p Aahjem ut p\u00e5 banen og fikk klem av m\u00e5lscorer Dilja Yr Zomers.<br \/>\n    Foto: Emil Weatherhead Breistein\n  <\/p>\n<p>I tillegg har Aahjem delt videoer i sosiale medier, b\u00e5de for \u00e5 se egen progresjon og for \u00e5 motivere andre i samme situasjon.<\/p>\n<p>\u2013 Jeg har f\u00e5tt noen meldinger fra folk som har opplevd det samme. De sier det motiverende \u00e5 se at det kan g\u00e5 fint.<\/p>\n<p>  <a href=\"https:\/\/www.ba.no\/5-8-3136122\" class=\"related-teaser has-image default-story-teaser article--c-eRUmMG article--c-eRUmMG-jKCPdD-design-default\" rel=\"nofollow noopener\" target=\"_blank\"><\/p>\n<p>    <img decoding=\"async\" loading=\"lazy\"  src=\"https:\/\/www.europesays.com\/no\/wp-content\/uploads\/2025\/08\/EWB_7894.jpg\" alt=\"\" class=\"brick-c-cFOWSL\" style=\"\"\/><\/p>\n<p>\n            Les ogs\u00e5<\/p>\n<p>              Signe Gaupset med lovnad om h\u00f8sten: \u2013 Blir mange kamper med Brann fremover\n        <\/p>\n<p>  <\/a><\/p>\n<p>For akkurat det er Anna Aahjem bestemt p\u00e5. Det skal g\u00e5 fint. Selv om det tar tid, selv om dagene ikke er slik hun \u00f8nsker, selv om hun blir lei av gymmen p\u00e5 Stadion. Enn s\u00e5 lenge finner du henne p\u00e5 tribunen, hvor hun absolutt ikke sitter stille.<\/p>\n<p>\u2013 Nei, det gj\u00f8r jeg virkelig ikke! Jeg er veldig engasjert og har ikke godt av \u00e5 sitte p\u00e5 sidelinjen! P\u00e5 en m\u00e5te er det deilig \u00e5 v\u00e6re s\u00e5 glad og engasjert i et lag og leve seg inn i hver kamp uten \u00e5 spille ogs\u00e5, men jeg skal tilbake, sier hun.<\/p>\n<p>   <img decoding=\"async\" width=\"5392\" height=\"3592\" fetchpriority=\"low\"  loading=\"lazy\"  src=\"https:\/\/www.europesays.com\/no\/wp-content\/uploads\/2025\/08\/2360.jpg\" alt=\"SK Brann kvinner miniturnering kvalifisering til UEFA Champions League i Milano KONAMI Youth Development Centre\" class=\"brick-c-cFOWSL\" style=\"--brick-image-ratio: 5392 \/ 3592;\"\/><\/p>\n<p>    Annas \u00e5r blir 2026. Det er hun innstilt p\u00e5.<br \/>\n    Foto: Emil Weatherhead Breistein\n  <\/p>\n","protected":false},"excerpt":{"rendered":"Milano, Italia (BA): Du husker kanskje det som skjedde under f\u00f8rste kamp mot Kolbotn en aprildag p\u00e5 Stadion&hellip;\n","protected":false},"author":2,"featured_media":21562,"comment_status":"","ping_status":"","sticky":false,"template":"","format":"standard","meta":{"footnotes":""},"categories":[59],"tags":[3607,36,3608,706,1839,92,30,28,29,418,83,82],"class_list":{"0":"post-21561","1":"post","2":"type-post","3":"status-publish","4":"format-standard","5":"has-post-thumbnail","7":"category-sport","8":"tag-anna-aahjem","9":"tag-art","10":"tag-brann-kvinner","11":"tag-champions-league","12":"tag-feature","13":"tag-fotball","14":"tag-no","15":"tag-norge","16":"tag-norway","17":"tag-sk-brann","18":"tag-sport","19":"tag-sports"},"share_on_mastodon":{"url":"","error":""},"_links":{"self":[{"href":"https:\/\/www.europesays.com\/no\/wp-json\/wp\/v2\/posts\/21561","targetHints":{"allow":["GET"]}}],"collection":[{"href":"https:\/\/www.europesays.com\/no\/wp-json\/wp\/v2\/posts"}],"about":[{"href":"https:\/\/www.europesays.com\/no\/wp-json\/wp\/v2\/types\/post"}],"author":[{"embeddable":true,"href":"https:\/\/www.europesays.com\/no\/wp-json\/wp\/v2\/users\/2"}],"replies":[{"embeddable":true,"href":"https:\/\/www.europesays.com\/no\/wp-json\/wp\/v2\/comments?post=21561"}],"version-history":[{"count":0,"href":"https:\/\/www.europesays.com\/no\/wp-json\/wp\/v2\/posts\/21561\/revisions"}],"wp:featuredmedia":[{"embeddable":true,"href":"https:\/\/www.europesays.com\/no\/wp-json\/wp\/v2\/media\/21562"}],"wp:attachment":[{"href":"https:\/\/www.europesays.com\/no\/wp-json\/wp\/v2\/media?parent=21561"}],"wp:term":[{"taxonomy":"category","embeddable":true,"href":"https:\/\/www.europesays.com\/no\/wp-json\/wp\/v2\/categories?post=21561"},{"taxonomy":"post_tag","embeddable":true,"href":"https:\/\/www.europesays.com\/no\/wp-json\/wp\/v2\/tags?post=21561"}],"curies":[{"name":"wp","href":"https:\/\/api.w.org\/{rel}","templated":true}]}}