{"id":21566,"date":"2025-08-29T15:39:16","date_gmt":"2025-08-29T15:39:16","guid":{"rendered":"https:\/\/www.europesays.com\/no\/21566\/"},"modified":"2025-08-29T15:39:16","modified_gmt":"2025-08-29T15:39:16","slug":"dag-inge-ulstein-trodde-det-gikk-til-helvete-med-krf-na-renner-millionene-og-medlemmene-inn","status":"publish","type":"post","link":"https:\/\/www.europesays.com\/no\/21566\/","title":{"rendered":"Dag-Inge Ulstein trodde det gikk til helvete med KrF \u2013 n\u00e5 renner millionene og medlemmene inn."},"content":{"rendered":"\n<p class=\"_paragraph_1bvmi_4 _paragraph_xtcu6_10 layout-component text-serif-m layout-normal text-serif-m layout-padded\">I 2013 kom den f\u00f8rste Frost-filmen fra Disney, Instagram passerte 100 millioner brukere og i Norge ble Erna Solberg statsminister for f\u00f8rste gang. <\/p>\n<p class=\"_paragraph_1bvmi_4 _paragraph_xtcu6_10 layout-component text-serif-m layout-normal text-serif-m layout-padded\">Samme \u00e5r kunne du ogs\u00e5 h\u00f8re disse linjene p\u00e5 radio P3. H\u00f8res ikke stemmen kjent ut? <\/p>\n<p class=\"_paragraph_1bvmi_4 _paragraph_xtcu6_10 layout-component text-serif-m layout-normal text-serif-m layout-padded\">\u00abWe will rise again\u00bb <\/p>\n<p class=\"_paragraph_1bvmi_4 _paragraph_xtcu6_10 layout-component text-serif-m layout-normal text-serif-m layout-padded\">\u00abWe\u2019ll forever reign home\u00bb<\/p>\n<p class=\"_paragraph_1bvmi_4 _paragraph_xtcu6_10 layout-component text-serif-m layout-normal text-serif-m layout-padded\">VG sp\u00f8r bandets vokalist: <\/p>\n<p class=\"_paragraph_1bvmi_4 _paragraph_xtcu6_10 layout-component text-serif-m layout-normal text-serif-m layout-padded\">\u2013 Er det en sang om KrF?<\/p>\n<p class=\"_paragraph_1bvmi_4 _paragraph_xtcu6_10 layout-component text-serif-m layout-normal text-serif-m layout-padded\">\u2013 Hehe, den sangen er det lenge siden jeg har h\u00f8rt. Det h\u00f8rte til en annen tid, svarer en noe forlegen partileder p\u00e5 VGs \u00e5pningssp\u00f8rsm\u00e5l. <\/p>\n<p class=\"_paragraph_1bvmi_4 _paragraph_xtcu6_10 layout-component text-serif-m layout-normal text-serif-m layout-padded\">\u2013 Jeg hadde det utrolig kjekt med \u00e5 spille i band med kompisene mine, men det var nok ikke et veldig sterkt politisk budskap vi drev med da, nei. <\/p>\n<p><img alt=\"For 12 \u00e5r siden var Dag-Inge Ulstein vokalist i bandet Electric city.   Foto: Electric City \/ promo\" class=\"_image_qp4xg_65 layout-component layout-normal\" data-fullscreen- data-track-element-type=\"Article image fullscreen\" data-track-name=\"ImageFullscreen\" decoding=\"async\" loading=\"lazy\" height=\"720\" itemprop=\"image\"  src=\"https:\/\/www.europesays.com\/no\/wp-content\/uploads\/2025\/08\/ccb5da63-e3dd-488a-ab97-78517918b9c3\"  style=\"object-position:0% 0%\" width=\"1280\"\/>For 12 \u00e5r siden var Dag-Inge Ulstein vokalist i bandet Electric city.   Foto: Electric City \/ promo<\/p>\n<p class=\"_paragraph_1bvmi_4 _paragraph_xtcu6_10 layout-component text-serif-m layout-normal text-serif-m layout-padded\">Selv om Dag-Inge Ulstein har lagt karrieren som vokalist i elektronika-bandet p\u00e5 hylla, skulle man tro at nettopp dette var en profeti for KrF. <\/p>\n<p class=\"_paragraph_1bvmi_4 _paragraph_xtcu6_10 layout-component text-serif-m layout-normal text-serif-m layout-padded\"><strong class=\"_strong_1bvmi_25\">\u2013 Det er ikke s\u00e5 veldig lenge siden at det ble sp\u00e5dd en stille d\u00f8d for partiet. At det gikk til helvete med KrF, sier Ulstein. <\/strong><\/p>\n<p class=\"_paragraph_1bvmi_4 _paragraph_xtcu6_10 layout-component text-serif-m layout-normal text-serif-m layout-padded\">For fire \u00e5r siden gjorde KrF sitt d\u00e5rligste stortingsvalg p\u00e5 85 \u00e5r og endte p\u00e5 3,8 prosent. Partiet falt dermed under sperregrensensperregrensenen minimumsgrense (som i Norge er p\u00e5 4 prosent) for hvor h\u00f8y oppslutning et politisk parti m\u00e5 ha for \u00e5 f\u00e5 kunne f\u00e5 utjevningsmandater p\u00e5 Stortinget. Utjevningsmandater er plasser p\u00e5 Stortinget som er ment for \u00e5 sikre st\u00f8rre samsvar mellom antall stemmer et parti har f\u00e5tt i valget og hvor mange representanter de f\u00e5r p\u00e5 Stortinget.  og gikk fra \u00e5 ha \u00e5tte til tre representanter p\u00e5 Stortinget. <\/p>\n<p class=\"_paragraph_1bvmi_4 _paragraph_xtcu6_10 layout-component text-serif-m layout-normal text-serif-m layout-padded\">Men n\u00e5 virker det som at det har snudd. Og det er nesten til \u00e5 bli religi\u00f8s av.<\/p>\n<p><img alt=\"\" class=\"_image_qp4xg_65 layout-component layout-normal\" data-fullscreen- data-track-element-type=\"Article image fullscreen\" data-track-name=\"ImageFullscreen\" decoding=\"async\" loading=\"lazy\" height=\"8256\" itemprop=\"image\"  src=\"https:\/\/www.europesays.com\/no\/wp-content\/uploads\/2025\/08\/a784e82c-dbcc-4858-a92d-504f343eb9e0\"  style=\"object-position:22.65625% 33.93289728682171%\" width=\"5504\"\/>Vind i seilene<\/p>\n<p class=\"_paragraph_1bvmi_4 _paragraph_xtcu6_10 layout-component text-serif-m layout-normal text-serif-m layout-padded\">Det siste halv\u00e5ret har partiet kr\u00f8pet sakte, men sikkert oppover p\u00e5 meningsm\u00e5lingene. Den siste m\u00e5neden har de <a href=\"https:\/\/www.pollofpolls.no\/?cmd=Partier&amp;parti=KrF\" class=\"_link_1bvmi_39\" rel=\"nofollow noopener\" target=\"_blank\">i snitt ligget p\u00e5 4,6 prosent<\/a>. Ogs\u00e5 p\u00e5 <a href=\"https:\/\/www.vg.no\/nyheter\/i\/vgM30m\/frp-nedtur-paa-vgs-siste-partimaaling\" data-track-element-type=\"Link\" data-track-id=\"link:vgM30m\" class=\"_link_1bvmi_39\" rel=\"nofollow noopener\" target=\"_blank\">VGs siste m\u00e5ling<\/a> havner partiet over sperregrensen. <\/p>\n<p class=\"_paragraph_1bvmi_4 _paragraph_xtcu6_10 layout-component text-serif-m layout-normal text-serif-m layout-padded\">Den st\u00f8rste overraskelsen kom for to uker siden: Da havnet KrF p\u00e5 hele 5,6 prosent i <a href=\"https:\/\/www.nettavisen.no\/norsk-debatt\/krf-i-signifikant-fremgang-sv-faller-dette-kan-avgjore-valget\/s\/5-95-2564987\" class=\"_link_1bvmi_39\" rel=\"nofollow noopener\" target=\"_blank\">en m\u00e5ling i Nettavisen<\/a>. <\/p>\n<p class=\"_paragraph_1bvmi_4 _paragraph_xtcu6_10 layout-component text-serif-m layout-normal text-serif-m layout-padded\">I bilen p\u00e5 vei til \u00e5 bes\u00f8ke en forsvarsbase, fikk Ulstein nyheten om m\u00e5lingen. Slik reagerte han: <\/p>\n<p class=\"_paragraph_1bvmi_4 _paragraph_xtcu6_10 layout-component text-serif-m layout-normal text-serif-m layout-padded\">Ikke nok med det: I desember i fjor skr\u00f8t Ulstein over den voldsomme medlemsveksten partiet hadde opplevd i l\u00f8pet av \u00e5ret: Over 800 nye medlemmer. <\/p>\n<p class=\"_paragraph_1bvmi_4 _paragraph_xtcu6_10 layout-component text-serif-m layout-normal text-serif-m layout-padded\">I august i \u00e5r hadde de allerede blitt 1000 nye medlemmer siden nytt\u00e5r.<\/p>\n<p class=\"_paragraph_1bvmi_4 _paragraph_xtcu6_10 layout-component text-serif-m layout-normal text-serif-m layout-padded\"><strong class=\"_strong_1bvmi_25\">Da de postet om milep\u00e6len p\u00e5 sosiale medier, rant det inn ytterligere 1000 medlemmer \u2013 p\u00e5 \u00e9n uke. <\/strong><\/p>\n<p><img alt=\"\" class=\"_image_qp4xg_65 layout-component layout-normal\" data-fullscreen- data-track-element-type=\"Article image fullscreen\" data-track-name=\"ImageFullscreen\" decoding=\"async\" loading=\"lazy\" height=\"4371\" itemprop=\"image\"  src=\"https:\/\/www.europesays.com\/no\/wp-content\/uploads\/2025\/08\/21f3321f-4886-4e26-9954-bc5e8fd51414\"  style=\"object-position:0% 0%\" width=\"6556\"\/><\/p>\n<p class=\"_paragraph_1bvmi_4 _paragraph_xtcu6_10 layout-component text-serif-m layout-normal text-serif-m layout-padded\">Totalt har KrF f\u00e5tt 2500 nye medlemmer2500 nye medlemmerBlant de nye medlemmene er det omtrent likt fordelt mellom menn og kvinner og ulike aldersgrupper, opplyser Ulstein. Det er flere helt ferske, enn tilbakevendende, medlemmer. Det er overraskende mange fra \u00d8stlandet.  i \u00e5r. <\/p>\n<p class=\"_paragraph_1bvmi_4 _paragraph_xtcu6_10 layout-component text-serif-m layout-normal text-serif-m layout-padded\">\u2013 Det er helt fantastisk det som skjer. Jeg m\u00e5 bare si at jeg har kjent p\u00e5 en s\u00e5nn veldig sterk glede, for det viser hele apparatet her at det er mulig. <\/p>\n<p class=\"_paragraph_1bvmi_4 _paragraph_xtcu6_10 layout-component text-serif-m layout-normal text-serif-m layout-padded\"><strong class=\"_strong_1bvmi_25\">Hva har skjedd med KrF? <\/strong><\/p>\n<p class=\"_paragraph_1bvmi_4 _paragraph_xtcu6_10 layout-component text-serif-m layout-normal text-serif-m layout-padded\">Partileder Ulstein har en klar formening om hva oppturen skyldes. VG har noen alternative teorier. Det skal vi komme tilbake til. <\/p>\n<p class=\"_paragraph_1bvmi_4 _paragraph_xtcu6_10 layout-component text-serif-m layout-normal text-serif-m layout-padded\">F\u00f8rst skal vi snakke litt mer om Ham. <\/p>\n<p><img alt=\"\" class=\"_image_qp4xg_65 layout-component layout-normal\" data-fullscreen- data-track-element-type=\"Article image fullscreen\" data-track-name=\"ImageFullscreen\" decoding=\"async\" loading=\"lazy\" height=\"5504\" itemprop=\"image\"  src=\"https:\/\/www.europesays.com\/no\/wp-content\/uploads\/2025\/08\/7a19d4d3-566a-4831-bd3a-323b2c86ba8b\"  style=\"object-position:46.658148220955376% 35.31068313953488%\" width=\"5087\"\/>\u2013 Sex er det beste som finnes<\/p>\n<p class=\"_paragraph_1bvmi_4 _paragraph_xtcu6_10 layout-component text-serif-m layout-normal text-serif-m layout-padded\">\u00abEn fantastisk oppvekst\u00bb kaller Ulstein sine f\u00f8rste leve\u00e5r p\u00e5 \u00f8ya Sula, utenfor \u00c5lesund. Mor, far og fire s\u00f8sken, som drev med foreninger, kor og musikk i lokalsamfunnet. Troen har alltid v\u00e6rt sentral i livet hans. <\/p>\n<ul class=\"_gallery_1qa3s_23\" tabindex=\"0\">\n<li class=\"_item_1qa3s_37\" data-index=\"0\"><img decoding=\"async\" class=\"_image_foru8_23 _articleGallery_foru8_39\" data-fullscreen- width=\"7209\" height=\"4733\" itemprop=\"image\" loading=\"lazy\"  src=\"https:\/\/www.europesays.com\/no\/wp-content\/uploads\/2025\/08\/691c1cd1-8c9f-49c8-a7e9-7d6d052c6115\"  style=\"object-position:50% 50%;aspect-ratio:var(--gallery-aspect-ratio, 16 \/ 9)\"\/>Mellom fjord og fjell p\u00e5 Sunnm\u00f8re, vokste Ulstein opp.  Foto: Gisle Oddstad \/ VG<\/li>\n<li class=\"_item_1qa3s_37\" data-index=\"1\"><img decoding=\"async\" class=\"_image_foru8_23 _articleGallery_foru8_39\" data-fullscreen- width=\"8134\" height=\"5425\" itemprop=\"image\" loading=\"lazy\"  src=\"https:\/\/www.europesays.com\/no\/wp-content\/uploads\/2025\/08\/b63b60b7-6ab2-4cbe-8f21-03881ed743bb\"  style=\"object-position:50% 50%;aspect-ratio:var(--gallery-aspect-ratio, 16 \/ 9)\"\/>Mellom fjord og fjell p\u00e5 Sunnm\u00f8re, vokste Ulstein opp.  Foto: Gisle Oddstad \/ VG<\/li>\n<\/ul>\n<p>Mellom fjord og fjell p\u00e5 Sunnm\u00f8re, vokste Ulstein opp.  Foto: Gisle Oddstad \/ VG<\/p>\n<p class=\"_paragraph_1bvmi_4 _paragraph_xtcu6_10 layout-component text-serif-m layout-normal text-serif-m layout-padded\">Han flyttet til Bergen for \u00e5 studere teologi og organisasjonspsykologi. Som 20-\u00e5ring giftet han seg med Ingjerd. Sammen har de f\u00e5tt fire barn som n\u00e5 er 10, 12, 14 og 18 \u00e5r.<\/p>\n<p><img alt=\"Foto: Privat\" class=\"_image_qp4xg_65 layout-component layout-normal\" data-fullscreen- data-track-element-type=\"Article image fullscreen\" data-track-name=\"ImageFullscreen\" decoding=\"async\" loading=\"lazy\" height=\"2239\" itemprop=\"image\"  src=\"https:\/\/www.europesays.com\/no\/wp-content\/uploads\/2025\/08\/19af2ec2-ac5c-41b2-844a-550df7228520\"  style=\"object-position:0% 0%\" width=\"2274\"\/>Foto: Privat<\/p>\n<p class=\"_paragraph_1bvmi_4 _paragraph_xtcu6_10 layout-component text-serif-m layout-normal text-serif-m layout-padded\">I 2015 ble han byr\u00e5d i Bergen. Da VG intervjuet den ferske byr\u00e5den ble han titulert som sexolog og sitert p\u00e5 at \u00ab<a href=\"https:\/\/www.vg.no\/nyheter\/i\/P13az\/han-er-krfs-toppkandidat-i-bergen-sex-er-det-beste-som-finnes\" data-track-element-type=\"Link\" data-track-id=\"link:P13az\" class=\"_link_1bvmi_39\" rel=\"nofollow noopener\" target=\"_blank\">sex er det beste som finnes\u00bb<\/a>. <\/p>\n<p class=\"_paragraph_1bvmi_4 _paragraph_xtcu6_10 layout-component text-serif-m layout-normal text-serif-m layout-padded\">\u2013 Det mener jeg fortsatt, sier Ulstein i dag. <\/p>\n<p><img alt=\"Ulstein stilte hoppende opp i VG for \u00e5 snakke om sex for 10 \u00e5r siden.   Foto: Geir Otto Johansen \/ VG\" class=\"_image_qp4xg_65 layout-component layout-normal\" data-fullscreen- data-track-element-type=\"Article image fullscreen\" data-track-name=\"ImageFullscreen\" decoding=\"async\" loading=\"lazy\" height=\"3712\" itemprop=\"image\"  src=\"https:\/\/www.europesays.com\/no\/wp-content\/uploads\/2025\/08\/7ead120a-10d8-493a-be34-c6fb4d267718\"  style=\"object-position:0% 0%\" width=\"3710\"\/>Ulstein stilte hoppende opp i VG for \u00e5 snakke om sex for 10 \u00e5r siden.   Foto: Geir Otto Johansen \/ VG<\/p>\n<p class=\"_paragraph_1bvmi_4 _paragraph_xtcu6_10 layout-component text-serif-m layout-normal text-serif-m layout-padded\">I intervjuet tok Ulstein til orde for at alle m\u00e5tte t\u00f8rre \u00e5 snakke mer om sex \u2013 ogs\u00e5 i KrF. Sex er viktig, og kan til og med v\u00e6re avgj\u00f8rende, for om et parforhold er godt, uttalte familieterapeuten. <\/p>\n<p class=\"_paragraph_1bvmi_4 _paragraph_xtcu6_10 layout-component text-serif-m layout-normal text-serif-m layout-padded\">\u2013 Har det blitt bedre 10 \u00e5r senere? <\/p>\n<p class=\"_paragraph_1bvmi_4 _paragraph_xtcu6_10 layout-component text-serif-m layout-normal text-serif-m layout-padded\">\u2013 Det var ikke det at det var s\u00e5 stor skam rundt det da, men jeg tror kanskje det har blitt enda mer \u00e5penhet. Det er ikke lenger like tabu \u00e5 be om hjelp, h\u00e5per jeg hvert fall. <\/p>\n<p>En avgj\u00f8rende brikke<\/p>\n<p class=\"_paragraph_1bvmi_4 _paragraph_xtcu6_10 layout-component text-serif-m layout-normal text-serif-m layout-padded\">\u2013 Hvorfor er familie s\u00e5 viktig for KrF?<\/p>\n<p class=\"_paragraph_1bvmi_4 _paragraph_xtcu6_10 layout-component text-serif-m layout-normal text-serif-m layout-padded\"><strong class=\"_strong_1bvmi_25\">\u2013 Jeg mener at det \u00e5 investere i familien er det viktigste, beste og kanskje til og med rimeligste vi kan gj\u00f8re for \u00e5 l\u00f8se mange av utfordringene vi har i samfunnet. <\/strong><\/p>\n<p class=\"_paragraph_1bvmi_4 _paragraph_xtcu6_10 layout-component text-serif-m layout-normal text-serif-m layout-padded\">Han nevner utfordringer som utenforskap, psykisk uhelse, ungdomskriminalitet. <\/p>\n<ul class=\"_gallery_1qa3s_23\" tabindex=\"0\">\n<li class=\"_item_1qa3s_37\" data-index=\"0\"><img decoding=\"async\" class=\"_image_foru8_23 _articleGallery_foru8_39\" data-fullscreen- width=\"8256\" height=\"5504\" itemprop=\"image\" loading=\"lazy\"  src=\"https:\/\/www.europesays.com\/no\/wp-content\/uploads\/2025\/08\/b9f0cfc1-864f-4817-970c-a6b92901e1e6\"  style=\"object-position:50% 50%;aspect-ratio:var(--gallery-aspect-ratio, 16 \/ 9)\"\/>Hos Frelsesarmeen p\u00e5 Gr\u00f8nland bes\u00f8kte Ulstein bir\u00f8kter Nikolay Kuryashkin. <\/li>\n<li class=\"_item_1qa3s_37\" data-index=\"1\"><img decoding=\"async\" class=\"_image_foru8_23 _articleGallery_foru8_39\" data-fullscreen- width=\"7071\" height=\"4714\" itemprop=\"image\" loading=\"lazy\"  src=\"https:\/\/www.europesays.com\/no\/wp-content\/uploads\/2025\/08\/dc7bb011-34c6-4193-814a-e3d5045ef3b9\"  style=\"object-position:50% 50%;aspect-ratio:var(--gallery-aspect-ratio, 16 \/ 9)\"\/>Og tok en prat med Egil Sch\u00f8nhardt. Han sier Frelsesarmeens tilbud for rusbrukere har v\u00e6rt en redning for han. <\/li>\n<li class=\"_item_1qa3s_37\" data-index=\"2\"><img decoding=\"async\" class=\"_image_foru8_23 _articleGallery_foru8_39\" data-fullscreen- width=\"8256\" height=\"5504\" itemprop=\"image\" loading=\"lazy\"  src=\"https:\/\/www.europesays.com\/no\/wp-content\/uploads\/2025\/08\/4cc2e651-9b13-4d4f-9aed-9d4ab9674a76\"  style=\"object-position:50% 50%;aspect-ratio:var(--gallery-aspect-ratio, 16 \/ 9)\"\/>Partilederen h\u00f8rte ogs\u00e5 om slumstasjonens matutdeling fra milj\u00f8arbeider Jon Kaastad.<\/li>\n<\/ul>\n<p>Hos Frelsesarmeen p\u00e5 Gr\u00f8nland bes\u00f8kte Ulstein bir\u00f8kter Nikolay Kuryashkin. <\/p>\n<p class=\"_paragraph_1bvmi_4 _paragraph_xtcu6_10 layout-component text-serif-m layout-normal text-serif-m layout-padded\">Han viser til at <a href=\"https:\/\/www.norceresearch.no\/aktuelt\/unge-utenfor-hvorfor-sosiale-relasjoner-er-avgjorende\" class=\"_link_1bvmi_39\" rel=\"nofollow noopener\" target=\"_blank\">mangelen p\u00e5 tilh\u00f8righet og n\u00e6re relasjoner<\/a> ofte er den viktigste grunnen til at folk faller utenfor. <\/p>\n<p class=\"_paragraph_1bvmi_4 _paragraph_xtcu6_10 layout-component text-serif-m layout-normal text-serif-m layout-padded\">\u2013 Og det er ikke noen motsetning til \u00e5 snakke om at arbeid er viktig. Men familien er viktigere og bare s\u00e5 utrolig mye mer avgj\u00f8rende for individene og samfunnet. <\/p>\n<p class=\"_paragraph_1bvmi_4 _paragraph_xtcu6_10 layout-component text-serif-m layout-normal text-serif-m layout-padded\">Og nettopp det tror Ulstein er kjernen til at velgerne flokker seg til partiet hans. <\/p>\n<p><img alt=\"\" class=\"_image_qp4xg_65 layout-component layout-normal\" data-fullscreen- data-track-element-type=\"Article image fullscreen\" data-track-name=\"ImageFullscreen\" decoding=\"async\" loading=\"lazy\" height=\"5504\" itemprop=\"image\"  src=\"https:\/\/www.europesays.com\/no\/wp-content\/uploads\/2025\/08\/3eaa05b7-7af3-4db8-900a-978acbd8b13c\"  style=\"object-position:0% 0%\" width=\"8256\"\/>Den konservative floden<\/p>\n<p class=\"_paragraph_1bvmi_4 _paragraph_xtcu6_10 layout-component text-serif-m layout-normal text-serif-m layout-padded\">\u2013 Det er noen str\u00f8mninger i samfunnet som gj\u00f8r at vi ikke trenger \u00e5 l\u00f8pe etter velgere. Jeg tror verdiene v\u00e5re og politikken v\u00e5r treffer mange. <\/p>\n<p class=\"_paragraph_1bvmi_4 _paragraph_xtcu6_10 layout-component text-serif-m layout-normal text-serif-m layout-padded\">\u2013 Hva slags str\u00f8mninger sikter du til? <\/p>\n<p class=\"_paragraph_1bvmi_4 _paragraph_xtcu6_10 layout-component text-serif-m layout-normal text-serif-m layout-padded\">\u2013 Ja, hvordan skal jeg sette ord p\u00e5 det, da, sier partilederen og tar seg en tenkepause. <\/p>\n<p class=\"_paragraph_1bvmi_4 _paragraph_xtcu6_10 layout-component text-serif-m layout-normal text-serif-m layout-padded\">\u2013 Vi har ofte snakket om en konservativ b\u00f8lge og definert det til \u00e5 v\u00e6re unge menn. Men jeg tror det er en mye kraftigere b\u00f8lge i befolkningen generelt. De s\u00f8ker til r\u00f8tter, til noe som st\u00e5r fast. Det er stolthet rundt det kristne verdifundamentet. <\/p>\n<p><img alt=\"\" class=\"_image_qp4xg_65 layout-component layout-normal\" data-fullscreen- data-track-element-type=\"Article image fullscreen\" data-track-name=\"ImageFullscreen\" decoding=\"async\" loading=\"lazy\" height=\"5111\" itemprop=\"image\"  src=\"https:\/\/www.europesays.com\/no\/wp-content\/uploads\/2025\/08\/3969e2d4-2129-40ae-aa8a-58e8262738be\"  style=\"object-position:0% 0%\" width=\"7667\"\/><\/p>\n<p class=\"_paragraph_1bvmi_4 _paragraph_xtcu6_10 layout-component text-serif-m layout-normal text-serif-m layout-padded\">Selv har han tatt en u-sving i politikken. I 2018 st\u00f8ttet han dav\u00e6rende partileder Knut-Arild Hareide som \u00f8nsket at KrF skulle samarbeide med Arbeiderpartiet og venstresiden. <\/p>\n<p class=\"_paragraph_1bvmi_4 _paragraph_xtcu6_10 layout-component text-serif-m layout-normal text-serif-m layout-padded\">Han har forklart at han selv var farget av samarbeid med Venstre og Arbeiderpartiet i lokalpolitikken i Bergen.<\/p>\n<p class=\"_paragraph_1bvmi_4 _paragraph_xtcu6_10 layout-component text-serif-m layout-normal text-serif-m layout-padded\">N\u00e5 sier han det ikke er noen tvil om at han og partiet tilh\u00f8rer borgerlig side.<\/p>\n<p class=\"_paragraph_1bvmi_4 _paragraph_xtcu6_10 layout-component text-serif-m layout-normal text-serif-m layout-padded\">\u2013 Jeg tror p\u00e5 politisk konservatisme. For meg s\u00e5 handler det om \u00e5 tegne et bilde som folk kan samle seg rundt og som ikke polariserer. Det har ikke forandret seg for meg.<\/p>\n<p><img alt=\"\" class=\"_image_qp4xg_65 layout-component layout-normal\" data-fullscreen- data-track-element-type=\"Article image fullscreen\" data-track-name=\"ImageFullscreen\" decoding=\"async\" loading=\"lazy\" height=\"5504\" itemprop=\"image\"  src=\"https:\/\/www.europesays.com\/no\/wp-content\/uploads\/2025\/08\/6372ed02-025c-4a25-9ea3-f3e7627a99d6\"  style=\"object-position:0% 0%\" width=\"8256\"\/><\/p>\n<p class=\"_paragraph_1bvmi_4 _paragraph_xtcu6_10 layout-component text-serif-m layout-normal text-serif-m layout-padded\">\u2013 For KrF kan det handle om \u00e5 av og til v\u00e6re et litt stolt mindretall og en motkultur som t\u00f8r \u00e5 stille sp\u00f8rsm\u00e5l ved viktige verdisaker. <\/p>\n<p class=\"_paragraph_1bvmi_4 _paragraph_xtcu6_10 layout-component text-serif-m layout-normal text-serif-m layout-padded\">De siste dagene har han blant annet m\u00e5tte svare p\u00e5 flere sp\u00f8rsm\u00e5l om hvorfor han ikke vil ford\u00f8mme Israels krigf\u00f8ring i Gaza.<\/p>\n<p class=\"_paragraph_1bvmi_4 _paragraph_xtcu6_10 layout-component text-serif-m layout-normal text-serif-m layout-padded\">Partiet er ogs\u00e5 mot bruk at regnbueflagg i norske skoleg\u00e5rder. <\/p>\n<p class=\"_paragraph_1bvmi_4 _paragraph_xtcu6_10 layout-component text-serif-m layout-normal text-serif-m layout-padded\">\u2013 Det handler om en prinsipiell tenkning, ikke om fordommer eller hat. P\u00e5 fellesarenaer som skolen, s\u00e5 vil vi ikke at det skal v\u00e6re politiske og ideologiske dragkamper. <\/p>\n<p class=\"_paragraph_1bvmi_4 _paragraph_xtcu6_10 layout-component text-serif-m layout-normal text-serif-m layout-padded\">\u2013 KrF jobbet jo for \u00e5 f\u00e5 K-en tilbake i KRL-faget i skolen. For mange er det ogs\u00e5 et eksempel p\u00e5 en ideologisk kamp, som opplevdes splittende? <\/p>\n<p class=\"_paragraph_1bvmi_4 _paragraph_xtcu6_10 layout-component text-serif-m layout-normal text-serif-m layout-padded\">\u2013 Jeg skj\u00f8nner sp\u00f8rsm\u00e5let, men jeg vil ikke sammenligne det. For hvis vi mener at verdiene i samfunnet v\u00e5rt er bygget p\u00e5 et kristent verdigrunnlag og menneskesyn, s\u00e5 er det utrolig viktig for de som vokser opp \u00e5 skj\u00f8nne hvor de r\u00f8ttene kommer fra. <\/p>\n<p class=\"_paragraph_1bvmi_4 _paragraph_xtcu6_10 layout-component text-serif-m layout-normal text-serif-m layout-padded\"><strong class=\"_strong_1bvmi_25\">\u2013 \u00c5 kjenne historien, er ikke polariserende. <\/strong><\/p>\n<p><img alt=\"\" class=\"_image_qp4xg_65 layout-component layout-normal\" data-fullscreen- data-track-element-type=\"Article image fullscreen\" data-track-name=\"ImageFullscreen\" decoding=\"async\" loading=\"lazy\" height=\"5349\" itemprop=\"image\"  src=\"https:\/\/www.europesays.com\/no\/wp-content\/uploads\/2025\/08\/d93be5c5-f1c4-4d19-9dbd-babe7f259437\"  style=\"object-position:0% 0%\" width=\"8023\"\/><\/p>\n<p class=\"_paragraph_1bvmi_4 _paragraph_xtcu6_10 layout-component text-serif-m layout-normal text-serif-m layout-padded\">Ulstein legger ikke skjul p\u00e5 at ogs\u00e5 strategiske grep, kan forklare oppturen: <\/p>\n<p class=\"_paragraph_1bvmi_4 _paragraph_xtcu6_10 layout-component text-serif-m layout-normal text-serif-m layout-padded\">Han mener KrF har tatt mer eierskap til \u00f8konomi- og n\u00e6ringspolitikk. Partiet har dessuten blitt mer synlig: i annonser p\u00e5 sosiale medier, reklameplakater, og gjennom over 3000 KrF-ere som driver valgkamp i gatene. <\/p>\n<p class=\"_paragraph_1bvmi_4 _paragraph_xtcu6_10 layout-component text-serif-m layout-normal text-serif-m layout-padded\">For mer synlighet blir det n\u00e5r partikassen har blitt fylt med over 10 millioner kroner de siste m\u00e5nedene. <\/p>\n<p>Slik bruker han million-donasjonene<\/p>\n<p class=\"_paragraph_1bvmi_4 _paragraph_xtcu6_10 layout-component text-serif-m layout-normal text-serif-m layout-padded\">Milliard\u00e6rer som \u00d8ystein Stray Spetalen og Stein Erik Hagen har <a href=\"https:\/\/www.vg.no\/nyheter\/i\/Ppbv7J\/milliardaeren-oeystein-stray-spetalen-gir-en-halv-million-til-krf\" data-track-element-type=\"Link\" data-track-id=\"link:Ppbv7J\" class=\"_link_1bvmi_39\" rel=\"nofollow noopener\" target=\"_blank\">donert store summer til KrF<\/a>. I juli ble en gruppe p\u00e5 18 n\u00e6ringslivstopper inspirert og <a href=\"https:\/\/www.vg.no\/nyheter\/i\/4BPo7R\/krf-faar-to-millioner-fra-finanskjendiser\" data-track-element-type=\"Link\" data-track-id=\"link:4BPo7R\" class=\"_link_1bvmi_39\" rel=\"nofollow noopener\" target=\"_blank\">ga ytterligere to millioner<\/a>. Deretter fulgte <a href=\"https:\/\/www.aftenposten.no\/norge\/politikk\/i\/4BPG6E\/christen-sveaas-gir-2-millioner-til-krf\" class=\"_link_1bvmi_39\" rel=\"nofollow noopener\" target=\"_blank\">Kistefos-eier Christen Sveaas<\/a> og familiebedriften <a href=\"https:\/\/www.aftenposten.no\/norge\/politikk\/i\/8q27bd\/nok-en-milliardaer-gir-1-million-kroner-til-baade-krf-og-venstre\" class=\"_link_1bvmi_39\" rel=\"nofollow noopener\" target=\"_blank\">Laerdal Medical<\/a>. <\/p>\n<p class=\"_paragraph_1bvmi_4 _paragraph_xtcu6_10 layout-component text-serif-m layout-normal text-serif-m layout-padded\">Bunnlinjen: Over 10 millioner kroner i donasjoner s\u00e5 langt i \u00e5r. <\/p>\n<p class=\"_paragraph_1bvmi_4 _paragraph_xtcu6_10 layout-component text-serif-m layout-normal text-serif-m layout-padded\"><strong class=\"_strong_1bvmi_25\">M\u00e5let: \u00c5 f\u00e5 partiet over sperregrensen og fjerne formuesskatten. <\/strong><\/p>\n<p class=\"_paragraph_1bvmi_4 _paragraph_xtcu6_10 layout-component text-serif-m layout-normal text-serif-m layout-padded\">\u2013 Har donasjonene f\u00f8rt til oppturen for KrF? <\/p>\n<p class=\"_paragraph_1bvmi_4 _paragraph_xtcu6_10 layout-component text-serif-m layout-normal text-serif-m layout-padded\">\u2013 Ja, det er pengene som har skylda, sier Ulstein, f\u00f8r han ler litt og legger til: <\/p>\n<p class=\"_paragraph_1bvmi_4 _paragraph_xtcu6_10 layout-component text-serif-m layout-normal text-serif-m layout-padded\">\u2013 Men n\u00e5r vi f\u00e5r penger og mer synlighet og kan m\u00e5lrette kampanjene v\u00e5re, s\u00e5 \u00f8ker det jo sannsynligheten for \u00e5 n\u00e5 flere. <\/p>\n<p><img alt=\"\" class=\"_image_qp4xg_65 layout-component layout-normal\" data-fullscreen- data-track-element-type=\"Article image fullscreen\" data-track-name=\"ImageFullscreen\" decoding=\"async\" loading=\"lazy\" height=\"5142\" itemprop=\"image\"  src=\"https:\/\/www.europesays.com\/no\/wp-content\/uploads\/2025\/08\/49a212b2-a3d4-4a18-b626-05de45928ff8\"  style=\"object-position:0% 0%\" width=\"7713\"\/><\/p>\n<p class=\"_paragraph_1bvmi_4 _paragraph_xtcu6_10 layout-component text-serif-m layout-normal text-serif-m layout-padded\">Han mener donorene ikke bare er opptatt av \u00e5 skatte mindre. De vil ha en retningsendring for Norge \u2013 akkurat som KrF. <\/p>\n<p class=\"_paragraph_1bvmi_4 _paragraph_xtcu6_10 layout-component text-serif-m layout-normal text-serif-m layout-padded\">\u2013 Kommer pengene helt uten forpliktelser? <\/p>\n<p class=\"_paragraph_1bvmi_4 _paragraph_xtcu6_10 layout-component text-serif-m layout-normal text-serif-m layout-padded\">\u2013 Ja. <\/p>\n<p class=\"_paragraph_1bvmi_4 _paragraph_xtcu6_10 layout-component text-serif-m layout-normal text-serif-m layout-padded\">\u2013 Du f\u00f8ler deg ikke forpliktet til \u00e5 levere til donorene, om du skulle komme i en posisjon til \u00e5 gj\u00f8re det? <\/p>\n<p class=\"_paragraph_1bvmi_4 _paragraph_xtcu6_10 layout-component text-serif-m layout-normal text-serif-m layout-padded\">\u2013 Jeg er forpliktet til politikken v\u00e5r. Vi er for \u00e5 fjerne formuesskatten p\u00e5 arbeidende kapital, og det er noe jeg fikk gjennomslag for p\u00e5 landsm\u00f8tet for to \u00e5r siden. Det her er ikke noe vi plutselig har kommet med.<\/p>\n<p class=\"_paragraph_1bvmi_4 _paragraph_xtcu6_10 layout-component text-serif-m layout-normal text-serif-m layout-padded\"><strong class=\"_strong_1bvmi_25\">\u2013 De politiske prosessene rundt et partiprogram og hvilke prioriteringer som skal gj\u00f8res, de skal alltid skje i partiet. <\/strong><\/p>\n<p><img alt=\"\" class=\"_image_qp4xg_65 layout-component layout-normal\" data-fullscreen- data-track-element-type=\"Article image fullscreen\" data-track-name=\"ImageFullscreen\" decoding=\"async\" loading=\"lazy\" height=\"5371\" itemprop=\"image\"  src=\"https:\/\/www.europesays.com\/no\/wp-content\/uploads\/2025\/08\/117ed16c-3657-4f73-806f-ba6503fd34db\"  style=\"object-position:0% 0%\" width=\"8057\"\/><\/p>\n<p class=\"_paragraph_1bvmi_4 _paragraph_xtcu6_10 layout-component text-serif-m layout-normal text-serif-m layout-padded\">\u2013 Er donasjoner et demokratisk problem? At rike donorer kan styre hvilke partier som f\u00e5r mest synlighet og dermed oppslutning?<\/p>\n<p class=\"_paragraph_1bvmi_4 _paragraph_xtcu6_10 layout-component text-serif-m layout-normal text-serif-m layout-padded\">\u2013 Det er en kjempeviktig debatt, men det er veldig langt derfra til \u00e5 si at den type st\u00f8tte er problematisk. For jeg er utrolig takknemlig for det vi har f\u00e5tt. <\/p>\n<p class=\"_paragraph_1bvmi_4 _paragraph_xtcu6_10 layout-component text-serif-m layout-normal text-serif-m layout-padded\">Han mener donasjoner bidrar til debatt og synlighet for flere partier, fordi det koster \u00e5 ha reklameplass. <\/p>\n<p class=\"_paragraph_1bvmi_4 _paragraph_xtcu6_10 layout-component text-serif-m layout-normal text-serif-m layout-padded\"><strong class=\"_strong_1bvmi_25\">\u2013 Det er jo litt interessant at det er f\u00f8rst n\u00e5r det er KrF som har f\u00e5tt litt penger, at dette skal bli s\u00e5 viktig.<\/strong><\/p>\n<p>S\u00e5 mye penger f\u00e5r andre partier<\/p>\n<p class=\"_paragraph_1bvmi_4 _paragraph_xtcu6_10 _paragraph_16v91_10 layout-component text-serif-m layout-normal text-sans-m layout-padded\">Listen viser hvor mye partienes sentrale partiorganisasjon har f\u00e5tt i valgkampbidrag i 2025. <\/p>\n<ul class=\"_list_1bvmi_3 _list_xtcu6_9 _list_16v91_9 _unordered_1bvmi_99 layout-component text-serif-m layout-normal text-sans-m layout-padded\">\n<li class=\"_item_1bvmi_30\">Arbeiderpartiet: 33 millioner<\/li>\n<li class=\"_item_1bvmi_30\">Fremskrittspartiet: 20,6 millioner<\/li>\n<li class=\"_item_1bvmi_30\">H\u00f8yre: 13 millioner<\/li>\n<li class=\"_item_1bvmi_30\">Venstre: 11,5 millioner<\/li>\n<li class=\"_item_1bvmi_30\">Sosialistisk Venstreparti: 10,7 millioner<\/li>\n<\/ul>\n<p class=\"_paragraph_1bvmi_4 _paragraph_xtcu6_10 _paragraph_16v91_10 layout-component text-serif-m layout-normal text-sans-m layout-padded\">Kilde: <a href=\"https:\/\/www.partifinansiering.no\/nb\/\" class=\"_link_1bvmi_39\" rel=\"nofollow noopener\" target=\"_blank\">partifinansering.no<\/a><\/p>\n<p>Vis mer\u2013 De digger deg! <\/p>\n<p class=\"_paragraph_1bvmi_4 _paragraph_xtcu6_10 layout-component text-serif-m layout-normal text-serif-m layout-padded\">Mens VG f\u00f8lger partilederen f\u00e5r han ogs\u00e5 skvist inn en halvtime p\u00e5 standen til KrF i Karl Johans gate i Oslo sentrum. Der skal han hjelpe til \u00e5 hanke inn velgere. Og selvsagt ta seg en vaffel. <\/p>\n<p><img alt=\"\" class=\"_image_qp4xg_65 layout-component layout-left\" data-fullscreen- data-track-element-type=\"Article image fullscreen\" data-track-name=\"ImageFullscreen\" decoding=\"async\" loading=\"lazy\" height=\"5504\" itemprop=\"image\"  src=\"https:\/\/www.europesays.com\/no\/wp-content\/uploads\/2025\/08\/73dd98c9-9fca-41bd-a798-2fdfcf595528\"  style=\"object-position:0% 0%\" width=\"8256\"\/><img alt=\"\" class=\"_image_qp4xg_65 layout-component layout-right\" data-fullscreen- data-track-element-type=\"Article image fullscreen\" data-track-name=\"ImageFullscreen\" decoding=\"async\" loading=\"lazy\" height=\"4965\" itemprop=\"image\"  src=\"https:\/\/www.europesays.com\/no\/wp-content\/uploads\/2025\/08\/6f564843-225f-461b-8793-2d7ea2bc15ad\"  style=\"object-position:0% 0%\" width=\"7447\"\/><\/p>\n<p class=\"_paragraph_1bvmi_4 _paragraph_xtcu6_10 layout-component text-serif-m layout-normal text-serif-m layout-padded\">Det er ingen tvil om at han er popul\u00e6r. Mathias Gjerme (20) sier han har f\u00e5tt flere kompiser til \u00e5 stemme p\u00e5 KrF, blant annet Adam Ansj\u00f8n (20). <\/p>\n<p class=\"_paragraph_1bvmi_4 _paragraph_xtcu6_10 layout-component text-serif-m layout-normal text-serif-m layout-padded\">\u2013 De digger deg! sier Gjerme til Ulstein. <\/p>\n<p><img alt=\"\" class=\"_image_qp4xg_65 layout-component layout-normal\" data-fullscreen- data-track-element-type=\"Article image fullscreen\" data-track-name=\"ImageFullscreen\" decoding=\"async\" loading=\"lazy\" height=\"5504\" itemprop=\"image\"  src=\"https:\/\/www.europesays.com\/no\/wp-content\/uploads\/2025\/08\/b3410885-42fa-4088-9fc0-95ccef1a34c4\"  style=\"object-position:0% 0%\" width=\"8256\"\/><\/p>\n<p class=\"_paragraph_1bvmi_4 _paragraph_xtcu6_10 layout-component text-serif-m layout-normal text-serif-m layout-padded\">Da m\u00e5 VG sp\u00f8rre partilederen: <\/p>\n<p class=\"_paragraph_1bvmi_4 _paragraph_xtcu6_10 layout-component text-serif-m layout-normal text-serif-m layout-padded\">\u2013 Du tror ikke det er deg selv, og din person, som trekker velgere til KrF da? <\/p>\n<p class=\"_paragraph_1bvmi_4 _paragraph_xtcu6_10 layout-component text-serif-m layout-normal text-serif-m layout-padded\">\u2013 Nei, det tror jeg er en veldig ustabil teori. Hvis det skulle v\u00e6re s\u00e5 personavhengig, da hadde du ikke sett en s\u00e5nn driv i hele organisasjonen. <\/p>\n<p>Kan stjele velgere fra H\u00f8yre og Frp<\/p>\n<p class=\"_paragraph_1bvmi_4 _paragraph_xtcu6_10 layout-component text-serif-m layout-normal text-serif-m layout-padded\">Men selv om det ser bra ut for KrF p\u00e5 m\u00e5lingene, er den skumle sperregrensen farlig n\u00e6r. Ulstein sier de hver dag driver valgkamp som om m\u00e5lingene viste 3,8 prosent. <\/p>\n<p class=\"_paragraph_1bvmi_4 _paragraph_xtcu6_10 layout-component text-serif-m layout-normal text-serif-m layout-padded\">For profetien hans er klar: <\/p>\n<p class=\"_paragraph_1bvmi_4 _paragraph_xtcu6_10 layout-component text-serif-m layout-normal text-serif-m layout-padded\"><strong class=\"_strong_1bvmi_25\">\u2013 Det blir ikke regjeringsskifte om ikke vi kommer over sperregrensen. <\/strong><\/p>\n<p><img alt=\"\" class=\"_image_qp4xg_65 layout-component layout-normal\" data-fullscreen- data-track-element-type=\"Article image fullscreen\" data-track-name=\"ImageFullscreen\" decoding=\"async\" loading=\"lazy\" height=\"7591\" itemprop=\"image\"  src=\"https:\/\/www.europesays.com\/no\/wp-content\/uploads\/2025\/08\/ef211824-fee6-4169-8433-1b1e21b37783\"  style=\"object-position:0% 0%\" width=\"5061\"\/><\/p>\n<p class=\"_paragraph_1bvmi_4 _paragraph_xtcu6_10 layout-component text-serif-m layout-normal text-serif-m layout-padded\">Det kan det virke som om flere ogs\u00e5 tror. I en meningsm\u00e5ling gjort av Respons Analyse for VG kommer det frem at 14 prosent av Frp- og H\u00f8yre-velgere14 prosent av Frp- og H\u00f8yre-velgereBlant H\u00f8yre-velgerne er det i alt 18 prosent som sier det kan v\u00e6re sv\u00e6rt eller ganske sannsynlig. Blant Frp-velgerne er det i alt 10 prosent som mener det er sv\u00e6rt eller ganske sannsynlig. Det er 294 respondenter, og dermed en feilmargin opp mot 8-9 prosentpoeng.  sier det er sannsynlig at de vil stemme p\u00e5 Venstre eller KrF for \u00e5 f\u00e5 dem over sperregrensen. <\/p>\n<p class=\"_paragraph_1bvmi_4 _paragraph_xtcu6_10 layout-component text-serif-m layout-normal text-serif-m layout-padded\">\u2013 Oi, det var h\u00f8yt! Det er interessant, da, sier Ulstein n\u00e5r han blir presentert tallene. <\/p>\n<p class=\"_paragraph_1bvmi_4 _paragraph_xtcu6_10 layout-component text-serif-m layout-normal text-serif-m layout-padded\">Han legger til at KrF planlegger \u00e5 stjele stemmer fra alle partier \u2013 ikke bare H\u00f8yre og KrF. <\/p>\n<p><img alt=\"\" class=\"_image_qp4xg_65 layout-component layout-normal\" data-fullscreen- data-track-element-type=\"Article image fullscreen\" data-track-name=\"ImageFullscreen\" decoding=\"async\" loading=\"lazy\" height=\"2708\" itemprop=\"image\"  src=\"https:\/\/www.europesays.com\/no\/wp-content\/uploads\/2025\/08\/fe2ba696-2e2c-42ff-a47d-b1411dff9fc5\"  style=\"object-position:0% 0%\" width=\"4062\"\/><\/p>\n<p class=\"_paragraph_1bvmi_4 _paragraph_xtcu6_10 layout-component text-serif-m layout-normal text-serif-m layout-padded\">\u2013 Hva tenker du om din egen fremtid som partileder, om dere ikke kommer over sperregrensen?<\/p>\n<p class=\"_paragraph_1bvmi_4 _paragraph_xtcu6_10 layout-component text-serif-m layout-normal text-serif-m layout-padded\">\u2013 Det sp\u00f8rsm\u00e5let fikk jeg p\u00e5 Dagsrevyen ogs\u00e5. Da ble jeg litt s\u00e5nn &#8230; Jeg bare tenkte at det hadde jeg ikke tenkt p\u00e5. <\/p>\n<p class=\"_paragraph_1bvmi_4 _paragraph_xtcu6_10 layout-component text-serif-m layout-normal text-serif-m layout-padded\">\u2013 Men selvf\u00f8lgelig s\u00e5 kjenner jeg veldig p\u00e5 et ansvar n\u00e5 p\u00e5 den jobben \u00e5 f\u00e5 partiet over sperregrensen. Ogs\u00e5 har jeg sagt at vi ikke skal ligge og duppe rundt 4 prosent. Vi skal ligge inn mellom 5 og 7 til neste valg. S\u00e5 det er oppdraget. <\/p>\n<p class=\"_paragraph_1bvmi_4 _paragraph_xtcu6_10 layout-component text-serif-m layout-normal text-serif-m layout-padded\">\u2013 S\u00e5 du fortsetter som partileder? <\/p>\n<p class=\"_paragraph_1bvmi_4 _paragraph_xtcu6_10 layout-component text-serif-m layout-normal text-serif-m layout-padded\"><strong class=\"_strong_1bvmi_25\">\u2013 Absolutt. <\/strong><\/p>\n","protected":false},"excerpt":{"rendered":"I 2013 kom den f\u00f8rste Frost-filmen fra Disney, Instagram passerte 100 millioner brukere og i Norge ble Erna&hellip;\n","protected":false},"author":2,"featured_media":21567,"comment_status":"","ping_status":"","sticky":false,"template":"","format":"standard","meta":{"footnotes":""},"categories":[10],"tags":[20,21,2012,24,25,15,260,22,23,13,30,28,29,14,16,199,26,27],"class_list":{"0":"post-21566","1":"post","2":"type-post","3":"status-publish","4":"format-standard","5":"has-post-thumbnail","7":"category-norge","8":"tag-breaking-news","9":"tag-breakingnews","10":"tag-dag-inge-ulstein","11":"tag-featured-news","12":"tag-featurednews","13":"tag-headlines","14":"tag-kristelig-folkeparti-krf","15":"tag-latest-news","16":"tag-latestnews","17":"tag-news","18":"tag-no","19":"tag-norge","20":"tag-norway","21":"tag-nyheter","22":"tag-overskrifter","23":"tag-stortingsvalg","24":"tag-top-stories","25":"tag-topstories"},"share_on_mastodon":{"url":"","error":""},"_links":{"self":[{"href":"https:\/\/www.europesays.com\/no\/wp-json\/wp\/v2\/posts\/21566","targetHints":{"allow":["GET"]}}],"collection":[{"href":"https:\/\/www.europesays.com\/no\/wp-json\/wp\/v2\/posts"}],"about":[{"href":"https:\/\/www.europesays.com\/no\/wp-json\/wp\/v2\/types\/post"}],"author":[{"embeddable":true,"href":"https:\/\/www.europesays.com\/no\/wp-json\/wp\/v2\/users\/2"}],"replies":[{"embeddable":true,"href":"https:\/\/www.europesays.com\/no\/wp-json\/wp\/v2\/comments?post=21566"}],"version-history":[{"count":0,"href":"https:\/\/www.europesays.com\/no\/wp-json\/wp\/v2\/posts\/21566\/revisions"}],"wp:featuredmedia":[{"embeddable":true,"href":"https:\/\/www.europesays.com\/no\/wp-json\/wp\/v2\/media\/21567"}],"wp:attachment":[{"href":"https:\/\/www.europesays.com\/no\/wp-json\/wp\/v2\/media?parent=21566"}],"wp:term":[{"taxonomy":"category","embeddable":true,"href":"https:\/\/www.europesays.com\/no\/wp-json\/wp\/v2\/categories?post=21566"},{"taxonomy":"post_tag","embeddable":true,"href":"https:\/\/www.europesays.com\/no\/wp-json\/wp\/v2\/tags?post=21566"}],"curies":[{"name":"wp","href":"https:\/\/api.w.org\/{rel}","templated":true}]}}