{"id":21580,"date":"2025-08-29T16:00:18","date_gmt":"2025-08-29T16:00:18","guid":{"rendered":"https:\/\/www.europesays.com\/no\/21580\/"},"modified":"2025-08-29T16:00:18","modified_gmt":"2025-08-29T16:00:18","slug":"jessie-j-avlyser-turne-grunnet-kreftdiagnose","status":"publish","type":"post","link":"https:\/\/www.europesays.com\/no\/21580\/","title":{"rendered":"Jessie J avlyser turn\u00e9 grunnet kreftdiagnose"},"content":{"rendered":"\n<p class=\"_lead_1bvmi_2 _lead_xtcu6_50 layout-component text-serif-m layout-normal text-serif-l layout-component layout-wide layout-padded _wide_17hqh_1 layout-padded\">Den britiske sangeren Jessie J (37) har avlyst den amerikanske delen av sin turn\u00e9, og utsatt den europeiske til april 2026.<\/p>\n<p><img alt=\" Foto: Chris Pizzello \/ AP \/ NTB\" class=\"_image_qp4xg_65 layout-component layout-wide\" data-fullscreen- data-track-element-type=\"Article image fullscreen\" data-track-name=\"ImageFullscreen\" fetchpriority=\"high\" decoding=\"sync\" loading=\"eager\" height=\"3280\" itemprop=\"image\"  src=\"https:\/\/www.europesays.com\/no\/wp-content\/uploads\/2025\/08\/ee136768-4767-4bc8-b456-69d22f581469\"  style=\"object-position:0% 0%\" width=\"4928\"\/> Foto: Chris Pizzello \/ AP \/ NTB<\/p>\n<ul aria-hidden=\"true\" class=\"_images_1y6fe_106\">\n<li><a class=\"_link_1y6fe_111\" href=\"https:\/\/www.vg.no\/forfatter\/hannah-solstad-klepp\" style=\"z-index:1\" title=\"Hannah Solstad Klepp\" rel=\"nofollow noopener\" target=\"_blank\"><img alt=\"Bilde av Hannah Solstad Klepp\" class=\"_image_1y6fe_88\" fetchpriority=\"low\" loading=\"lazy\" decoding=\"async\" itemprop=\"image\"  src=\"https:\/\/www.europesays.com\/no\/wp-content\/uploads\/2025\/08\/1756483218_995_f811f9c1-64f7-4c50-9133-b5735831a650\"  width=\"480\"\/><\/a><\/li>\n<\/ul>\n<p> Oppdatert fredag 29. august kl. 07:59     <\/p>\n<p class=\"_paragraph_1bvmi_4 _paragraph_xtcu6_10 layout-component text-serif-m layout-normal text-serif-m layout-padded\">\u00c5rsaken er helseproblemer knyttet til hennes brystkreftbehandling. Det sier hun selv p\u00e5 Instagram.<\/p>\n<p class=\"_paragraph_1bvmi_4 _paragraph_xtcu6_10 layout-component text-serif-m layout-normal text-serif-m layout-padded\">4. juni bekreftet  37-\u00e5ringen at hun hadde blitt <a href=\"https:\/\/www.vg.no\/i\/W0zdbk\" data-track-element-type=\"Link\" data-track-id=\"link:W0zdbk\" class=\"_link_1bvmi_39\" rel=\"nofollow noopener\" target=\"_blank\">diagnostisert med brystkreft<\/a>. <\/p>\n<p class=\"_paragraph_1bvmi_4 _paragraph_xtcu6_10 layout-component text-serif-m layout-normal text-serif-m layout-padded\">\u2013 Jeg kommer til \u00e5 forsvinne en stund etter Summertime Ball for \u00e5 gjennomg\u00e5 operasjon, og jeg kommer tilbake med massive pupper og mer musikk, sier hun med et snev av humor.<\/p>\n<p class=\"_paragraph_1bvmi_4 _paragraph_xtcu6_10 layout-component text-serif-m layout-normal text-serif-m layout-padded\">Summertime Ball er en \u00e5rlig musikkfestival i London som i \u00e5r ble arrangert i 15. juni.<\/p>\n<p><img alt=\"Artisten under Summertime Ball tidligere i \u00e5r.   Foto: Ian West \/ Pa Photos \/ NTB\" class=\"_image_qp4xg_65 layout-component layout-normal\" data-fullscreen- data-track-element-type=\"Article image fullscreen\" data-track-name=\"ImageFullscreen\" decoding=\"async\" loading=\"lazy\" height=\"3856\" itemprop=\"image\"  src=\"https:\/\/www.europesays.com\/no\/wp-content\/uploads\/2025\/08\/4396361d-5e15-4407-9918-6a5dbad9f224\"  style=\"object-position:0% 0%\" width=\"5952\"\/>Artisten under Summertime Ball tidligere i \u00e5r.   Foto: Ian West \/ Pa Photos \/ NTB<\/p>\n<p class=\"_paragraph_1bvmi_4 _paragraph_xtcu6_10 layout-component text-serif-m layout-normal text-serif-m layout-padded\">Tidlig i august ga \u00abPrice Tag\u00bb-sangeren en oppdatering til f\u00f8lgerne sine p\u00e5 Instagram.<\/p>\n<p class=\"_paragraph_1bvmi_4 _paragraph_xtcu6_10 layout-component text-serif-m layout-normal text-serif-m layout-padded\">\u2013 Enda en operasjon n\u00f8dvendig i \u00e5r. Jeg klarer det, skrev hun. <\/p>\n<p class=\"_paragraph_1bvmi_4 _paragraph_xtcu6_10 layout-component text-serif-m layout-normal text-serif-m layout-padded\">\u2013 I stedet for \u00e5 stoppe og forsvinne og vente p\u00e5 at timingen skal v\u00e6re perfekt for \u00e5 gi ut musikk igjen, velger jeg \u00e5 fortsette, fortsatte hun.<\/p>\n<p> \u2013 Jeg beklager s\u00e5 mye<\/p>\n<p class=\"_paragraph_1bvmi_4 _paragraph_xtcu6_10 layout-component text-serif-m layout-normal text-serif-m layout-padded\">Det viser seg at operasjonen hennes kommer p\u00e5 samme tid som hun hadde planlagt turn\u00e9.<\/p>\n<p class=\"_paragraph_1bvmi_4 _paragraph_xtcu6_10 layout-component text-serif-m layout-normal text-serif-m layout-padded\">\u2013 Dessverre m\u00e5 jeg ha en ny operasjon \u2013 ingenting for alvorlig, men det m\u00e5 gj\u00f8res innen \u00e5rets slutt. Dessverre blir det under den planlagte turneen, sier 37-\u00e5ringen p\u00e5 Instagram.<\/p>\n<p class=\"_paragraph_1bvmi_4 _paragraph_xtcu6_10 layout-component text-serif-m layout-normal text-serif-m layout-padded\">\u2013 Jeg beklager s\u00e5 mye, jeg f\u00f8ler meg frustrert og trist, men jeg m\u00e5 bli bedre, jeg m\u00e5 bli frisk, fortsetter hun.<\/p>\n<p class=\"_paragraph_1bvmi_4 _paragraph_xtcu6_10 layout-component text-serif-m layout-normal text-serif-m layout-padded\">Konsertene i Storbritannia og Europa som opprinnelig var planlagt til oktober 2025, flyttes til april 2026. Billettene gjelder fortsatt for de nye datoene. Amerikanske konserter avlyses helt, og billettene refunderes automatisk.<\/p>\n<p class=\"_paragraph_1bvmi_4 _paragraph_xtcu6_10 layout-component text-serif-m layout-normal text-serif-m layout-padded\">Artisten, kjent for hits som \u00abPrice Tag\u00bb og \u00abBang Bang\u00bb, sier hun fortsatt \u00f8nsker \u00e5 turnere i USA, men er usikker p\u00e5 n\u00e5r det kan skje.<\/p>\n<p>Les ogs\u00e5<\/p>\n","protected":false},"excerpt":{"rendered":"Den britiske sangeren Jessie J (37) har avlyst den amerikanske delen av sin turn\u00e9, og utsatt den europeiske&hellip;\n","protected":false},"author":2,"featured_media":21581,"comment_status":"","ping_status":"","sticky":false,"template":"","format":"standard","meta":{"footnotes":""},"categories":[12],"tags":[20,21,24,25,15,703,704,22,23,221,13,30,28,29,14,16,26,27,42,43,44,45],"class_list":{"0":"post-21580","1":"post","2":"type-post","3":"status-publish","4":"format-standard","5":"has-post-thumbnail","7":"category-verden","8":"tag-breaking-news","9":"tag-breakingnews","10":"tag-featured-news","11":"tag-featurednews","12":"tag-headlines","13":"tag-jessie-j","14":"tag-kreftbehandling","15":"tag-latest-news","16":"tag-latestnews","17":"tag-musikk","18":"tag-news","19":"tag-no","20":"tag-norge","21":"tag-norway","22":"tag-nyheter","23":"tag-overskrifter","24":"tag-top-stories","25":"tag-topstories","26":"tag-verden","27":"tag-world","28":"tag-world-news","29":"tag-worldnews"},"share_on_mastodon":{"url":"","error":""},"_links":{"self":[{"href":"https:\/\/www.europesays.com\/no\/wp-json\/wp\/v2\/posts\/21580","targetHints":{"allow":["GET"]}}],"collection":[{"href":"https:\/\/www.europesays.com\/no\/wp-json\/wp\/v2\/posts"}],"about":[{"href":"https:\/\/www.europesays.com\/no\/wp-json\/wp\/v2\/types\/post"}],"author":[{"embeddable":true,"href":"https:\/\/www.europesays.com\/no\/wp-json\/wp\/v2\/users\/2"}],"replies":[{"embeddable":true,"href":"https:\/\/www.europesays.com\/no\/wp-json\/wp\/v2\/comments?post=21580"}],"version-history":[{"count":0,"href":"https:\/\/www.europesays.com\/no\/wp-json\/wp\/v2\/posts\/21580\/revisions"}],"wp:featuredmedia":[{"embeddable":true,"href":"https:\/\/www.europesays.com\/no\/wp-json\/wp\/v2\/media\/21581"}],"wp:attachment":[{"href":"https:\/\/www.europesays.com\/no\/wp-json\/wp\/v2\/media?parent=21580"}],"wp:term":[{"taxonomy":"category","embeddable":true,"href":"https:\/\/www.europesays.com\/no\/wp-json\/wp\/v2\/categories?post=21580"},{"taxonomy":"post_tag","embeddable":true,"href":"https:\/\/www.europesays.com\/no\/wp-json\/wp\/v2\/tags?post=21580"}],"curies":[{"name":"wp","href":"https:\/\/api.w.org\/{rel}","templated":true}]}}