{"id":21618,"date":"2025-08-29T16:36:13","date_gmt":"2025-08-29T16:36:13","guid":{"rendered":"https:\/\/www.europesays.com\/no\/21618\/"},"modified":"2025-08-29T16:36:13","modified_gmt":"2025-08-29T16:36:13","slug":"politikk-vestvagoy-regjeringa-henter-lofoting-til-nytt-utvalg-dette-er-en-stor-oppgave-det-kunne-jeg-ikke-si-nei-til","status":"publish","type":"post","link":"https:\/\/www.europesays.com\/no\/21618\/","title":{"rendered":"Politikk, Vestv\u00e5g\u00f8y | Regjeringa henter lofoting til nytt utvalg: \u2013 Dette er en stor oppgave, det kunne jeg ikke si nei til"},"content":{"rendered":"\n<p>Fredag presenterte regjeringa arbeidet med en reform for framtidig helse- og omsorgstjenester. Det nye helsereformutvalget skal utrede og foresl\u00e5 hvordan helse- og omsorgstjenesten skal organiseres, styres og finansieres i framtida.<\/p>\n<p><b>\u2013 V\u00e5r felles helse- og omsorgstjeneste skal v\u00e6re f\u00f8rstevalget for b\u00e5de innbyggere og medarbeidere. For \u00e5 lykkes med denne ambisjonen m\u00e5 vi ta innover oss viktige utviklingstrekk og erkjenne at vi st\u00e5r overfor store omstillingsbehov i \u00e5rene framover. Vi m\u00e5 v\u00e5ge \u00e5 tenke nytt hvis vi skal ha tjenester i verdensklasse framover, sier helse- og omsorgsminister Jan Christian Vestre (Ap)<\/b><\/p>\n<p>Helseministeren peker p\u00e5 at befolkninga blir eldre \u2013 og at kommunene ogs\u00e5 har utfordringer med \u00e5 rekruttere nok fagfolk. Samtidig opplever pasienter, p\u00e5r\u00f8rende og helsepersonell at tjenestene ikke henger godt nok sammen.<\/p>\n<p>\u2013 Vi vil gjennomf\u00f8re en reform som gj\u00f8r m\u00f8tet med helse- og omsorgstjenesten s\u00f8ml\u00f8st. Skillelinjer, siloer og sementering m\u00e5 bort. Det har vi snakket om i mange \u00e5r. N\u00e5 vil jeg ha konkrete l\u00f8sninger og jeg vil gjennomf\u00f8re endring. Ingen pasienter skal oppleve \u00e5 v\u00e6re kasteballer mellom ulike niv\u00e5er i helse- og omsorgstjenestene. Det er v\u00e5rt ansvar \u00e5 fornye, forsterke og forbedre helse- og omsorgstjenesten v\u00e5r, sier Vestre.<\/p>\n<p>Utvalget skal levere en rapport innen 1. november 2026. Med p\u00e5 laget blir alts\u00e5 en av ordf\u00f8rerne i Lofoten. Jonny Finstad er eneste representant fra Nord-Norge.<\/p>\n<p><b>\u2013 \u00c5 f\u00e5 muligheten til \u00e5 forme framtidenes helsetjeneste er en stor oppgave, og noe jeg ikke kunne takke nei til da jeg ble spurt. Jeg g\u00e5r til arbeidet med \u00e6refrykt, dette er ikke en liten jobb. For meg har det v\u00e6rt en \u00e6re \u00e5 bli spurt, sier Finstad.<\/b><\/p>\n<p>Han setter ogs\u00e5 pris p\u00e5 som H\u00f8yre-ordf\u00f8rer \u00e5 bli spurt om \u00e5 bidra i utvalget til en Ap-statsr\u00e5d. Jonny Finstad tror blant annet erfaringa fra flere runder med sykehuskamp i Lofoten kan komme godt med.<\/p>\n<p>\u2013 Det samme gj\u00f8r erfaringa som ordf\u00f8rer og arbeidet p\u00e5 stortinget tidligere. Jeg h\u00e5per \u00e5 kunne v\u00e6re en viktig stemme for kommunene, sier Vestv\u00e5g\u00f8y-ordf\u00f8reren.<\/p>\n<p>Disse skal utgj\u00f8re utvalget:<\/p>\n<ul>\n<li>Gunnar Bovim, r\u00e5dgiver, Trondheim (Leder)<\/li>\n<li>Somayeh Sadat Bach, leder, Oslo<\/li>\n<li>\u00d8yvind Bakke, administrerende direkt\u00f8r, Oslo<\/li>\n<li>Jonny Finstad, ordf\u00f8rer, Vestv\u00e5g\u00f8y<\/li>\n<li>Lars Erik Flat\u00f8, daglig leder, Gran<\/li>\n<li>Edith Lillian Roth Gjevjon, fagsjef, Nesodden<\/li>\n<li>Marit Hermansen, sjeflege, Grue<\/li>\n<li>Oddvar Martin Kaarb\u00f8e, professor, Bergen<\/li>\n<li>Kjetil Andreas Hognestad Karlsen, klinikksjef, Trondheim<\/li>\n<li>Silje Naustvik, leder, Hamar<\/li>\n<li>Kari S\u00f8nderland, pensjonist, Oslo<\/li>\n<li>Tone Poulsson Torgersen, fagsjef, Oslo<\/li>\n<\/ul>\n<p>            Utvalget skal:<\/p>\n<ul>\n<li>Utrede og foresl\u00e5 ulike modeller for fremtidig organisering, styring og finansiering av en sammenhengende og integrert helse- og omsorgstjeneste i Norge. <\/li>\n<li>Vurdere ansvars- og oppgavefordelingen mellom den kommunale og fylkeskommunale helse- og omsorgstjenesten og spesialisthelsetjenesten.<\/li>\n<li>Vurdere hvordan samarbeid med private akt\u00f8rer kan organiseres p\u00e5 en hensiktsmessig m\u00e5te, for \u00e5 sikre at vi fremdeles skal ha felles og likeverdige skattefinansierte helse- og omsorgstjenester i Norge.<\/li>\n<li>Utarbeide et beslutningsgrunnlag og foresl\u00e5 tiltak som underst\u00f8tter:<\/li>\n<\/ul>\n<ul>\n<li>h\u00f8y kvalitet i helse- og omsorgstjenestene,<\/li>\n<li>likeverdige tjenester over hele landet,<\/li>\n<li>sammenhengende og helhetlige pasientforl\u00f8p,<\/li>\n<li>effektiv oppgavefordeling og ressursbruk mellom de ulike delene av tjenestene<\/li>\n<li>forsterket innsats for folkehelse og god forebygging,<\/li>\n<li>oppfyllelse av pasient- og brukerrettigheter,<\/li>\n<li>valgmuligheter, blant annet fritt sykehusvalg,<\/li>\n<li>p\u00e5r\u00f8rendes rolle,<\/li>\n<li>m\u00e5let om \u00e5 redusere sosial og geografisk ulikhet,<\/li>\n<li>at den offentlige helse- og omsorgstjenesten skal v\u00e6re fagfolkenes foretrukne arbeidssted,<\/li>\n<li>ny teknologi, KI og digitale l\u00f8sninger, samt sikre riktig bruk av menneskelige og teknologiske ressurser,<\/li>\n<li>demokratisk styring av helse- og omsorgstjenesten,<\/li>\n<li>god totalberedskap i hele landet<\/li>\n<\/ul>\n<ul>\n<li>Redegj\u00f8re for \u00f8konomiske, juridiske, administrative, personellmessige og samfunnsmessige konsekvenser av de ulike forslagene.<\/li>\n<\/ul>\n<p>Les mer om: artikkelemnene<\/p>\n","protected":false},"excerpt":{"rendered":"Fredag presenterte regjeringa arbeidet med en reform for framtidig helse- og omsorgstjenester. Det nye helsereformutvalget skal utrede og&hellip;\n","protected":false},"author":2,"featured_media":21619,"comment_status":"","ping_status":"","sticky":false,"template":"","format":"standard","meta":{"footnotes":""},"categories":[10],"tags":[36,20,21,24,25,15,736,22,23,13,30,28,29,14,16,41,1510,26,27,1460],"class_list":{"0":"post-21618","1":"post","2":"type-post","3":"status-publish","4":"format-standard","5":"has-post-thumbnail","7":"category-norge","8":"tag-art","9":"tag-breaking-news","10":"tag-breakingnews","11":"tag-featured-news","12":"tag-featurednews","13":"tag-headlines","14":"tag-helse","15":"tag-latest-news","16":"tag-latestnews","17":"tag-news","18":"tag-no","19":"tag-norge","20":"tag-norway","21":"tag-nyheter","22":"tag-overskrifter","23":"tag-politikk","24":"tag-story","25":"tag-top-stories","26":"tag-topstories","27":"tag-vestvagoy"},"share_on_mastodon":{"url":"","error":""},"_links":{"self":[{"href":"https:\/\/www.europesays.com\/no\/wp-json\/wp\/v2\/posts\/21618","targetHints":{"allow":["GET"]}}],"collection":[{"href":"https:\/\/www.europesays.com\/no\/wp-json\/wp\/v2\/posts"}],"about":[{"href":"https:\/\/www.europesays.com\/no\/wp-json\/wp\/v2\/types\/post"}],"author":[{"embeddable":true,"href":"https:\/\/www.europesays.com\/no\/wp-json\/wp\/v2\/users\/2"}],"replies":[{"embeddable":true,"href":"https:\/\/www.europesays.com\/no\/wp-json\/wp\/v2\/comments?post=21618"}],"version-history":[{"count":0,"href":"https:\/\/www.europesays.com\/no\/wp-json\/wp\/v2\/posts\/21618\/revisions"}],"wp:featuredmedia":[{"embeddable":true,"href":"https:\/\/www.europesays.com\/no\/wp-json\/wp\/v2\/media\/21619"}],"wp:attachment":[{"href":"https:\/\/www.europesays.com\/no\/wp-json\/wp\/v2\/media?parent=21618"}],"wp:term":[{"taxonomy":"category","embeddable":true,"href":"https:\/\/www.europesays.com\/no\/wp-json\/wp\/v2\/categories?post=21618"},{"taxonomy":"post_tag","embeddable":true,"href":"https:\/\/www.europesays.com\/no\/wp-json\/wp\/v2\/tags?post=21618"}],"curies":[{"name":"wp","href":"https:\/\/api.w.org\/{rel}","templated":true}]}}