{"id":21659,"date":"2025-08-29T17:32:08","date_gmt":"2025-08-29T17:32:08","guid":{"rendered":"https:\/\/www.europesays.com\/no\/21659\/"},"modified":"2025-08-29T17:32:08","modified_gmt":"2025-08-29T17:32:08","slug":"hofseth-ber-om-unnskyldning-i-kampens-hete-sier-man-dumme-ting","status":"publish","type":"post","link":"https:\/\/www.europesays.com\/no\/21659\/","title":{"rendered":"Hofseth ber om unnskyldning: \u2013 I kampens hete sier man dumme ting"},"content":{"rendered":"<p><strong>\u2013 Jeg forst\u00e5r at mange har reagert og blitt sinte og lei seg. Jeg ber om unnskyldning, skriver Hofseth i en SMS til Sunnm\u00f8rsposten.<\/strong><\/p>\n<p>Unnskyldningen kommer i kj\u00f8lvatnet av at mange reagerte p\u00e5 et intervju Hofseth hadde gjort i <a href=\"https:\/\/dn.no\" rel=\"noopener nofollow\" target=\"_blank\">Dagens N\u00e6ringsliv<\/a>.<\/p>\n<p><a href=\"https:\/\/www.smp.no\/nyheter\/i\/PpMLJz\/hofseth-hevder-ap-ledelsen-er-blitt-ekstremister-etter-utoeya-kjenner-jeg-blir-rasende-paa-roger\" rel=\"nofollow noopener\" target=\"_blank\"> <img decoding=\"async\" src=\"data:image\/gif;base64,R0lGODlhEAAJAIAAAP\/\/\/wAAACH5BAEAAAAALAAAAAAQAAkAAAIKhI+py+0Po5yUFQA7\" alt=\"\"\/>   Hofseth hevder Ap-ledelsen er blitt ekstremister etter Ut\u00f8ya: \u2013 Kjenner jeg blir rasende p\u00e5 Roger  <\/a> \u2013 Har blitt ekstremister<\/p>\n<p>I intervjuet sa Hofseth at Ap har beveget seg langt til venstre og at det har skjedd som en konsekvens av terrorangrepet p\u00e5 Ut\u00f8ya 22. juli 2011.<\/p>\n<p>\u2013 De er blitt angrepet, angrepet for idealismen sin \u2013 det var venstresiden som skulle rammes. Og da tror jeg de vender seg enda sterkere den andre veien, uttalte han.<\/p>\n<p><strong>\u2013 Det som skjedde med mange av dem som sitter i ledelsen i Arbeiderpartiet er at de er blitt ekstremister p\u00e5 grunn av det de har opplevd.<\/strong><\/p>\n<p>\u2013 Politikerne i Arbeiderpartiet er blitt ekstremister?<\/p>\n<p><strong>\u2013 Ja, de er blitt det, de er s\u00e5 langt til venstre. Det er marxisme, og det har g\u00e5tt for langt, sa Roger Hofseth til DN.<\/strong><\/p>\n<p><a href=\"https:\/\/www.smp.no\/nyheter\/i\/pPwwqw\/moeringene-mener-formuesskatten-er-urettferdig-men-betaler-mindre-enn-landssnittet\" rel=\"nofollow noopener\" target=\"_blank\"> <img decoding=\"async\" src=\"data:image\/gif;base64,R0lGODlhEAAJAIAAAP\/\/\/wAAACH5BAEAAAAALAAAAAAQAAkAAAIKhI+py+0Po5yUFQA7\" alt=\"\"\/>   M\u00f8rin\u00adgene mener formues\u00adskatten er urett\u00adferdig \u2013 men betaler mindre enn lands\u00adsnittet   <\/a> \u2013 Konspiratoriske tanker<\/p>\n<p>Flere Ap-politikere reagerte p\u00e5 Hofseths kommentarer.<\/p>\n<p>Blant andre stortingsrepresentant Per Vidar Kj\u00f8lmoen, fylkessekret\u00e6r Karoline Slinning og tidligere fylkesordf\u00f8rer Line Hoem \u2013 som selv overlevde Ut\u00f8ya-angrepet.<\/p>\n<p><strong>\u2013 Dette er konspiratoriske tanker og holdninger som vi vet finnes der ute. Det er utrolig skremmende at Hofseth n\u00f8rer opp under dette i sitt intervju. Det burde han ikke gjort, sa Hoem til Sunnm\u00f8rsposten.<\/strong><\/p>\n<p>Milliard\u00e6ren, som leder sj\u00f8matselskapet Hofseth International, har st\u00e5tt i spissen for \u00abAksjon for norsk eierskap\u00bb.<\/p>\n<p><strong>Det er en aksjon som har som m\u00e5l \u00e5 f\u00e5 fjernet formuesskatten.<\/strong><\/p>\n<p>Det var denne skatten Dagens N\u00e6ringsliv intervjuet Hofseth om.<\/p>\n<p><a href=\"https:\/\/www.smp.no\/meninger\/kommentar\/i\/OoMPal\/skattekamp-i-motboer\" rel=\"nofollow noopener\" target=\"_blank\"> <img decoding=\"async\" src=\"data:image\/gif;base64,R0lGODlhEAAJAIAAAP\/\/\/wAAACH5BAEAAAAALAAAAAAQAAkAAAIKhI+py+0Po5yUFQA7\" alt=\"\"\/>   Skattekamp i motb\u00f8r  <\/a> Hofseth: \u2013 Lei meg<\/p>\n<p>P\u00e5 oppf\u00f8lgingssp\u00f8rsm\u00e5l fra Sunnm\u00f8rsposten skriver Hofseth i en SMS at han ikke burde ha tatt opp 22. juli.<\/p>\n<p>\u2013 Det er det verste som har skjedd i Norge siden krigen. Og jeg mener ikke Arbeiderpartiet er ekstremister, selv om jeg er uenig i politikken. I kampens hete sier man dumme ting. Som regel g\u00e5r det utover meg selv, men denne gangen gikk det utover noen andre. Det er jeg lei meg for, skriver Hofseth.<\/p>\n<p><a href=\"https:\/\/www.smp.no\/nyheter\/i\/alAy67\/aapner-for-aa-fortsette-kampen-etter-valget\" rel=\"nofollow noopener\" target=\"_blank\"> <img decoding=\"async\" src=\"data:image\/gif;base64,R0lGODlhEAAJAIAAAP\/\/\/wAAACH5BAEAAAAALAAAAAAQAAkAAAIKhI+py+0Po5yUFQA7\" alt=\"\"\/>   \u00c5pner for \u00e5 fortsette kampen etter valget  <\/a> <\/p>\n","protected":false},"excerpt":{"rendered":"\u2013 Jeg forst\u00e5r at mange har reagert og blitt sinte og lei seg. Jeg ber om unnskyldning, skriver&hellip;\n","protected":false},"author":2,"featured_media":21660,"comment_status":"","ping_status":"","sticky":false,"template":"","format":"standard","meta":{"footnotes":""},"categories":[10],"tags":[3622,499,3623,20,21,24,25,15,3620,22,23,13,30,28,29,14,16,1578,2669,26,27,3621,845],"class_list":{"0":"post-21659","1":"post","2":"type-post","3":"status-publish","4":"format-standard","5":"has-post-thumbnail","7":"category-norge","8":"tag-ap","9":"tag-arbeiderpartiet","10":"tag-auf","11":"tag-breaking-news","12":"tag-breakingnews","13":"tag-featured-news","14":"tag-featurednews","15":"tag-headlines","16":"tag-hofseth-international","17":"tag-latest-news","18":"tag-latestnews","19":"tag-news","20":"tag-no","21":"tag-norge","22":"tag-norway","23":"tag-nyheter","24":"tag-overskrifter","25":"tag-per-vidar-kjolmoen","26":"tag-roger-hofseth","27":"tag-top-stories","28":"tag-topstories","29":"tag-utoya","30":"tag-valg-2025"},"share_on_mastodon":{"url":"","error":""},"_links":{"self":[{"href":"https:\/\/www.europesays.com\/no\/wp-json\/wp\/v2\/posts\/21659","targetHints":{"allow":["GET"]}}],"collection":[{"href":"https:\/\/www.europesays.com\/no\/wp-json\/wp\/v2\/posts"}],"about":[{"href":"https:\/\/www.europesays.com\/no\/wp-json\/wp\/v2\/types\/post"}],"author":[{"embeddable":true,"href":"https:\/\/www.europesays.com\/no\/wp-json\/wp\/v2\/users\/2"}],"replies":[{"embeddable":true,"href":"https:\/\/www.europesays.com\/no\/wp-json\/wp\/v2\/comments?post=21659"}],"version-history":[{"count":0,"href":"https:\/\/www.europesays.com\/no\/wp-json\/wp\/v2\/posts\/21659\/revisions"}],"wp:featuredmedia":[{"embeddable":true,"href":"https:\/\/www.europesays.com\/no\/wp-json\/wp\/v2\/media\/21660"}],"wp:attachment":[{"href":"https:\/\/www.europesays.com\/no\/wp-json\/wp\/v2\/media?parent=21659"}],"wp:term":[{"taxonomy":"category","embeddable":true,"href":"https:\/\/www.europesays.com\/no\/wp-json\/wp\/v2\/categories?post=21659"},{"taxonomy":"post_tag","embeddable":true,"href":"https:\/\/www.europesays.com\/no\/wp-json\/wp\/v2\/tags?post=21659"}],"curies":[{"name":"wp","href":"https:\/\/api.w.org\/{rel}","templated":true}]}}