{"id":21681,"date":"2025-08-29T17:50:07","date_gmt":"2025-08-29T17:50:07","guid":{"rendered":"https:\/\/www.europesays.com\/no\/21681\/"},"modified":"2025-08-29T17:50:07","modified_gmt":"2025-08-29T17:50:07","slug":"dette-kan-vi-vente-av-iphone-17","status":"publish","type":"post","link":"https:\/\/www.europesays.com\/no\/21681\/","title":{"rendered":"Dette kan vi vente av iPhone 17"},"content":{"rendered":"<p class=\"kicker t14 tm14 font-NotoSans\" style=\"\">Livsstil<\/p>\n<p>    Apple har invitert til lansering 9. september.\u00a0<\/p>\n<p>\n        En miks av lekkasjer og ubekreftede rykter gj\u00f8r at vi ikke kan vite eksakt hva som blir nyhetene med iPhone 17.<br \/>\n        Apple\n    <\/p>\n<p>Klokken 19.00 norsk tid den 9. september\u00a0ventes iPhone 17-serien \u00e5 bli presentert, n\u00e5r Apple inviterer til arrangementet \u00abAwe dropping\u00bb. ABC Nyheter har samlet bekreftet informasjon og rykter om hva vi har i vente.<\/p>\n<p>Slank Air-modell<\/p>\n<p>Bloomberg-journalist Mark Gurman og flere bransjekilder har lenge antydet at det kommer en helt ny, ultratynn modell \u2013 ofte omtalt som\u00a0iPhone 17 Air\u00a0\u2013 som skal erstatte Plus-varianten.\u00a0<\/p>\n<p>If\u00f8lge\u00a0<a href=\"https:\/\/www.theverge.com\/iphone\/767381\/apple-iphone-17-awe-dropping-launch-what-to-expect?utm_source=chatgpt.com\" target=\"_blank\" rel=\"nofollow noopener\">The Verge<\/a> kan Air-modellen bli rundt\u00a05,5 mm\u00a0tykk, f\u00e5\u00a06,6-tommers ProMotion-skjerm\u00a0og et 48 MP hovedkamera.\u00a0If\u00f8lge flere troverdige rapporter kan iPhone 17 Air bli den f\u00f8rste modellen med Apples egen 5G-modembrikke. Dette er ikke bekreftet av Apple.<\/p>\n<p>Ny skjermtype<\/p>\n<p>Den koreanske bransjeavisen\u00a0The Elec\u00a0skriver at Apple vurderer \u00e5 bruke en ny skjermtype \u2013 LTPO \u2013 i alle iPhone 17-modellene.\u00a0Det betyr at skjermen kan\u00a0justere hvor ofte den oppdaterer seg: Lav oppdateringsfrekvens n\u00e5r bildet st\u00e5r stille (for \u00e5 spare str\u00f8m) og\u00a0helt opp til 120 ganger i sekundet\u00a0n\u00e5r du scroller eller spiller.\u00a0<\/p>\n<p>Da f\u00e5r du\u00a0glattere bevegelse\u00a0(det Apple kaller\u00a0ProMotion\/120 Hz) \u2013 ikke bare p\u00e5 Pro-modellene, men ogs\u00e5 p\u00e5 standardmodellen,\u00a0hvis dette blir faset inn som rapportert.<\/p>\n<p>St\u00f8rre skjerm i standardmodellen<\/p>\n<p>Skjermanalytiker Ross Young mener at\u00a0iPhone 17\u00a0kan f\u00e5 st\u00f8rre skjerm enn forgjengeren, og \u00f8ke til\u00a06,3 tommer \u2013 samme st\u00f8rrelse som Pro-modellen \u2013 if\u00f8lge\u00a0<a href=\"https:\/\/appleinsider.com\/articles\/25\/05\/29\/iphone-17-screen-rumored-to-be-larger-than-iphone-16\" rel=\"nofollow noopener\" target=\"_blank\">AppleInsider<\/a>.\u00a0<\/p>\n<p>Bedre kameraer<\/p>\n<p>P\u00e5 iPhone 17 Pro\/Pro Max ryktes det at\u00a0alle de tre bakkameraene f\u00e5r 48 megapiksler\u00a0\u2013 b\u00e5de vidvinkel, ultravidvinkel og tele. Det betyr at hvert kamera kan fange flere detaljer og at Apple lettere kan bruke digital beskj\u00e6ring med mindre kvalitetstap, slik at bildet ikke faller like raskt i kvalitet.\u00a0<\/p>\n<p>Samtidig peker lekkasjer mot et\u00a0nytt, rektangul\u00e6rt kamerahus\u00a0(en horisontal \u00abbjelke\u00bb) som gir plass til st\u00f8rre sensorer og bedre stabilisering.<\/p>\n<p>Apple-analytiker Ming-Chi Kuo <a href=\"https:\/\/www.macrumors.com\/2024\/01\/04\/kuo-iphone-17-to-feature-24mp-front-facing-camera\/\" target=\"_blank\" rel=\"nofollow noopener\">meldte allerede i januar<\/a> 2024 at hele iPhone 17-serien g\u00e5r til\u00a024 MP frontkamera\u00a0(opp fra 12 MP).\u00a0<\/p>\n<p>Mer minne<\/p>\n<p>        <a itemprop=\"url\" class=\"\" href=\"https:\/\/www.abcnyheter.no\/livsstil\/slik-vil-ai-endre-telefonene-vare\/1151566\" data-k5a-url=\"https:\/\/www.abcnyheter.no\/a\/1151566\" rel=\"nofollow noopener\" target=\"_blank\"><\/p>\n<p>            Slik vil AI endre telefonene v\u00e5re<\/p>\n<p itemprop=\"section\" class=\"section\" data-tag=\"livsstil\">livsstil<\/p>\n<p>        <\/a><\/p>\n<p>Det har v\u00e6rt flere runder om\u00a012 GB RAM\u00a0i iPhone 17-serien. I 2024 sa Kuo at oppgraderingen var\u00a0begrenset til Pro Max. Senere har han og andre kilder \u00e5pnet for\u00a0minst tre\u00a0modeller \u2013 og enkelte hevder\u00a0alle\u00a0f\u00e5r 12 GB.\u00a0<\/p>\n<p>Med andre ord: Mer minne virker sannsynlig, men\u00a0omfanget er uavklart.<\/p>\n<p>Materialer og farger<\/p>\n<p>Pro-modellene er ryktet \u00e5 bytte fra titan til\u00a0aluminium\u00a0i rammen for \u00e5 bli lettere,\u00a0mens den ultratynne\u00a0iPhone 17 Air\u00a0kan bruke\u00a0titan\u00a0(evt. en titan\u2013aluminium-blanding) for stivhet.\u00a0<\/p>\n<p>Ryktene peker p\u00e5 at Apple tester en kobberbasert dampkammerplate (\u00abvapor chamber\u00bb) i iPhone 17 Pro-modellene for \u00e5 spre varme jevnere og holde ytelsen mer stabil under tung belastning. Dette er ikke bekreftet av Apple.<\/p>\n<p>Bloomberg har (via\u00a0<a href=\"https:\/\/www.macrumors.com\/roundup\/iphone-17-pro\/?utm_source=chatgpt.com\" target=\"_blank\" rel=\"nofollow noopener\">MacRumors<\/a>) omtalt to nye farger: Oransje\u00a0for Pro og en\u00a0lys bl\u00e5\u00a0hovedfarge for iPhone 17 Air.\u00a0<\/p>\n<p>N\u00e5r kan telefonene komme i salg?<\/p>\n<p>Basert p\u00e5 m\u00f8nsteret fra tidligere \u00e5rs lanseringer og bransjeoppsummeringer venter flere at\u00a0forh\u00e5ndsbestilling\u00a0\u00e5pner\u00a0fredag 12. september, med\u00a0salgsstart 19. september. Dette er ikke bekreftet av Apple.<\/p>\n<p class=\"italic m-italic\" data-lab-italic=\"italic\">Merk: Opplysningene over bygger p\u00e5 bekreftet eventdato og ellers mer eller mindre samstemte rykter fra bransjekilder. Endelige spesifikasjoner f\u00e5r vi fra scenen 9. september.\u00a0<\/p>\n","protected":false},"excerpt":{"rendered":"Livsstil Apple har invitert til lansering 9. september.\u00a0 En miks av lekkasjer og ubekreftede rykter gj\u00f8r at vi&hellip;\n","protected":false},"author":2,"featured_media":21682,"comment_status":"","ping_status":"","sticky":false,"template":"","format":"standard","meta":{"footnotes":""},"categories":[57],"tags":[30,28,29,65,63,64,66,70,69,67,68],"class_list":{"0":"post-21681","1":"post","2":"type-post","3":"status-publish","4":"format-standard","5":"has-post-thumbnail","7":"category-vitenskap-og-teknologi","8":"tag-no","9":"tag-norge","10":"tag-norway","11":"tag-science","12":"tag-science-and-technology","13":"tag-scienceandtechnology","14":"tag-technology","15":"tag-teknologi","16":"tag-vitenskap","17":"tag-vitenskap-og-teknologi","18":"tag-vitenskapteknologi"},"share_on_mastodon":{"url":"","error":""},"_links":{"self":[{"href":"https:\/\/www.europesays.com\/no\/wp-json\/wp\/v2\/posts\/21681","targetHints":{"allow":["GET"]}}],"collection":[{"href":"https:\/\/www.europesays.com\/no\/wp-json\/wp\/v2\/posts"}],"about":[{"href":"https:\/\/www.europesays.com\/no\/wp-json\/wp\/v2\/types\/post"}],"author":[{"embeddable":true,"href":"https:\/\/www.europesays.com\/no\/wp-json\/wp\/v2\/users\/2"}],"replies":[{"embeddable":true,"href":"https:\/\/www.europesays.com\/no\/wp-json\/wp\/v2\/comments?post=21681"}],"version-history":[{"count":0,"href":"https:\/\/www.europesays.com\/no\/wp-json\/wp\/v2\/posts\/21681\/revisions"}],"wp:featuredmedia":[{"embeddable":true,"href":"https:\/\/www.europesays.com\/no\/wp-json\/wp\/v2\/media\/21682"}],"wp:attachment":[{"href":"https:\/\/www.europesays.com\/no\/wp-json\/wp\/v2\/media?parent=21681"}],"wp:term":[{"taxonomy":"category","embeddable":true,"href":"https:\/\/www.europesays.com\/no\/wp-json\/wp\/v2\/categories?post=21681"},{"taxonomy":"post_tag","embeddable":true,"href":"https:\/\/www.europesays.com\/no\/wp-json\/wp\/v2\/tags?post=21681"}],"curies":[{"name":"wp","href":"https:\/\/api.w.org\/{rel}","templated":true}]}}