{"id":21693,"date":"2025-08-29T18:02:19","date_gmt":"2025-08-29T18:02:19","guid":{"rendered":"https:\/\/www.europesays.com\/no\/21693\/"},"modified":"2025-08-29T18:02:19","modified_gmt":"2025-08-29T18:02:19","slug":"ole-gunnar-solskjaer-besiktas-tyrkisk-raseri-etter-ole-gunnar-solskjaer-sparking-latterlig-2","status":"publish","type":"post","link":"https:\/\/www.europesays.com\/no\/21693\/","title":{"rendered":"Ole Gunnar Solskj\u00e6r, Besiktas | Tyrkisk raseri etter Ole Gunnar Solskj\u00e6r-sparking: \u2013 Latterlig"},"content":{"rendered":"<p> (<a href=\"https:\/\/www.nettavisen.no\" rel=\"nofollow noopener\" target=\"_blank\">Nettavisen<\/a>) <\/p>\n<p>221 dager, som for s\u00e5 vidt er lenge i Besiktas-m\u00e5lstokk, var alt nordm\u00f8ringen fikk i den tyrkiske storklubben f\u00f8r nyheten smalt torsdag om at arbeidsforholdet er over.<\/p>\n<p><b>Se listen over alle Besiktas-trenere siden 2023(!) her:<\/b><\/p>\n<p>            Liste over Besiktas-trenere siden 2023:<\/p>\n<ul>\n<li>\n<p>Ole Gunnar Solskj\u00e6r \u2013 221 dager og 29 kamper<\/p>\n<\/li>\n<li>\n<p>Serdar Topraktepe \u2013 50 dager og ni kamper.<\/p>\n<\/li>\n<li>\n<p>Giovanni van Bronckhorst \u2013 152 dager og 20 kamper.<\/p>\n<\/li>\n<li>\n<p>Serdar Topraktepe \u2013 78 dager og ni kamper.<\/p>\n<\/li>\n<li>\n<p>Fernando Santos \u2013 95 dager og 16 kamper.<\/p>\n<\/li>\n<li>\n<p>Serdar Topraktepe \u2013 19 dager og tre kamper.<\/p>\n<\/li>\n<li>\n<p>R\u0131za \u00c7al\u0131mbay \u2013 41 dager og sju kamper.<\/p>\n<\/li>\n<li>\n<p>Burak Yilmaz \u2013 31 dager og fem kamper.<\/p>\n<\/li>\n<li>\n<p>\u015eenol G\u00fcne\u015f \u2013 343 dager og 41 kamper.<\/p>\n<\/li>\n<\/ul>\n<p>Kilde: Transfermarkt.<\/p>\n<p>Conference League-playoff-tapet mot sveitsiske Lausanne var det som fikk begeret til Besiktas- og klubbpresident Serdal Adali til \u00e5 renne over, og som til syvende og sist kostet Solskj\u00e6r jobben.<\/p>\n<p>\u2013 Jeg synes dette er en avgj\u00f8relse som er veldig urettferdig overfor Ole Gunnar Solskj\u00e6r og Erling Moe.<\/p>\n<p>Det sier Kaan Bayazit, som f\u00f8lger Besiktas sv\u00e6rt tett og driver podkasten \u00abThe Black Eagles\u00bb om klubben, til Nettavisen.<\/p>\n<p><b>Les ogs\u00e5: <a href=\"https:\/\/www.nettavisen.no\/sport\/solskjar-ferdig-i-besiktas\/s\/5-95-2590802\" rel=\"Follow nofollow noopener\" target=\"_blank\">Solskj\u00e6r ferdig i Besiktas<\/a><\/b><\/p>\n<p>   <img decoding=\"async\" width=\"3000\" height=\"2000\" fetchpriority=\"low\"  loading=\"lazy\"  src=\"https:\/\/www.europesays.com\/no\/wp-content\/uploads\/2025\/08\/cueres_scp-mangler_navn_1dq38NYcveU.jpg\" alt=\"Besiktas' head coach Ole Gunnar Solskjaer, gives instructions to his team's players during a Europa Conference League play-off, soccer match between Besiktas and Lausanne-Sport at Tupras stadium, in Istanbul, Turkey, Thursday, Aug. 28, 2025. (Samet Yalcin\/ Dia Photo via AP)\" class=\"brick-c-cFOWSL\" style=\"--brick-image-ratio: 3000 \/ 2000;\"\/><\/p>\n<p>    TAP: Solskj\u00e6r og hans Besiktas tapte 1-0 mot Lausanne.<br \/>\n    Foto: Samet Yalcin\n  <\/p>\n<p>\u2013 En latterlig klubb<\/p>\n<p>Han fyrer l\u00f8s mot klubben, som nok en gang gikk for enkleste l\u00f8sning da det buttet imot.<\/p>\n<p>\u2013 Det er reaksjon\u00e6rt og feigt fra presidenten og klubben.<\/p>\n<p>Ogs\u00e5 p\u00e5 <a href=\"https:\/\/x.com\/Razzerian\/status\/1961166239239426055\" rel=\"Follow nofollow\">X<\/a> g\u00e5r Bayazit hardt ut.<\/p>\n<p>\u2013 En latterlig klubb, skriver han.<\/p>\n<p><b>Les ogs\u00e5: <a href=\"https:\/\/www.nettavisen.no\/sport\/jos-mourinho-har-fatt-sparken-i-fenerbache\/s\/5-95-2591096\" rel=\"Follow nofollow noopener\" target=\"_blank\">Jos\u00e9 Mourinho har f\u00e5tt sparken i Fenerbah\u00e7e<\/a><\/b><\/p>\n<p>Bayazit sier Solskj\u00e6r til en viss grad fikk st\u00f8tte av klubben underveis, men er klar p\u00e5 at nordmannen aldri ble satt opp til \u00e5 kunne levere i kvalifiseringskampene til Europa.<\/p>\n<p>Han peker spesielt p\u00e5 at klubben aldri klarte \u00e5 hente inn en kantspiller, som han mener lenge har v\u00e6rt en \u00e5penbar mangelvare i klubben.<\/p>\n<p>\u2013 Jeg sier ikke at Solskj\u00e6r er uten skyld. Han har gjort noen feil, men n\u00e5r du ser p\u00e5 situasjonen sist uke og i dag, ble han tvunget til \u00e5 spille med tre spillere i forsvar, og det er kun p\u00e5 grunn av mangelen p\u00e5 kantspillere.<\/p>\n<p><b>Slik s\u00e5 det ut da Solkj\u00e6r ble ansatt i januar:<\/b><\/p>\n<p>    Vil du se neste video?<\/p>\n<p>    <a href=\"https:\/\/www.tk.no\/hva-skjer-egentlig-nar-et-skip-legger-til-i-kristiansund\/v\/5-51-1732594\" class=\"recommend-poster\" data-adp-clicklabel=\"video-recommend\" data-adp-clickvalue=\"poster\" rel=\"nofollow noopener\" target=\"_blank\"><br \/>\n      <img decoding=\"async\" width=\"200\" height=\"200\" loading=\"lazy\" src=\"https:\/\/www.europesays.com\/no\/wp-content\/uploads\/2025\/08\/C5474.00_00_20_12.Still001.jpg\" alt=\"\" class=\"brick-c-cFOWSL\" style=\"--brick-image-ratio: 200 \/ 200;\"\/><\/p>\n<p>Hva skjer egentlig n\u00e5r et skip legger til i Kristiansund?1:36<\/p>\n<p>    <\/a><\/p>\n<p>        Tyrkiske fotballfans er ikke i tvil etter at Ole Gunnar Solskj\u00e6r ble klar som ny Besiktas-trener.<br \/>\n        Tok p\u00e5 seg skylden<\/p>\n<p>Solskj\u00e6r hadde treneransvaret i Besiktas siden januar. Da var laget nummer seks p\u00e5 ligatabellen. Under nordmannens ledelse endte det med 4.-plass, som ga kvalifisering til Europa League.<\/p>\n<p>Der ble det stortap mot Sjakhtar Donetsk, og da ogs\u00e5 Conference League-playoffen gikk \u00e5t skogen, fikk Besiktas-ledelsen nok.<\/p>\n<p>\u2013 Vi er ute av Europa, og da er det normalt med kritikk. Samtidig m\u00e5 jeg si at laget er sterkere enn det var i fjor. Jeg gj\u00f8r mitt beste for klubben hver dag, men jeg er ansvarlig for utfallet i dag. Jeg tar p\u00e5 meg skylden, sa Solskj\u00e6r etter kampen.<\/p>\n<p>Det kunne imidlertid ikke forhindre at klubbledelsen valgte \u00e5 svinge \u00f8ksa etter torsdagens skuffelse.<\/p>\n<p>\u2013 Vi har skilt lag med Ole Gunnar Solskj\u00e6r. Kontrakten med treneren er avsluttet etter en beslutning fattet av styret. V\u00e5r styreleder Serdal Adali takket Solskj\u00e6r for hans innsats i et m\u00f8te etterp\u00e5, uttalte Besiktas i pressemeldingen rundt sparkingen.<\/p>\n","protected":false},"excerpt":{"rendered":"(Nettavisen) 221 dager, som for s\u00e5 vidt er lenge i Besiktas-m\u00e5lstokk, var alt nordm\u00f8ringen fikk i den tyrkiske&hellip;\n","protected":false},"author":2,"featured_media":21227,"comment_status":"","ping_status":"","sticky":false,"template":"","format":"standard","meta":{"footnotes":""},"categories":[59],"tags":[36,3638,92,30,28,29,505,83,82,3640,1510,3639,1132],"class_list":{"0":"post-21693","1":"post","2":"type-post","3":"status-publish","4":"format-standard","5":"has-post-thumbnail","7":"category-sport","8":"tag-art","9":"tag-besiktas","10":"tag-fotball","11":"tag-no","12":"tag-norge","13":"tag-norway","14":"tag-ole-gunnar-solskjaer","15":"tag-sport","16":"tag-sports","17":"tag-sportsvarsel","18":"tag-story","19":"tag-super-lig","20":"tag-tyrkia"},"share_on_mastodon":{"url":"","error":""},"_links":{"self":[{"href":"https:\/\/www.europesays.com\/no\/wp-json\/wp\/v2\/posts\/21693","targetHints":{"allow":["GET"]}}],"collection":[{"href":"https:\/\/www.europesays.com\/no\/wp-json\/wp\/v2\/posts"}],"about":[{"href":"https:\/\/www.europesays.com\/no\/wp-json\/wp\/v2\/types\/post"}],"author":[{"embeddable":true,"href":"https:\/\/www.europesays.com\/no\/wp-json\/wp\/v2\/users\/2"}],"replies":[{"embeddable":true,"href":"https:\/\/www.europesays.com\/no\/wp-json\/wp\/v2\/comments?post=21693"}],"version-history":[{"count":0,"href":"https:\/\/www.europesays.com\/no\/wp-json\/wp\/v2\/posts\/21693\/revisions"}],"wp:featuredmedia":[{"embeddable":true,"href":"https:\/\/www.europesays.com\/no\/wp-json\/wp\/v2\/media\/21227"}],"wp:attachment":[{"href":"https:\/\/www.europesays.com\/no\/wp-json\/wp\/v2\/media?parent=21693"}],"wp:term":[{"taxonomy":"category","embeddable":true,"href":"https:\/\/www.europesays.com\/no\/wp-json\/wp\/v2\/categories?post=21693"},{"taxonomy":"post_tag","embeddable":true,"href":"https:\/\/www.europesays.com\/no\/wp-json\/wp\/v2\/tags?post=21693"}],"curies":[{"name":"wp","href":"https:\/\/api.w.org\/{rel}","templated":true}]}}